{"id":9629,"date":"2018-07-20T06:42:21","date_gmt":"2018-07-20T04:42:21","guid":{"rendered":"http:\/\/luocine.fr\/?p=9629"},"modified":"2018-07-06T11:07:48","modified_gmt":"2018-07-06T09:07:48","slug":"et-lamour-aussi-a-besoin-de-repos-drago-jancar","status":"publish","type":"post","link":"https:\/\/luocine.fr\/?p=9629","title":{"rendered":"Et l&rsquo;Amour Aussi A Besoin De Repos   &#8211; Drago JANCAR"},"content":{"rendered":"<p><a href=\"http:\/\/luocine.fr\/wp-content\/uploads\/2018\/05\/repos.jpg\"><img loading=\"lazy\" decoding=\"async\" class=\"alignnone size-full wp-image-9630\" src=\"http:\/\/luocine.fr\/wp-content\/uploads\/2018\/05\/repos.jpg\" alt=\"\" width=\"810\" height=\"1080\" srcset=\"https:\/\/luocine.fr\/wp-content\/uploads\/2018\/05\/repos.jpg 810w, https:\/\/luocine.fr\/wp-content\/uploads\/2018\/05\/repos-225x300.jpg 225w, https:\/\/luocine.fr\/wp-content\/uploads\/2018\/05\/repos-768x1024.jpg 768w\" sizes=\"auto, (max-width: 810px) 100vw, 810px\" \/><\/a><\/p>\n<p>Traduit du slov\u00e8ne par Andr\u00e9e L\u00fcck-Gaye.<\/p>\n<p><a href=\"http:\/\/luocine.fr\/wp-content\/uploads\/2014\/10\/3.jpg\"><img loading=\"lazy\" decoding=\"async\" class=\"size-full wp-image-724 alignleft\" src=\"http:\/\/luocine.fr\/wp-content\/uploads\/2014\/10\/3.jpg\" alt=\"\" width=\"200\" height=\"58\" \/><\/a>Rep\u00e9r\u00e9 chez <a href=\"http:\/\/eeguab.canalblog.com\/archives\/2018\/05\/03\/36297681.html\">Blogart<\/a> , je pensais vraiment tomber sous le charme de ce roman, mais ma lecture fut beaucoup plus laborieuse que la sienne. La construction du roman est originale&#160;: l\u2019auteur scrute cette photo prise pendant la deuxi\u00e8me guerre mondiale et anime ces personnages statiques en leur donnant une personnalit\u00e9 enrichie de ses connaissances historiques.<\/p>\n<p>&nbsp;<\/p>\n<p><a href=\"http:\/\/luocine.fr\/wp-content\/uploads\/2018\/07\/ruerepos.jpg\"><img loading=\"lazy\" decoding=\"async\" class=\"alignnone size-full wp-image-9636\" src=\"http:\/\/luocine.fr\/wp-content\/uploads\/2018\/07\/ruerepos.jpg\" alt=\"\" width=\"1080\" height=\"810\" srcset=\"https:\/\/luocine.fr\/wp-content\/uploads\/2018\/07\/ruerepos.jpg 1080w, https:\/\/luocine.fr\/wp-content\/uploads\/2018\/07\/ruerepos-300x225.jpg 300w, https:\/\/luocine.fr\/wp-content\/uploads\/2018\/07\/ruerepos-768x576.jpg 768w, https:\/\/luocine.fr\/wp-content\/uploads\/2018\/07\/ruerepos-1024x768.jpg 1024w\" sizes=\"auto, (max-width: 1080px) 100vw, 1080px\" \/><\/a><\/p>\n<p>Ce d\u00e9part est vraiment tr\u00e8s int\u00e9ressant\u00a0&#160;: vous voyez ces deux jeune filles, l\u2019une d\u2019elles regarde des hommes en uniforme allemand. Tout le drame de la Slov\u00e9nie est dans ce regard. Voici donc la jeune Slov\u00e8ne, Sonja, qui sait que son amour, Valentin, est dans les ge\u00f4les de la Gestapo qui est dirig\u00e9e par un Slov\u00e8ne, Ludek, fervent militant de l\u2019id\u00e9al Nazi. Il est plus allemand que n\u2019importe quel soldat de la Wehrmacht. Pour cela, il oublie son identit\u00e9 slov\u00e8ne et veut se faire appeler Ludwig. Contre les faveurs de la jeune fille, il acceptera de lib\u00e9rer son amoureux que nous suivrons dans les maquis de la r\u00e9sistance yougoslave. Aux horreurs nazies s\u2019opposent les horreurs des maquisards, la population est broy\u00e9e par des brutes sanguinaires qui se m\u00e9fient de tout le monde. Que reste-t\u2019il de l\u2019\u00e2me d\u2019un peuple lorsque de telles logiques totalitaires se mettent en place&#160;? Pas grand chose, des bribes de po\u00e9sies qui hantent encore les m\u00e9moires et parfois des personnages qui gardent leur humanit\u00e9, mais ils sont si seuls. C\u2019est un roman d\u00e9sesp\u00e9rant et difficile \u00e0 lire car on change souvent de point de vue, les m\u00eames faits se r\u00e9p\u00e8tent racont\u00e9s par des personnages diff\u00e9rents. Et puis parfois, les faits d\u00e9crits sont tout simplement insoutenables, comme les assassinats par les communistes de pauvres gens qui n&rsquo;ont que le tort d&rsquo;\u00eatre l\u00e0 au mauvais moments, comme les tortures dans les ge\u00f4les nazies. Personne n&rsquo;est \u00e0 l&rsquo;abri, surtout quand on commence \u00e0 penser que les espions peuvent \u00eatre partout. Ce roman montre, une fois de plus que lorsque l\u2019horreur s\u2019abat sur un pays personne n\u2019en sort indemne contrairement aux versions officielles construites par les vainqueurs.<\/p>\n<h1>Citations<\/h1>\n<h3>Traitement des prisonniers par les SS<\/h3>\n<h3 id=\"yiv9050395127yMail_cursorElementTracker_1525852496817\">Il s&rsquo;agit de creuser des tombes pour les fusill\u00e9s<\/h3>\n<blockquote>\n<div id=\"yiv9050395127yMail_cursorElementTracker_1525852520133\"><em>L\u00e0 il y a des hommes condamn\u00e9s d\u00e9finitivement qui purgent une peine de prison \u00e7a pourrait se faire. Et les prisonniers de guerre du camp de Melje. Les Anglais&#160;? demanda quelqu&rsquo;un \u00e0 travers un nuage de fum\u00e9e. \u00c7a n&rsquo;ira pas. \u00c7a ne peut absolument pas \u00eatre des Anglais, d&rsquo;apr\u00e8s la convention de Gen\u00e8ve, les prisonniers de guerre anglais ne peuvent pas faire ce travail. Mais on a des Russes, eux, on peut les utiliser.<\/em><\/div>\n<\/blockquote>\n<h3>Un pays en guerre<\/h3>\n<div>\n<blockquote>\n<div id=\"yiv6944185834yMail_cursorElementTracker_1525944686191\"><em>Mais m\u00eame si c&rsquo;\u00e9tait la guerre et si les informations toujours plus mauvaises, parfois m\u00eame terrifiantes se bousculaient, les gens vivaient leur vie de tous les jours. D\u00e8s que les sir\u00e8nes s&rsquo;arr\u00eataient de hurler et des bombes de tomber, ils allaient au th\u00e9\u00e2tre et au cin\u00e9ma ou avant chaque film on passait une revue hebdomadaire, Wochenshau, o\u00f9 des militaires en tanks que d\u00e9boulaient toujours plus superbement dans les plaines polonaises et d\u00e9fendaient la fronti\u00e8re occidentale de l&rsquo;invasion des Barbares, d&rsquo;autres allaient aux expositions \u00e0 Paris et mangeaient des croissants dans les caf\u00e9 en compagnie de femmes, d&rsquo;autres encore faisaient tourner les roues des canons et leurs obus d\u00e9chiraient le ciel nocturne au-dessus de l&rsquo;Allemagne et battaient les avions qui apportaient la mort avec leurs bombes. C&rsquo;\u00e9tait la guerre, en ville, la vie continuait, on obtenait de la nourriture avec des cartes de rationnement, les trafiquants du march\u00e9 noir gagnaient de l&rsquo;argent gr\u00e2ce \u00e0 la viande qu&rsquo;ils rapportaient des fermes environnantes, les bureaux travaillaient impeccablement, les travailleurs continuaient \u00e0 sortir de l&rsquo;usine. On ne savait pas on ne voulait pas savoir ce qui se passait dans les bureaux o\u00f9 aller travailler Ludwig Mischkolnig et Hans Hochbauer ni dans les caves o\u00f9 Johann retroussait ses manches.<\/em><\/div>\n<\/blockquote>\n<\/div>\n<div><\/div>\n<h3>L&rsquo;amour et la guerre<\/h3>\n<div><\/div>\n<blockquote>\n<div><em>L&rsquo;amour triomphe de la distance, l&rsquo;amour triomphe de tout. Sauf de la guerre. La guerre triomphe de tout, m\u00eame de ceux qui se battent. Et de ceux qui attendent que \u00e7a passe.<\/em><\/div>\n<\/blockquote>\n<div><\/div>\n<div>\n<h3 id=\"yiv8304388915yMail_cursorElementTracker_1526460564980\">Le militant le courage en temps de guerre.<\/h3>\n<div><\/div>\n<blockquote><p><em>Avec une mitrailleuse, au-dessus de Vitanje, il avait tenu la position tout un apr\u00e8s-midi dans la neige de sorte qu&rsquo;on avait pu se replier. Un combattant, un fou. Peut-\u00eatre qu&rsquo;il n&rsquo;aurait pas d\u00fb devenir chef du renseignement. Un communiste. Un id\u00e9aliste. Mais entre l&rsquo;id\u00e9alisme et le sadisme, la voie est parfois \u00e9troite, estimait Vasja, le sadique est celui qui sait quel d\u00e9mon il a en lui.<\/em><\/p><\/blockquote>\n<\/div>\n<p>&nbsp;<\/p>\n","protected":false},"excerpt":{"rendered":"<p>Traduit du slov\u00e8ne par Andr\u00e9e L\u00fcck-Gaye. Rep\u00e9r\u00e9 chez Blogart , je pensais vraiment tomber sous le charme de ce roman, mais ma lecture fut beaucoup plus laborieuse que la sienne. La construction du roman est originale&#160;: l\u2019auteur scrute cette photo prise pendant la deuxi\u00e8me guerre mondiale et anime ces personnages statiques en leur donnant une <span class=\"ellipsis\">&hellip;<\/span> <span class=\"more-link-wrap\"><a href=\"https:\/\/luocine.fr\/?p=9629\" class=\"more-link\"><span>Read More &rarr;<\/span><\/a><\/span><\/p>\n","protected":false},"author":822092,"featured_media":0,"comment_status":"open","ping_status":"open","sticky":false,"template":"","format":"standard","meta":{"footnotes":""},"categories":[44,133,96,108,83,49,61,117],"tags":[],"class_list":["post-9629","post","type-post","status-publish","format-standard","hentry","category-3-coquillages","category-amour-et-couple","category-guerre-3945","category-guerre-yougoslavie","category-nazisme","category-roman","category-roman-de-guerre","category-slovenie"],"_links":{"self":[{"href":"https:\/\/luocine.fr\/index.php?rest_route=\/wp\/v2\/posts\/9629","targetHints":{"allow":["GET"]}}],"collection":[{"href":"https:\/\/luocine.fr\/index.php?rest_route=\/wp\/v2\/posts"}],"about":[{"href":"https:\/\/luocine.fr\/index.php?rest_route=\/wp\/v2\/types\/post"}],"author":[{"embeddable":true,"href":"https:\/\/luocine.fr\/index.php?rest_route=\/wp\/v2\/users\/822092"}],"replies":[{"embeddable":true,"href":"https:\/\/luocine.fr\/index.php?rest_route=%2Fwp%2Fv2%2Fcomments&post=9629"}],"version-history":[{"count":0,"href":"https:\/\/luocine.fr\/index.php?rest_route=\/wp\/v2\/posts\/9629\/revisions"}],"wp:attachment":[{"href":"https:\/\/luocine.fr\/index.php?rest_route=%2Fwp%2Fv2%2Fmedia&parent=9629"}],"wp:term":[{"taxonomy":"category","embeddable":true,"href":"https:\/\/luocine.fr\/index.php?rest_route=%2Fwp%2Fv2%2Fcategories&post=9629"},{"taxonomy":"post_tag","embeddable":true,"href":"https:\/\/luocine.fr\/index.php?rest_route=%2Fwp%2Fv2%2Ftags&post=9629"}],"curies":[{"name":"wp","href":"https:\/\/api.w.org\/{rel}","templated":true}]}}