{"id":8425,"date":"2017-08-14T07:01:23","date_gmt":"2017-08-14T05:01:23","guid":{"rendered":"http:\/\/luocine.fr\/?p=8425"},"modified":"2017-08-05T14:43:58","modified_gmt":"2017-08-05T12:43:58","slug":"le-paris-de-modiano-beatrice-commenge","status":"publish","type":"post","link":"https:\/\/luocine.fr\/?p=8425","title":{"rendered":"Le Paris de Modiano                         &#8211; B\u00e9atrice COMMENG\u00c9"},"content":{"rendered":"<p><a href=\"http:\/\/luocine.fr\/wp-content\/uploads\/2017\/07\/20170704_122618.jpg\"><img loading=\"lazy\" decoding=\"async\" class=\"aligncenter size-large wp-image-8426\" src=\"http:\/\/luocine.fr\/wp-content\/uploads\/2017\/07\/20170704_122618-1024x576.jpg\" alt=\"\" width=\"580\" height=\"326\" srcset=\"https:\/\/luocine.fr\/wp-content\/uploads\/2017\/07\/20170704_122618-1024x576.jpg 1024w, https:\/\/luocine.fr\/wp-content\/uploads\/2017\/07\/20170704_122618-300x169.jpg 300w, https:\/\/luocine.fr\/wp-content\/uploads\/2017\/07\/20170704_122618-768x432.jpg 768w\" sizes=\"auto, (max-width: 580px) 100vw, 580px\" \/><\/a><\/p>\n<p>&nbsp;<\/p>\n<p><a href=\"http:\/\/luocine.fr\/wp-content\/uploads\/2014\/10\/4.jpg\"><img loading=\"lazy\" decoding=\"async\" class=\"size-full wp-image-725 alignleft\" src=\"http:\/\/luocine.fr\/wp-content\/uploads\/2014\/10\/4.jpg\" alt=\"\" width=\"200\" height=\"58\" \/><\/a>Une id\u00e9e de lecture que je dois \u00e0 <a href=\"http:\/\/www.netvibes.com\/dashboard\/1?#Livres\">Dominique<\/a>. Je conseille ce livre \u00e0 tous les amoureux et amoureuses de Paris et de Modiano. J&rsquo;ai d\u00e9ambul\u00e9 dans le XVI\u00b0 en lisant ce court essai et j&rsquo;ai cru mettre mes pas dans ceux de B\u00e9atrice Commeng\u00e9 et de Modiano. Ce n&rsquo;est pas un guide touristique m\u00eame si cela permet de visiter Paris d&rsquo;une fa\u00e7on originale, cette auteure sait surtout nous faire comprendre la vie de Modiano et son imp\u00e9rieux besoin d&rsquo;\u00e9crire. Rien n&rsquo;\u00e9tait tr\u00e8s net dans la vie de ce jeune fils d&rsquo;un juif au pass\u00e9 trouble et d&rsquo;une actrice qui laissait souvent son fils en garde dans des lieux insolites. Quand ses parents se sont rencontr\u00e9s, ils habitaient en face de cet endroit rue Sheffer dans le XVI\u00b0&#160;:<\/p>\n<p><a href=\"http:\/\/luocine.fr\/wp-content\/uploads\/2017\/08\/20170704_121548.jpg\"><img loading=\"lazy\" decoding=\"async\" class=\"aligncenter size-large wp-image-8429\" src=\"http:\/\/luocine.fr\/wp-content\/uploads\/2017\/08\/20170704_121548-1024x576.jpg\" alt=\"\" width=\"580\" height=\"326\" srcset=\"https:\/\/luocine.fr\/wp-content\/uploads\/2017\/08\/20170704_121548-1024x576.jpg 1024w, https:\/\/luocine.fr\/wp-content\/uploads\/2017\/08\/20170704_121548-300x169.jpg 300w, https:\/\/luocine.fr\/wp-content\/uploads\/2017\/08\/20170704_121548-768x432.jpg 768w\" sizes=\"auto, (max-width: 580px) 100vw, 580px\" \/><\/a><\/p>\n<p>&nbsp;<\/p>\n<p>Ils ont connu un semblant de vie familiale au 15 quai Conti, et aussi les rigueurs de pensionnats dans lesquels il n&rsquo;\u00e9tait pas heureux. Il a eu le malheur de perdre un fr\u00e8re qui semblait plus fait pour le bonheur que lui. Sinon on peut dire que son oeuvre est le reflet d&rsquo;une ville dont il a connu les beaux quartiers mais aussi les quartiers populaires puisque \u00e0 l&rsquo;\u00e9poque, il en existait encore&#160;: sa v\u00e9ritable demeure c&rsquo;est Paris .<\/p>\n<p><a href=\"http:\/\/luocine.fr\/wp-content\/uploads\/2017\/08\/20170704_120705-e1500214710233.jpg\"><img loading=\"lazy\" decoding=\"async\" class=\"aligncenter size-large wp-image-8430\" src=\"http:\/\/luocine.fr\/wp-content\/uploads\/2017\/08\/20170704_120705-e1500214710233-576x1024.jpg\" alt=\"\" width=\"576\" height=\"1024\" srcset=\"https:\/\/luocine.fr\/wp-content\/uploads\/2017\/08\/20170704_120705-e1500214710233-576x1024.jpg 576w, https:\/\/luocine.fr\/wp-content\/uploads\/2017\/08\/20170704_120705-e1500214710233-169x300.jpg 169w, https:\/\/luocine.fr\/wp-content\/uploads\/2017\/08\/20170704_120705-e1500214710233-768x1365.jpg 768w, https:\/\/luocine.fr\/wp-content\/uploads\/2017\/08\/20170704_120705-e1500214710233.jpg 1836w\" sizes=\"auto, (max-width: 576px) 100vw, 576px\" \/><\/a><\/p>\n<p>&nbsp;<\/p>\n<p>Un Paris citadin mais avec des lignes de fuites qui ont compl\u00e8tement disparu vers une zone entre campagne et banlieue. Enserr\u00e9 dans son corset p\u00e9riph\u00e9rique Paris a perdu ce charme-l\u00e0 et surtout une r\u00e9elle possibilit\u00e9 de s&rsquo;agrandir. Il nous reste les livres de Modiano, cet auteur qui s&rsquo;est appropri\u00e9 ses souvenirs et ceux de ses parents au point o\u00f9 il le dit lui-m\u00eame<\/p>\n<blockquote><p><em>Il n&rsquo;y a jamais eu pour moi ni pr\u00e9sent, ni pass\u00e9. Tout se confond.<\/em><\/p><\/blockquote>\n<h1>Citations<\/h1>\n<h3>Le Paris occup\u00e9 les parents de Modiano<\/h3>\n<blockquote><p><em>J&rsquo;avance jusqu&rsquo;\u00e0 l&rsquo;autre bout de la rue sans passer devant la moindre vitrine -je suis donc forc\u00e9ment passer, me dis-je, devant ce restaurant ou un jeune juif de trente ans (fils d&rsquo;un toscan \u00e9migr\u00e9s \u00e0 Paris apr\u00e8s avoir transit\u00e9 par Salonique, Alexandrie et le Venezuela) et une jeune actrice blonde venu d&rsquo;Anvers, de six ans sa cadette, apprenaient \u00e0 faire connaissance dans un Paris occup\u00e9 par les Allemands, un Paris favorable aux amour pr\u00e9caires, un Paris insolite, o\u00f9 la vie semblait continuer \u00ab&#160;comme avant&#160;\u00bb, avec les m\u00eames rengaines \u00e0 la radio et du monde dans les cin\u00e9mas.<\/em><\/p><\/blockquote>\n","protected":false},"excerpt":{"rendered":"<p>&nbsp; Une id\u00e9e de lecture que je dois \u00e0 Dominique. Je conseille ce livre \u00e0 tous les amoureux et amoureuses de Paris et de Modiano. J&rsquo;ai d\u00e9ambul\u00e9 dans le XVI\u00b0 en lisant ce court essai et j&rsquo;ai cru mettre mes pas dans ceux de B\u00e9atrice Commeng\u00e9 et de Modiano. Ce n&rsquo;est pas un guide touristique <span class=\"ellipsis\">&hellip;<\/span> <span class=\"more-link-wrap\"><a href=\"https:\/\/luocine.fr\/?p=8425\" class=\"more-link\"><span>Read More &rarr;<\/span><\/a><\/span><\/p>\n","protected":false},"author":822092,"featured_media":0,"comment_status":"open","ping_status":"open","sticky":false,"template":"","format":"standard","meta":{"footnotes":""},"categories":[45,22,163,8,24],"tags":[],"class_list":["post-8425","post","type-post","status-publish","format-standard","hentry","category-4-coquillages","category-biographie","category-collaborationresistance","category-essai","category-france"],"_links":{"self":[{"href":"https:\/\/luocine.fr\/index.php?rest_route=\/wp\/v2\/posts\/8425","targetHints":{"allow":["GET"]}}],"collection":[{"href":"https:\/\/luocine.fr\/index.php?rest_route=\/wp\/v2\/posts"}],"about":[{"href":"https:\/\/luocine.fr\/index.php?rest_route=\/wp\/v2\/types\/post"}],"author":[{"embeddable":true,"href":"https:\/\/luocine.fr\/index.php?rest_route=\/wp\/v2\/users\/822092"}],"replies":[{"embeddable":true,"href":"https:\/\/luocine.fr\/index.php?rest_route=%2Fwp%2Fv2%2Fcomments&post=8425"}],"version-history":[{"count":0,"href":"https:\/\/luocine.fr\/index.php?rest_route=\/wp\/v2\/posts\/8425\/revisions"}],"wp:attachment":[{"href":"https:\/\/luocine.fr\/index.php?rest_route=%2Fwp%2Fv2%2Fmedia&parent=8425"}],"wp:term":[{"taxonomy":"category","embeddable":true,"href":"https:\/\/luocine.fr\/index.php?rest_route=%2Fwp%2Fv2%2Fcategories&post=8425"},{"taxonomy":"post_tag","embeddable":true,"href":"https:\/\/luocine.fr\/index.php?rest_route=%2Fwp%2Fv2%2Ftags&post=8425"}],"curies":[{"name":"wp","href":"https:\/\/api.w.org\/{rel}","templated":true}]}}