{"id":8106,"date":"2017-05-24T06:18:11","date_gmt":"2017-05-24T04:18:11","guid":{"rendered":"http:\/\/luocine.fr\/?p=8106"},"modified":"2017-05-23T08:45:30","modified_gmt":"2017-05-23T06:45:30","slug":"g229-jean-philippe-blondel","status":"publish","type":"post","link":"https:\/\/luocine.fr\/?p=8106","title":{"rendered":"G229                        &#8211; Jean Philippe Blondel"},"content":{"rendered":"<p><a href=\"http:\/\/luocine.fr\/wp-content\/uploads\/2017\/05\/20170415_112147.jpg\"><img loading=\"lazy\" decoding=\"async\" class=\"size-large wp-image-8109\" src=\"http:\/\/luocine.fr\/wp-content\/uploads\/2017\/05\/20170415_112147-1024x576.jpg\" alt=\"\" width=\"580\" height=\"326\" srcset=\"https:\/\/luocine.fr\/wp-content\/uploads\/2017\/05\/20170415_112147-1024x576.jpg 1024w, https:\/\/luocine.fr\/wp-content\/uploads\/2017\/05\/20170415_112147-300x169.jpg 300w, https:\/\/luocine.fr\/wp-content\/uploads\/2017\/05\/20170415_112147-768x432.jpg 768w\" sizes=\"auto, (max-width: 580px) 100vw, 580px\" \/><\/a><\/p>\n<blockquote><p><em>\u00catre prof, c&rsquo;est \u00eatre quitt\u00e9 tous les ans, et faire avec.<\/em><\/p><\/blockquote>\n<p><a href=\"http:\/\/luocine.fr\/wp-content\/uploads\/2014\/10\/4.jpg\"><img loading=\"lazy\" decoding=\"async\" class=\"size-full wp-image-725 alignleft\" src=\"http:\/\/luocine.fr\/wp-content\/uploads\/2014\/10\/4.jpg\" alt=\"\" width=\"200\" height=\"58\" \/><\/a><br \/>\nIl est parfait ce roman, je pense que tous les enseignants vont se retrouver dans ces r\u00e9cits qui d\u00e9crivent si bien les heurs et malheurs de ce si beau m\u00e9tier. Pour les autres, il reste cette fa\u00e7on tout en pudeur de raconter le quotidien d&rsquo;un homme de la classe moyenne en France au XXI<sup>e<\/sup> si\u00e8cle. Ce n&rsquo;est ni tragique ni plein d&rsquo;espoir c&rsquo;est juste. Je crois que la fa\u00e7on dont il raconte les diff\u00e9rentes r\u00e9formes de l&rsquo;\u00e9ducation nationale permet de comprendre pourquoi la France n&rsquo;arrive pas \u00e0 d\u00e9coller dans les classements internationaux.<\/p>\n<p>Personne n&rsquo;\u00e9coute ce que les profs ont \u00e0 dire, en revanche ceux qui ont toujours fui l&rsquo;enseignement au coll\u00e8ge ou au lyc\u00e9e pour devenir professeur \u00e0 l&rsquo;universit\u00e9 ou inspecteur concoctent moult r\u00e9formes et s&rsquo;en fichent compl\u00e8tement si celles concoct\u00e9es par eux l&rsquo;ann\u00e9e d&rsquo;avant n&rsquo;a pas encore \u00e9t\u00e9 \u00e9valu\u00e9e. J&rsquo;ai beaucoup souri et j&rsquo;ai \u00e9t\u00e9 \u00e9mue aussi lors de cette rencontre de parents d&rsquo;\u00e9l\u00e8ves o\u00f9 lui, le prof d&rsquo;anglais s\u00fbr de ce qu&rsquo;il \u00e0 dire se rendra compte du pourquoi de la baisse de r\u00e9gime d&rsquo;un certain Mathieu lorsqu&rsquo;il laissera enfin la parole \u00e0 une maman qui \u00e9tait venu lui donner une explication. Le voyage scolaire \u00e0 Londres vaut tous les sketchs comiques, et pourtant plus tard il saura que ce m\u00eame voyage a laiss\u00e9 des souvenirs aux jeunes \u00e9l\u00e8ves. Et pas seulement pour la bi\u00e8re. Un livre sympathique qui r\u00e9concilie avec l&rsquo;enseignement sans en faire un m\u00e9tier digne d&rsquo;un sacerdoce.<\/p>\n<h1>Citations<\/h1>\n<h3>Bien vu&#160;!<\/h3>\n<blockquote><p><em>Il n&rsquo;y a pas si longtemps, il y avait des m\u00e9gots partout. C&rsquo;est fini d\u00e9sormais. Une image, soudain. Moi, dans la cour, en train de fumer avec des \u00e9l\u00e8ves de premi\u00e8re. C&rsquo;est comme de la science-fiction.<\/em><\/p><\/blockquote>\n<h3>Ce que les gens retiennent de vous&#8230;<\/h3>\n<blockquote>\n<div id=\"yiv8161018396yMail_cursorElementTracker_1492075090849\"><em>Un jour, quand j&rsquo;\u00e9tais en sixi\u00e8me, pendant le cours de maths, mon stylo bille bleu m&rsquo;a explos\u00e9 dans la bouche et gicl\u00e9 sur mon pull, mon jean, j&rsquo;\u00e9tais tout bleu, un vrai Schtroumpf&#160;; l&rsquo;autre jour, j&rsquo;ai crois\u00e9 Francis qui \u00e9tait en classe avec moi, c&rsquo;\u00e9tait \u00e0 peu pr\u00e8s la seule anecdote dont il se souvenait \u00e0 mon sujet &#8211; comme quoi notre personnalit\u00e9 tient \u00e0 pas grand chose. Il y a au moins sur terre une personne qui me voit comme Le-mec-qui-mordille-son-stylo-bleu-et-qui-l&rsquo;explose.<\/em><\/div>\n<div>(PS Pour ma meilleure amie je serai toujours celle qui a apport\u00e9 des \u0153ufs durs pour une semaine pour faire des pique-nique, c&rsquo;est vrai mais j&rsquo;aimerais tant qu&rsquo;elle arr\u00eate de le raconter&#160;!)<\/div>\n<\/blockquote>\n<h3>Le voyage \u00e9ducatif<\/h3>\n<div id=\"yiv4043747481yMail_cursorElementTracker_1492098834225\">\n<blockquote><p><em>On imagine des souvenirs inoubliables pour les \u00e9l\u00e8ves, un temps radieux sur Londres\/Oxford\/Bath (appel\u00e9 aussi le triangles des Bermudes des enseignants de langues -ou TBEL pour les initi\u00e9s de l&rsquo;\u00c9duc nat)<\/em><\/p><\/blockquote>\n<\/div>\n<div>\n<h3>\u00a0Et les familles d&rsquo;accueil \u00e0 Londres<\/h3>\n<blockquote>\n<div id=\"yiv2450489986yMail_cursorElementTracker_1492099088783\"><em>On a des probl\u00e8mes.avec les familles. Il faut changer deux \u00e9l\u00e8ves qui dorment sur un Clic Clac dans le salon parce qu&rsquo;il y a d\u00e9j\u00e0 trois Japonais et deux Allemands dans les chambres, et une seule salle de bain. On trouve une solution in extr\u00e9mistes. Ils viennent habiter avec nous, parce que le fils a\u00een\u00e9 de notre h\u00f4tesse doit passer le reste du s\u00e9jour en taule pour trafics divers &#8211; il y a donc une chambre de libre.<\/em><\/div>\n<\/blockquote>\n<\/div>\n<h3>Litt\u00e9raire ou scientifique<\/h3>\n<div>\n<blockquote>\n<div><em>Une premi\u00e8re litt\u00e9raire que tout le monde d\u00e9nigrait d\u00e9j\u00e0 -il y a plus de trente ans maintenant que le scientifique tient le haut du pav\u00e9 et que les litt\u00e9raires sont regard\u00e9s avec un m\u00e9lange de commis\u00e9ration et de m\u00e9pris, on se demande bien ce qu&rsquo;ils pourraient faire apr\u00e8s, les litt\u00e9raires, perp\u00e9tuels inadapt\u00e9s \u00e0 la soci\u00e9t\u00e9 dans laquelle on vit, incapable de calculer, de vendre, d&rsquo;acheter, de revendre, de travers, de sauver le monde, de gu\u00e9rir des patients, cr\u00e9er des machines commerciales un produit s&rsquo;en mettre plein les poches am\u00e9liorer le PIB le PNB ou au moins r\u00e9parer les dents.<\/em><\/div>\n<\/blockquote>\n<\/div>\n","protected":false},"excerpt":{"rendered":"<p>\u00catre prof, c&rsquo;est \u00eatre quitt\u00e9 tous les ans, et faire avec. Il est parfait ce roman, je pense que tous les enseignants vont se retrouver dans ces r\u00e9cits qui d\u00e9crivent si bien les heurs et malheurs de ce si beau m\u00e9tier. Pour les autres, il reste cette fa\u00e7on tout en pudeur de raconter le quotidien <span class=\"ellipsis\">&hellip;<\/span> <span class=\"more-link-wrap\"><a href=\"https:\/\/luocine.fr\/?p=8106\" class=\"more-link\"><span>Read More &rarr;<\/span><\/a><\/span><\/p>\n","protected":false},"author":822092,"featured_media":0,"comment_status":"open","ping_status":"open","sticky":false,"template":"","format":"standard","meta":{"footnotes":""},"categories":[45,7,165,24,4,49],"tags":[],"class_list":["post-8106","post","type-post","status-publish","format-standard","hentry","category-4-coquillages","category-autobiographie","category-enseignement","category-france","category-mes-preferences","category-roman"],"_links":{"self":[{"href":"https:\/\/luocine.fr\/index.php?rest_route=\/wp\/v2\/posts\/8106","targetHints":{"allow":["GET"]}}],"collection":[{"href":"https:\/\/luocine.fr\/index.php?rest_route=\/wp\/v2\/posts"}],"about":[{"href":"https:\/\/luocine.fr\/index.php?rest_route=\/wp\/v2\/types\/post"}],"author":[{"embeddable":true,"href":"https:\/\/luocine.fr\/index.php?rest_route=\/wp\/v2\/users\/822092"}],"replies":[{"embeddable":true,"href":"https:\/\/luocine.fr\/index.php?rest_route=%2Fwp%2Fv2%2Fcomments&post=8106"}],"version-history":[{"count":0,"href":"https:\/\/luocine.fr\/index.php?rest_route=\/wp\/v2\/posts\/8106\/revisions"}],"wp:attachment":[{"href":"https:\/\/luocine.fr\/index.php?rest_route=%2Fwp%2Fv2%2Fmedia&parent=8106"}],"wp:term":[{"taxonomy":"category","embeddable":true,"href":"https:\/\/luocine.fr\/index.php?rest_route=%2Fwp%2Fv2%2Fcategories&post=8106"},{"taxonomy":"post_tag","embeddable":true,"href":"https:\/\/luocine.fr\/index.php?rest_route=%2Fwp%2Fv2%2Ftags&post=8106"}],"curies":[{"name":"wp","href":"https:\/\/api.w.org\/{rel}","templated":true}]}}