{"id":8034,"date":"2017-05-11T07:09:24","date_gmt":"2017-05-11T05:09:24","guid":{"rendered":"http:\/\/luocine.fr\/?p=8034"},"modified":"2017-05-11T08:34:05","modified_gmt":"2017-05-11T06:34:05","slug":"le-bleu-des-abeilles-laura-alcoba","status":"publish","type":"post","link":"https:\/\/luocine.fr\/?p=8034","title":{"rendered":"Le bleu des abeilles      &#8211; Laura ALCOBA"},"content":{"rendered":"<p><a href=\"http:\/\/luocine.fr\/wp-content\/uploads\/2017\/05\/20170326_124844.jpg\"><img loading=\"lazy\" decoding=\"async\" class=\"size-large wp-image-8043 alignleft\" src=\"http:\/\/luocine.fr\/wp-content\/uploads\/2017\/05\/20170326_124844-1024x576.jpg\" alt=\"\" width=\"580\" height=\"326\" srcset=\"https:\/\/luocine.fr\/wp-content\/uploads\/2017\/05\/20170326_124844-1024x576.jpg 1024w, https:\/\/luocine.fr\/wp-content\/uploads\/2017\/05\/20170326_124844-300x169.jpg 300w, https:\/\/luocine.fr\/wp-content\/uploads\/2017\/05\/20170326_124844-768x432.jpg 768w\" sizes=\"auto, (max-width: 580px) 100vw, 580px\" \/><\/a><\/p>\n<p><a href=\"http:\/\/luocine.fr\/wp-content\/uploads\/2014\/10\/4.jpg\"><img loading=\"lazy\" decoding=\"async\" class=\"size-full wp-image-725 alignleft\" src=\"http:\/\/luocine.fr\/wp-content\/uploads\/2014\/10\/4.jpg\" alt=\"\" width=\"200\" height=\"58\" \/><\/a><br \/>\nJ&rsquo;ai lu ce livre gr\u00e2ce ma s\u0153ur , elle avait recherch\u00e9 des lectures sur le th\u00e8me de l&rsquo;exil pour son club de lecture. Elle avait \u00e9t\u00e9 touch\u00e9e par ce r\u00e9cit tout en fra\u00eecheur de cette auteure. Ce sont, me dit elle et je partage son avis, quelques pages vite lues mais qui laissent un souvenir tr\u00e8s agr\u00e9ables. Laura Alcoba se souvient&#160;: quand elle avait 10 ans, elle est arriv\u00e9e \u00e0 Paris (ou presque, exactement dans la cit\u00e9 de la Voie verte au Blanc-Mesnil). Ses parents sont des rescap\u00e9s de la terrible r\u00e9pression qui s&rsquo;est abattue sur les opposante d&rsquo;Argentine en 1976. Son p\u00e8re est en prison et sa m\u00e8re r\u00e9fugi\u00e9e politique en France. Cela pourrait donner un r\u00e9cit plein d&rsquo;amertume et de tristesse sauf que cela est vu par une enfant de 10 ans qui veut absolument r\u00e9ussir son assimilation en France, cela passe par l&rsquo;apprentissage du fran\u00e7ais. Ce petit texte est un r\u00e9gal d&rsquo;observation sur le passage de l&rsquo;espagnol au fran\u00e7ais, la fa\u00e7on dont elle d\u00e9crit les sons nasales devraient aider plus d&rsquo;un professeur de fran\u00e7ais langue \u00e9trang\u00e8re&#160;:<\/p>\n<blockquote><p><em>Les mouvements des l\u00e8vres de tous ces gens qui arrivent \u00e0 cacher des voyelles sous leur nez sans effort aucun, sans y penser, et hop, -an, -un, on, \u00e7a para\u00eet si simple, -en, -uint, oint( &#8230;) que les voyelles sous le nez finissent par me r\u00e9v\u00e9ler tous leurs secrets -qu&rsquo;elles viennent se loger en moi \u00e0 un endroit nouveau, un recoin dont je ne connais pas encore l&rsquo;existence mais qui me r\u00e9v\u00e9lera tout \u00e0 propos de l&rsquo;itin\u00e9raire qu&rsquo;elles ont suivi, celui qu&rsquo;elles suivent chez tous ceux qui les multiplient sans avoir, comme moi, besoin d&rsquo;y penser autant<\/em><\/p><\/blockquote>\n<p>Elle savoure les mots et veut\u00a0\u00e0 tout prix chasser son accent. Il faut aussi toute la fra\u00eecheur de l&rsquo;enfance pour traverser les moments de duret\u00e9 dans une banlieue parisienne peu tendre pour les diff\u00e9rences, m\u00eame si ce n&rsquo;\u00e9tait pas encore les cit\u00e9s avec les violences d&rsquo;aujourd&rsquo;hui ce n&rsquo;est quand m\u00eame pas la vie en rose que l&rsquo;on pourrait imaginer en arrivant d&rsquo;Argentine. J&rsquo;ai souri et j&rsquo;ai mesur\u00e9 l&rsquo;ironie du destin, en 1978, pour une gentille famille de la banlieue parisienne, la trag\u00e9die absolue c&rsquo;est la mort de Claude Fran\u00e7ois dans l&rsquo;Argentine de Laura c&rsquo;est \u00ab&#160;un peu&#160;\u00bb diff\u00e9rent&#160;: la r\u00e9pression a fait pr\u00e8s de <span class=\"nowrap\">30\u00a0000\u00a0\u00ab&#160;disparus&#160;\u00bb<\/span> , <span class=\"nowrap\">15\u00a0000\u00a0fusill\u00e9s<\/span>, <span class=\"nowrap\">9\u00a0000\u00a0prisonniers<\/span> politiques, et <span class=\"nowrap\">1,5\u00a0million<\/span>\u00a0d&rsquo;exil\u00e9s\u00a0pour 30 millions d&rsquo;habitants, ainsi qu&rsquo;au moins 500 b\u00e9b\u00e9s enlev\u00e9s \u00e0 leurs parents&#160;!\u00a0Ce livre est bien un petit moment de fra\u00eecheur, et il fait du bien quand on parle d&rsquo;exil car Laura est toujours positive , cela n&#8217;emp\u00eache pas que le lecteur a, plus d&rsquo;une fois, le c\u0153ur serr\u00e9 pour cette petite fille.<\/p>\n<p>J&rsquo;esp\u00e8re que les abeilles viennent butiner les fleurs aupr\u00e8s desquelles j&rsquo;ai pos\u00e9 ce livre, puisqu&rsquo;il para\u00eet qu&rsquo;elles aiment le bleu. (C&rsquo;est son p\u00e8re qui le lui avait dit avant qu&rsquo;il ne soit arr\u00eat\u00e9 en Argentine)<\/p>\n<h1>Citations<\/h1>\n<h3>le go\u00fbt et les couleurs&#160;!<\/h3>\n<blockquote><p><em>Dans l&rsquo;entr\u00e9e, un portrait de Claude Fran\u00e7ois repose sur une chaise, juste devant le mur tapiss\u00e9 de fleurs roses et blanches o\u00f9 l&rsquo;on va bient\u00f4t l&rsquo;accrocher, comme Nadine me l&rsquo;a expliqu\u00e9. C&rsquo;est sa grand-m\u00e8re qui l&rsquo;a brod\u00e9, au point de croix, dans les m\u00eames tons pastel que le papier fleuri -c&rsquo;est aussi sa grand-m\u00e8re qui a peint le cadre en essayant de reproduire les fleurs de la tapisserie, les p\u00e9tales toujours ouverts vers le visage du chanteur, comme si, sur le cercle de bois qui l&rsquo;entoure,toutes les fleurs poussaient dans sa direction.\u00a0<\/em><\/p><\/blockquote>\n<h3>Le fromage qui pue<\/h3>\n<blockquote><p><em>L&rsquo;essentiel avec le reblochon, c&rsquo;est de ne pas se laisser impressionner. Il y a clairement une difficult\u00e9 de d\u00e9part, cette barri\u00e8re que l&rsquo;odeur du fromage dresse contre le monde ext\u00e9rieur.<\/em><\/p><\/blockquote>\n<h3>Son amour de la langue fran\u00e7aise<\/h3>\n<blockquote><p><em>J&rsquo;aime ces lettres muettes qui ne se laissent pas attraper par la vue, ou alors \u00e0 peine. C&rsquo;est un peu comme si elles ne montraient d&rsquo;elles qu&rsquo;une m\u00e8che de cheveux ou l&rsquo;extr\u00e9mit\u00e9 d&rsquo;un orteil pour se d\u00e9rober aussit\u00f4t. \u00c0 peine aper\u00e7ues, elles se tapissent dans l&rsquo;ombre. \u00c0 moins quelles ne se tiennent en embuscade&#160;? M\u00eame si je ne les entends pas, quand on m&rsquo;adresse la parole, j&rsquo;ai souvent l&rsquo;impression de les voir.<\/em><\/p><\/blockquote>\n<h3>L&rsquo;art \u00e9pistolaire<\/h3>\n<blockquote><p><em>Ce qui est bien, avec les lettres, c&rsquo;est qu&rsquo;on peut tourner les choses comme on veut sans mentir pour autant. Choisir autour de soi, faire en sorte que sur le papier tout soit plus joli.<\/em><\/p><\/blockquote>\n","protected":false},"excerpt":{"rendered":"<p>J&rsquo;ai lu ce livre gr\u00e2ce ma s\u0153ur , elle avait recherch\u00e9 des lectures sur le th\u00e8me de l&rsquo;exil pour son club de lecture. Elle avait \u00e9t\u00e9 touch\u00e9e par ce r\u00e9cit tout en fra\u00eecheur de cette auteure. Ce sont, me dit elle et je partage son avis, quelques pages vite lues mais qui laissent un souvenir <span class=\"ellipsis\">&hellip;<\/span> <span class=\"more-link-wrap\"><a href=\"https:\/\/luocine.fr\/?p=8034\" class=\"more-link\"><span>Read More &rarr;<\/span><\/a><\/span><\/p>\n","protected":false},"author":822092,"featured_media":0,"comment_status":"open","ping_status":"open","sticky":false,"template":"","format":"standard","meta":{"footnotes":""},"categories":[45,162,7,95,24,158,4,49],"tags":[],"class_list":["post-8034","post","type-post","status-publish","format-standard","hentry","category-4-coquillages","category-argentine","category-autobiographie","category-exil","category-france","category-immigration","category-mes-preferences","category-roman"],"_links":{"self":[{"href":"https:\/\/luocine.fr\/index.php?rest_route=\/wp\/v2\/posts\/8034","targetHints":{"allow":["GET"]}}],"collection":[{"href":"https:\/\/luocine.fr\/index.php?rest_route=\/wp\/v2\/posts"}],"about":[{"href":"https:\/\/luocine.fr\/index.php?rest_route=\/wp\/v2\/types\/post"}],"author":[{"embeddable":true,"href":"https:\/\/luocine.fr\/index.php?rest_route=\/wp\/v2\/users\/822092"}],"replies":[{"embeddable":true,"href":"https:\/\/luocine.fr\/index.php?rest_route=%2Fwp%2Fv2%2Fcomments&post=8034"}],"version-history":[{"count":0,"href":"https:\/\/luocine.fr\/index.php?rest_route=\/wp\/v2\/posts\/8034\/revisions"}],"wp:attachment":[{"href":"https:\/\/luocine.fr\/index.php?rest_route=%2Fwp%2Fv2%2Fmedia&parent=8034"}],"wp:term":[{"taxonomy":"category","embeddable":true,"href":"https:\/\/luocine.fr\/index.php?rest_route=%2Fwp%2Fv2%2Fcategories&post=8034"},{"taxonomy":"post_tag","embeddable":true,"href":"https:\/\/luocine.fr\/index.php?rest_route=%2Fwp%2Fv2%2Ftags&post=8034"}],"curies":[{"name":"wp","href":"https:\/\/api.w.org\/{rel}","templated":true}]}}