{"id":7838,"date":"2017-03-22T07:06:10","date_gmt":"2017-03-22T06:06:10","guid":{"rendered":"http:\/\/luocine.fr\/?p=7838"},"modified":"2017-03-21T22:10:30","modified_gmt":"2017-03-21T21:10:30","slug":"un-roman-russe-emmanuel-carrere","status":"publish","type":"post","link":"https:\/\/luocine.fr\/?p=7838","title":{"rendered":"Un roman russe   &#8211; Emmanuel CARRERE"},"content":{"rendered":"<p><a href=\"http:\/\/luocine.fr\/wp-content\/uploads\/2014\/10\/2.jpg\"><img loading=\"lazy\" decoding=\"async\" class=\"aligncenter size-large wp-image-7839\" src=\"http:\/\/luocine.fr\/wp-content\/uploads\/2017\/02\/20170219_144756-1024x576.jpg\" alt=\"\" width=\"580\" height=\"326\" srcset=\"https:\/\/luocine.fr\/wp-content\/uploads\/2017\/02\/20170219_144756-1024x576.jpg 1024w, https:\/\/luocine.fr\/wp-content\/uploads\/2017\/02\/20170219_144756-300x169.jpg 300w, https:\/\/luocine.fr\/wp-content\/uploads\/2017\/02\/20170219_144756-768x432.jpg 768w\" sizes=\"auto, (max-width: 580px) 100vw, 580px\" \/><img loading=\"lazy\" decoding=\"async\" class=\"size-full wp-image-723 alignleft\" src=\"http:\/\/luocine.fr\/wp-content\/uploads\/2014\/10\/2.jpg\" alt=\"\" width=\"200\" height=\"58\" \/><\/a>\u00a0Je ne sais pas depuis quand ce roman \u00e9tait dans ma biblioth\u00e8que ni qui l&rsquo;y a mis. Je n&rsquo;ai pas souvenir d&rsquo;avoir voulu le lire, mais c&rsquo;est chose faite. Est-ce un roman&#160;? un essai&#160;? une autofiction&#160;? Je ne peux pas r\u00e9pondre \u00e0 ces questions, tout ce que je peux dire c&rsquo;est que rarement un \u00e9crivain aura fait de lui-m\u00eame un portrait plus d\u00e9plaisant. En le lisant, je me disais&#160;: <em>\u00ab&#160;quel est le malheur plus grand que de n&rsquo;\u00eatre pas aim\u00e9&#160;?, de ne pas aimer soi-m\u00eame&#160;?&#160;\u00bb<\/em> et bien j&rsquo;ai trouv\u00e9 la r\u00e9ponse <em>\u00ab&#160;d&rsquo;\u00eatre aim\u00e9 par un \u00e9crivain \u00e0 l&rsquo;esprit tortur\u00e9&#160;!&#160;\u00bb<\/em>. Car ce \u00ab&#160;roman russe&#160;\u00bb raconte la vie d&rsquo;Emmanuel Carr\u00e8re, sa m\u00e8re, son grand p\u00e8re russe et collaborateur des nazis, et l&rsquo;amour d&rsquo; Emmanuel pour une pauvre Sophie qui doit \u00eatre bien triste de l&rsquo;avoir aim\u00e9. Lui qui, lorsqu&rsquo;il est angoiss\u00e9 a de l\u2019herp\u00e8s sur le pr\u00e9puce. Ne soyez pas \u00e9tonn\u00e9 que je connaisse ce fait si important, il est dans son roman comme tant d&rsquo;autres d\u00e9tails dont je me serai volontiers pass\u00e9e. Donc, on conna\u00eet tout de ses petitesses dans sa conduite amoureuse, le clou de l&rsquo;ignominie c&rsquo;est lorsqu&rsquo;il lui offre exactement la m\u00eame bague que Jean-Claude Romand avait offert \u00e0 sa femme et qu&rsquo;il l&#8217;emm\u00e8ne le soir m\u00eame une adaptation de son livre \u00ab&#160;L&rsquo;adversaire&#160;\u00bb qui raconte justement les meurtres de Romand. Est-ce que je rejette tout de ce livre&#160;? je me dis qu&rsquo;il lui a permis peut-\u00eatre de se reconstruire en \u00e9talant ainsi les c\u00f4t\u00e9s les plus d\u00e9s\u00e9quilibr\u00e9s de son \u00eatre et des failles de sa famille. Je trouve aussi que la partie russe r\u00e9sonne assez juste, mais ce dont je suis certaine c&rsquo;est que si j&rsquo;avais commenc\u00e9 par la lecture de ce livre je n&rsquo;aurais plus jamais ouvert un livre de cet auteur.<\/p>\n<h1>Citations<\/h1>\n<h3>Autoportrait peu flatteur<\/h3>\n<blockquote><p><em>La plupart de mes amis s&rsquo;adonnent \u00e0 des activit\u00e9s artistiques, et s&rsquo;ils n&rsquo;\u00e9crivent pas de livres ou ne r\u00e9alisent pas de films, s&rsquo;ils travaillent par exemple dans l&rsquo;\u00e9dition cela veut dire qu&rsquo;ils dirigent une maison d&rsquo;\u00e9dition. L\u00e0 o\u00f9 je suis, moi copain avec le patron, elle l&rsquo;est avec la standardiste. Elle fait partie, et ses amis comme elle, de la population qui prend chaque matin le m\u00e9tro pour aller au bureau, qui a une carte orange, des tickets restaurants, qui envoie des CV et qui pose des cong\u00e9s. Je l&rsquo;aime, mais je n&rsquo;aime pas ses amis, je ne suis pas \u00e0 l&rsquo;aise dans son monde, qui est celui du salariat modeste, des gens qui disent \u00ab&#160;sur Paris&#160;\u00bb et qui partent \u00e0 Marrakech avec le comit\u00e9 d&rsquo;entreprise. J&rsquo;ai bien conscience que ces jugements me jugent, et qu&rsquo;ils tracent de moi un portrait d\u00e9plaisant.<\/em><\/p><\/blockquote>\n<h3>Jugement du principal protagoniste du film Retour \u00e0 Kotelnitch<\/h3>\n<blockquote><p><em>C&rsquo;est bien&#160;: et ce que je trouve surtout bien, c&rsquo;est que tu parles de ton grand p\u00e8re, de ton histoire \u00e0 toi. Tu n&rsquo;es pas seulement venu prendre notre malheur \u00e0 nous, tu as apport\u00e9 le tien.\u00c7a, \u00e7a me pla\u00eet.<br \/>\n<\/em><\/p><\/blockquote>\n","protected":false},"excerpt":{"rendered":"<p>\u00a0Je ne sais pas depuis quand ce roman \u00e9tait dans ma biblioth\u00e8que ni qui l&rsquo;y a mis. Je n&rsquo;ai pas souvenir d&rsquo;avoir voulu le lire, mais c&rsquo;est chose faite. Est-ce un roman&#160;? un essai&#160;? une autofiction&#160;? Je ne peux pas r\u00e9pondre \u00e0 ces questions, tout ce que je peux dire c&rsquo;est que rarement un \u00e9crivain <span class=\"ellipsis\">&hellip;<\/span> <span class=\"more-link-wrap\"><a href=\"https:\/\/luocine.fr\/?p=7838\" class=\"more-link\"><span>Read More &rarr;<\/span><\/a><\/span><\/p>\n","protected":false},"author":822092,"featured_media":0,"comment_status":"open","ping_status":"open","sticky":false,"template":"","format":"standard","meta":{"footnotes":""},"categories":[44,133,7,85,24,6],"tags":[],"class_list":["post-7838","post","type-post","status-publish","format-standard","hentry","category-3-coquillages","category-amour-et-couple","category-autobiographie","category-communisme","category-france","category-memoires"],"_links":{"self":[{"href":"https:\/\/luocine.fr\/index.php?rest_route=\/wp\/v2\/posts\/7838","targetHints":{"allow":["GET"]}}],"collection":[{"href":"https:\/\/luocine.fr\/index.php?rest_route=\/wp\/v2\/posts"}],"about":[{"href":"https:\/\/luocine.fr\/index.php?rest_route=\/wp\/v2\/types\/post"}],"author":[{"embeddable":true,"href":"https:\/\/luocine.fr\/index.php?rest_route=\/wp\/v2\/users\/822092"}],"replies":[{"embeddable":true,"href":"https:\/\/luocine.fr\/index.php?rest_route=%2Fwp%2Fv2%2Fcomments&post=7838"}],"version-history":[{"count":0,"href":"https:\/\/luocine.fr\/index.php?rest_route=\/wp\/v2\/posts\/7838\/revisions"}],"wp:attachment":[{"href":"https:\/\/luocine.fr\/index.php?rest_route=%2Fwp%2Fv2%2Fmedia&parent=7838"}],"wp:term":[{"taxonomy":"category","embeddable":true,"href":"https:\/\/luocine.fr\/index.php?rest_route=%2Fwp%2Fv2%2Fcategories&post=7838"},{"taxonomy":"post_tag","embeddable":true,"href":"https:\/\/luocine.fr\/index.php?rest_route=%2Fwp%2Fv2%2Ftags&post=7838"}],"curies":[{"name":"wp","href":"https:\/\/api.w.org\/{rel}","templated":true}]}}