{"id":7526,"date":"2017-02-20T07:21:52","date_gmt":"2017-02-20T06:21:52","guid":{"rendered":"http:\/\/luocine.fr\/?p=7526"},"modified":"2017-02-19T11:36:52","modified_gmt":"2017-02-19T10:36:52","slug":"eclipses-japonaises-eric-faye","status":"publish","type":"post","link":"https:\/\/luocine.fr\/?p=7526","title":{"rendered":"\u00c9clipses Japonaises                                  -\u00c9ric FAYE"},"content":{"rendered":"<p><a href=\"http:\/\/luocine.fr\/wp-content\/uploads\/2014\/10\/4.jpg\"><img loading=\"lazy\" decoding=\"async\" class=\"aligncenter size-large wp-image-7553\" src=\"http:\/\/luocine.fr\/wp-content\/uploads\/2017\/02\/20170105_110400-1024x576.jpg\" alt=\"\" width=\"580\" height=\"326\" srcset=\"https:\/\/luocine.fr\/wp-content\/uploads\/2017\/02\/20170105_110400-1024x576.jpg 1024w, https:\/\/luocine.fr\/wp-content\/uploads\/2017\/02\/20170105_110400-300x169.jpg 300w, https:\/\/luocine.fr\/wp-content\/uploads\/2017\/02\/20170105_110400-768x432.jpg 768w\" sizes=\"auto, (max-width: 580px) 100vw, 580px\" \/><img loading=\"lazy\" decoding=\"async\" class=\"size-full wp-image-725 alignleft\" src=\"http:\/\/luocine.fr\/wp-content\/uploads\/2014\/10\/4.jpg\" alt=\"\" width=\"200\" height=\"58\" \/><\/a><br \/>\nCe livre a obtenu un coup de c\u0153ur de notre club et je comprends pourquoi. C&rsquo;est un livre d&rsquo;une lecture \u00e9prouvante car il met en sc\u00e8ne, dans un essai romanc\u00e9, certaines horreurs de notre humanit\u00e9 et le plus insupportable, c&rsquo;est qu&rsquo;on sait que cela continue encore et encore, la Cor\u00e9e du Nord est, en effet, capable du pire. C&rsquo;est une partie du pire dont il s&rsquo;agit ici&#160;: pour des raisons assez obscures, des assassins de Cor\u00e9e du Nord, en 1970, ont enlev\u00e9 des Japonais pour les emmener et les retenir dans l&rsquo;enfer de leurs pays. Certains seront employ\u00e9s pour apprendre le japonais \u00e0 des terroristes qui s\u00e9viront sous une fausse identit\u00e9 japonaise dans le monde entier. Une terroriste\u00a0qui avouera la responsabilit\u00e9 du <a href=\"https:\/\/fr.wikipedia.org\/wiki\/Vol_858_Korean_Air\">krach vol 858 en 1987 <\/a>\u00a0expliquera qu&rsquo;une jeune japonaise lui avait appris la langue et la culture du Japon. Il y a aussi le cas du GI am\u00e9ricain, Charles R. Jenkins, qui de son plein gr\u00e9 partira en Cor\u00e9e du Nord, il en reviendra 36 ans plus tard. Son t\u00e9moignage a beaucoup aid\u00e9 Eric Faye pour la r\u00e9daction de ce livre.<\/p>\n<p>Avec un talent et une d\u00e9licatesse incroyables l&rsquo;auteur d\u00e9crit la douleur de ceux qui ont vu dispara\u00eetre leur proche au Japon et l&rsquo;horreur du destin de ces pauvres Japonais qui ne comprenaient rien \u00e0 ce qui leur arrivait\u00a0en arrivant aux pays des fous criminels. Et \u00e0 travers tous ces drames, la vie en Cor\u00e9e du Nord nous appara\u00eet dans son absurdit\u00e9 la plus cruelle que l&rsquo;homme puisse imaginer. J&rsquo;ai vraiment du mal \u00e0 comprendre pourquoi le monde entier ne se mobilise pas pour d\u00e9livrer ce peuple de la main mise du plus f\u00e9roce et implacable des dictateurs.<\/p>\n<h1>Citations<\/h1>\n<h3>Le malheur de la m\u00e8re dont on a enlev\u00e9 la fillette de 12 ans<\/h3>\n<blockquote>\n<p style=\"padding-left: 30px;\"><em>\u00c0 chaque pas, il semblait \u00e0 cette m\u00e8re orpheline retrouver un nouveau mot de la derni\u00e8re conversation avec sa fille. Et \u00e0 chaque fois qu&rsquo;elle pensait \u00e0 un mot pr\u00e9cis, elle le pla\u00e7ait sous le microscope de la culpabilit\u00e9.<\/em><\/p>\n<p style=\"padding-left: 30px;\"><em>C&rsquo;\u00e9tait une coupable qui allait errant dans les rues de Niigata. R\u00e9guli\u00e8rement, \u00e0 l&rsquo;heure de sortie des coll\u00e8ges, Elle voyait sa fille devant elle et pressait le pas pour la rattraper, puis d\u00e9passait une inconnue en conc\u00e9dant son erreur. Elle ne voulait laisser aucune place au doute, si bien qu&rsquo;elle pr\u00e9f\u00e9rait mille de ces menues d\u00e9faites \u00e0 une seule incertitude.<\/em><\/p>\n<\/blockquote>\n<h3>L&rsquo;horreur de la r\u00e9pression en Cor\u00e9e du Nord<\/h3>\n<blockquote><p><em>Le camp couvre toute une r\u00e9gion de montagnes, et dans les cl\u00f4tures qui le d\u00e9limitent circule un courant continu. Le camp rec\u00e8le un centre de d\u00e9tention souterrain. Une prison dans la prison, ou plut\u00f4t sous la prison, dont les d\u00e9tenus ne voient jamais le jour et dont les gardiens ont ordre de ne jamais parler&#8230;. Le couloir que je devais surveiller comptait une quinzaine de cellules d&rsquo;isolement, \u00e9clair\u00e9es tout le temps par une ampoule au plafond et tout juste assez longues pour qu&rsquo;un homme s&rsquo;y tienne allong\u00e9, \u00e0 une temp\u00e9rature constante, dans une humidit\u00e9 qui d\u00e9t\u00e9riore tout, la peau, la sant\u00e9.<\/em><\/p><\/blockquote>\n","protected":false},"excerpt":{"rendered":"<p>Ce livre a obtenu un coup de c\u0153ur de notre club et je comprends pourquoi. C&rsquo;est un livre d&rsquo;une lecture \u00e9prouvante car il met en sc\u00e8ne, dans un essai romanc\u00e9, certaines horreurs de notre humanit\u00e9 et le plus insupportable, c&rsquo;est qu&rsquo;on sait que cela continue encore et encore, la Cor\u00e9e du Nord est, en effet, <span class=\"ellipsis\">&hellip;<\/span> <span class=\"more-link-wrap\"><a href=\"https:\/\/luocine.fr\/?p=7526\" class=\"more-link\"><span>Read More &rarr;<\/span><\/a><\/span><\/p>\n","protected":false},"author":822092,"featured_media":0,"comment_status":"open","ping_status":"open","sticky":false,"template":"","format":"standard","meta":{"footnotes":""},"categories":[45,85,8,24,4,49,127],"tags":[],"class_list":["post-7526","post","type-post","status-publish","format-standard","hentry","category-4-coquillages","category-communisme","category-essai","category-france","category-mes-preferences","category-roman","category-terrorisme"],"_links":{"self":[{"href":"https:\/\/luocine.fr\/index.php?rest_route=\/wp\/v2\/posts\/7526","targetHints":{"allow":["GET"]}}],"collection":[{"href":"https:\/\/luocine.fr\/index.php?rest_route=\/wp\/v2\/posts"}],"about":[{"href":"https:\/\/luocine.fr\/index.php?rest_route=\/wp\/v2\/types\/post"}],"author":[{"embeddable":true,"href":"https:\/\/luocine.fr\/index.php?rest_route=\/wp\/v2\/users\/822092"}],"replies":[{"embeddable":true,"href":"https:\/\/luocine.fr\/index.php?rest_route=%2Fwp%2Fv2%2Fcomments&post=7526"}],"version-history":[{"count":0,"href":"https:\/\/luocine.fr\/index.php?rest_route=\/wp\/v2\/posts\/7526\/revisions"}],"wp:attachment":[{"href":"https:\/\/luocine.fr\/index.php?rest_route=%2Fwp%2Fv2%2Fmedia&parent=7526"}],"wp:term":[{"taxonomy":"category","embeddable":true,"href":"https:\/\/luocine.fr\/index.php?rest_route=%2Fwp%2Fv2%2Fcategories&post=7526"},{"taxonomy":"post_tag","embeddable":true,"href":"https:\/\/luocine.fr\/index.php?rest_route=%2Fwp%2Fv2%2Ftags&post=7526"}],"curies":[{"name":"wp","href":"https:\/\/api.w.org\/{rel}","templated":true}]}}