{"id":7469,"date":"2017-02-13T06:48:57","date_gmt":"2017-02-13T05:48:57","guid":{"rendered":"http:\/\/luocine.fr\/?p=7469"},"modified":"2017-02-12T15:56:26","modified_gmt":"2017-02-12T14:56:26","slug":"profession-du-pere-sorj-chalandon","status":"publish","type":"post","link":"https:\/\/luocine.fr\/?p=7469","title":{"rendered":"Profession du p\u00e8re                         &#8211; Sorj Chalandon"},"content":{"rendered":"<p><a href=\"http:\/\/luocine.fr\/wp-content\/uploads\/2014\/10\/4.jpg\"><img loading=\"lazy\" decoding=\"async\" class=\"aligncenter size-large wp-image-7470\" src=\"http:\/\/luocine.fr\/wp-content\/uploads\/2016\/12\/20161225_115858-1024x576.jpg\" alt=\"\" width=\"580\" height=\"326\" srcset=\"https:\/\/luocine.fr\/wp-content\/uploads\/2016\/12\/20161225_115858-1024x576.jpg 1024w, https:\/\/luocine.fr\/wp-content\/uploads\/2016\/12\/20161225_115858-300x169.jpg 300w, https:\/\/luocine.fr\/wp-content\/uploads\/2016\/12\/20161225_115858-768x432.jpg 768w\" sizes=\"auto, (max-width: 580px) 100vw, 580px\" \/><img loading=\"lazy\" decoding=\"async\" class=\"size-full wp-image-725 alignleft\" src=\"http:\/\/luocine.fr\/wp-content\/uploads\/2014\/10\/4.jpg\" alt=\"\" width=\"200\" height=\"58\" \/><\/a><\/p>\n<p>J&rsquo;ai lu ce livre lors d&rsquo;un s\u00e9jour \u00e0 Ouessant et malgr\u00e9 les beaut\u00e9s de la nature offertes par le vent et la mer, je ne pouvais m\u2019emp\u00eacher d&rsquo;\u00eatre saisie d&rsquo;effroi par tant de souffrances impos\u00e9es \u00e0 un enfant qui ne pouvait pas se d\u00e9fendre contre la folie de son p\u00e8re. Je me suis souvenue de la discussion de notre club, le livre a re\u00e7u un coup de c\u0153ur, mais plusieurs lectrices \u00e9taient choqu\u00e9es par l&rsquo;attitude de la femme. En effet, celle-ci va passer sa vie \u00e0 faire \u00ab&#160;comme si&#160;\u00bb&#160;: comme si tout allait bien, comme si tout \u00e9tait normal, et avec la phrase que le petit \u00c9mile a entendu toute sa vie \u00ab&#160;Tu connais ton p\u00e8re&#160;\u00bb, elle croit effacer toutes les violences et tous les coups re\u00e7us.<\/p>\n<p>Oui son p\u00e8re est fou et gravement atteint, il entra\u00eene son fils dans sa folie, en faisant de ce petit bonhomme de 12 ans asthmatique et fragile un vaillant soldat de l&rsquo;OAS, mais oui aussi, je suis enti\u00e8rement d&rsquo;accord avec mes \u00ab&#160;co&#160;\u00bb-lectrices sa m\u00e8re est largement complice du traitement impos\u00e9 par ce fou furieux \u00e0 sa famille. Lorsque son p\u00e8re sera enfin intern\u00e9 et que le fils adulte r\u00e9v\u00e8le aux psychiatres ce qu&rsquo;il a subi enfant, sa m\u00e8re quitte son fils sur cette question incroyable&#160;:<\/p>\n<blockquote><p><em>Et c&rsquo;est quoi cette histoire&#160;? Tu \u00e9tais malheureux quand tu \u00e9tais enfant&#160;?<\/em><\/p><\/blockquote>\n<p>L&rsquo;autre question que pose ce roman, c&rsquo;est la part de la fiction et de la r\u00e9alit\u00e9. C&rsquo;est \u00e9vident que l&rsquo;auteur raconte une partie de son enfance, et nous fait gr\u00e2ce \u00e0 cela revivre ce qu&rsquo;a repr\u00e9sent\u00e9 la guerre d&rsquo;Alg\u00e9rie pour une partie de la population. \u00c0 cause de ce livre, j&rsquo;ai relu la d\u00e9claration de Salan lors de son proc\u00e8s, il exprime \u00e0 quel point lui, le g\u00e9n\u00e9ral le plus d\u00e9cor\u00e9 de l&#8217;empire colonial fran\u00e7ais a souffert de voir ses conqu\u00eates dispara\u00eetre peu \u00e0 peu dans le d\u00e9shonneur des promesses non-tenues aux populations qui soutiennent ses id\u00e9e. La grandeur\u00a0de la France et de son drapeau c\u2019\u00e9tait, pour lui, de tenir face aux barbares, c&rsquo;est \u00e0 dire ceux qui ne veulent pas \u00eatre fran\u00e7ais. Le p\u00e8re d&rsquo;\u00c9mile use et abuse de ce genre de discours et dans cette t\u00eate de malade cela lui donne tous les droits. Comme tout parano\u00efaque, il a raison contre tout le monde et invente une histoire mensong\u00e8re et folle de plus quand il risque d&rsquo;\u00eatre mis devant ses contradictions.<\/p>\n<p>Bien s\u00fbr, il y a toujours une forme d&rsquo;impudeur \u00e0 faire de sa souffrance un roman lu par un large public, et je suis souvent critique face au genre \u00ab&#160;auto-fiction&#160;\u00bb, mais lorsque l&rsquo;\u00e9crivain sait donner une port\u00e9e plus large \u00e0 ses souvenirs au point de nous faire comprendre les m\u00e9canismes de ce qui rend une enfance insupportable, je ne ressens plus l&rsquo;impudeur mais au contraire une sorte de cadeau fait \u00e0 tous ceux qui tendent la main aux enfants malheureux car on peut donc s&rsquo;en sortir sans r\u00e9p\u00e9ter les m\u00eames erreurs. Et puis il y a le style, j&rsquo;appr\u00e9cie beaucoup celui de Sorj Chalandon, tout en retenu m\u00eame quand on est aux limites du supportable.<\/p>\n<h1>Citations<\/h1>\n<h3>Style de Sorj Chalandon<\/h3>\n<blockquote>\n<div id=\"yiv6589315980yMail_cursorElementTracker_1482570273980\"><em>Il y avait un mort avant le n\u00f4tre, des dizaines de voiture, un deuil en grand. Nous \u00e9tions le chagrin suivant. Notre procession \u00e0 nous tenait \u00e0 l&rsquo;arri\u00e8re d&rsquo;un taxi.<\/em><\/div>\n<\/blockquote>\n<h3>la vie de famille<\/h3>\n<blockquote><p><em>Il l&rsquo;a regard\u00e9e les sourcils fronc\u00e9s. Ma m\u00e8re et ses l\u00e9gumes. Il \u00e9tait m\u00e9content . Il annon\u00e7ait la guerre, et nous n&rsquo;avions qu&rsquo;une pauvre soupe \u00e0 dire.<\/em><\/p><\/blockquote>\n<h3>Apr\u00e8s des actes de violence de son p\u00e8re un mensonge de parano\u00efaque<\/h3>\n<blockquote><p><em>J&rsquo;\u00e9tais boulevers\u00e9. Je n&rsquo;avais plus mal. Mon p\u00e8re \u00e9tait un compagnon de la Chanson. Sans lui, jamais le groupe n&rsquo;aurait pu na\u00eetre. Et c&rsquo;est pourtant sans lui qu&rsquo;il a v\u00e9cu. Ils lui avaient vol\u00e9 sa part de lumi\u00e8re. Son nom n&rsquo;a jamais \u00e9t\u00e9 sur les affiches, ni sa photo dans les journaux . Il en souffrait . Ceux qui ne le savaient pas \u00e9taient condamn\u00e9s \u00e0 dormir sur le palier.<\/em><\/p>\n<div id=\"yiv5762599829yMail_cursorElementTracker_1482656057702\"><em>C&rsquo;\u00e9tait il y a trois ans. Depuis, maman n&rsquo;a plus allum\u00e9 la radio. Et plus jamais chant\u00e9.<\/em><\/div>\n<\/blockquote>\n<h3>R\u00f4le de la m\u00e8re<\/h3>\n<div>\n<blockquote>\n<div id=\"yiv7532803693yMail_cursorElementTracker_1482677752624\"><em>Ce jour-l\u00e0, en allant voter contre l&rsquo;autod\u00e9termination, il avait \u00e9crit \u00ab&#160;Non&#160;\u00bb sur les murs. Le soir, il avait perdu. Il a hurl\u00e9 par la fen\u00eatre que la France avait trahi l&rsquo;Alg\u00e9rie. Et aussi lui, Andr\u00e9 Choulans. Il est ressorti \u00e0 la nuit tomb\u00e9e . Il est rentr\u00e9 plus tard, avec du sang sur son imperm\u00e9able kaki et les mains ab\u00eem\u00e9es.<\/em><\/div>\n<div id=\"yiv7532803693yMail_cursorElementTracker_1482677986588\"><em>Le regard \u00e9pouvant\u00e9 de ma m\u00e8re, visage cach\u00e9 entre ses doigts. Elle a g\u00e9mi<\/em><\/div>\n<div id=\"yiv7532803693yMail_cursorElementTracker_1482678059724\"><em>&#8211; Mon Dieu, ta gabardine&#160;!<\/em><\/div>\n<div id=\"yiv7532803693yMail_cursorElementTracker_1482678087935\"><em>&#8211; T&rsquo;inqui\u00e8te pas la vieille, c&rsquo;est du sang de bicot.<\/em><\/div>\n<div id=\"yiv7532803693yMail_cursorElementTracker_1482678129986\"><em>Elle a secou\u00e9 la t\u00eate.<\/em><\/div>\n<div id=\"yiv7532803693yMail_cursorElementTracker_1482678144297\"><em>&#8211; Le sang c&rsquo;est comme le vin, c&rsquo;est dur \u00e0 ravoir, a-t-elle dit simplement.<\/em><\/div>\n<\/blockquote>\n<\/div>\n","protected":false},"excerpt":{"rendered":"<p>J&rsquo;ai lu ce livre lors d&rsquo;un s\u00e9jour \u00e0 Ouessant et malgr\u00e9 les beaut\u00e9s de la nature offertes par le vent et la mer, je ne pouvais m\u2019emp\u00eacher d&rsquo;\u00eatre saisie d&rsquo;effroi par tant de souffrances impos\u00e9es \u00e0 un enfant qui ne pouvait pas se d\u00e9fendre contre la folie de son p\u00e8re. Je me suis souvenue de <span class=\"ellipsis\">&hellip;<\/span> <span class=\"more-link-wrap\"><a href=\"https:\/\/luocine.fr\/?p=7469\" class=\"more-link\"><span>Read More &rarr;<\/span><\/a><\/span><\/p>\n","protected":false},"author":822092,"featured_media":0,"comment_status":"open","ping_status":"open","sticky":false,"template":"","format":"standard","meta":{"footnotes":""},"categories":[45,22,102,24,156,4,49],"tags":[],"class_list":["post-7469","post","type-post","status-publish","format-standard","hentry","category-4-coquillages","category-biographie","category-enfance-malheureuse","category-france","category-guerre-dalgerie","category-mes-preferences","category-roman"],"_links":{"self":[{"href":"https:\/\/luocine.fr\/index.php?rest_route=\/wp\/v2\/posts\/7469","targetHints":{"allow":["GET"]}}],"collection":[{"href":"https:\/\/luocine.fr\/index.php?rest_route=\/wp\/v2\/posts"}],"about":[{"href":"https:\/\/luocine.fr\/index.php?rest_route=\/wp\/v2\/types\/post"}],"author":[{"embeddable":true,"href":"https:\/\/luocine.fr\/index.php?rest_route=\/wp\/v2\/users\/822092"}],"replies":[{"embeddable":true,"href":"https:\/\/luocine.fr\/index.php?rest_route=%2Fwp%2Fv2%2Fcomments&post=7469"}],"version-history":[{"count":0,"href":"https:\/\/luocine.fr\/index.php?rest_route=\/wp\/v2\/posts\/7469\/revisions"}],"wp:attachment":[{"href":"https:\/\/luocine.fr\/index.php?rest_route=%2Fwp%2Fv2%2Fmedia&parent=7469"}],"wp:term":[{"taxonomy":"category","embeddable":true,"href":"https:\/\/luocine.fr\/index.php?rest_route=%2Fwp%2Fv2%2Fcategories&post=7469"},{"taxonomy":"post_tag","embeddable":true,"href":"https:\/\/luocine.fr\/index.php?rest_route=%2Fwp%2Fv2%2Ftags&post=7469"}],"curies":[{"name":"wp","href":"https:\/\/api.w.org\/{rel}","templated":true}]}}