{"id":7023,"date":"2016-10-24T06:52:47","date_gmt":"2016-10-24T04:52:47","guid":{"rendered":"http:\/\/luocine.fr\/?p=7023"},"modified":"2016-10-26T12:06:03","modified_gmt":"2016-10-26T10:06:03","slug":"anna-une-histoire-francaise-rosie-pinhas-delpuech","status":"publish","type":"post","link":"https:\/\/luocine.fr\/?p=7023","title":{"rendered":"Anna  (Une histoire fran\u00e7aise)    Rosie PINHAS-DELPUECH"},"content":{"rendered":"<p><a href=\"http:\/\/luocine.fr\/wp-content\/uploads\/2014\/10\/4.jpg\"><img loading=\"lazy\" decoding=\"async\" class=\"aligncenter size-large wp-image-7011\" src=\"http:\/\/luocine.fr\/wp-content\/uploads\/2016\/10\/20160922_100759-1024x576.jpg\" alt=\"20160922_100759\" width=\"580\" height=\"326\" srcset=\"https:\/\/luocine.fr\/wp-content\/uploads\/2016\/10\/20160922_100759-1024x576.jpg 1024w, https:\/\/luocine.fr\/wp-content\/uploads\/2016\/10\/20160922_100759-300x169.jpg 300w, https:\/\/luocine.fr\/wp-content\/uploads\/2016\/10\/20160922_100759-768x432.jpg 768w\" sizes=\"auto, (max-width: 580px) 100vw, 580px\" \/><img loading=\"lazy\" decoding=\"async\" class=\"size-full wp-image-725 alignleft\" src=\"http:\/\/luocine.fr\/wp-content\/uploads\/2014\/10\/4.jpg\" alt=\"4\" width=\"200\" height=\"58\" \/><\/a><br \/>\nCe livre a accompagn\u00e9 un voyage en TGV, je l&rsquo;ai lu gr\u00e2ce \u00e0 <a href=\"http:\/\/legoutdeslivres.canalblog.com\/archives\/2016\/08\/30\/34254139.html\">Aifelle<\/a> qui m&rsquo;avait donn\u00e9 envie de d\u00e9couvrir cette auteure. Je lirai certainement \u00ab&#160;Suite byzantine&#160;\u00bb ainsi que \u00ab&#160;l\u2019Angoisse d&rsquo;Abraham&#160;\u00bb. J&rsquo;aime beaucoup les r\u00e9cits qui font une part belle \u00e0 la langue, pour Rosie Pinhas-Delpuech, \u00e9crivaine et traductrice, qui parle le turc, le fran\u00e7ais, l&rsquo;h\u00e9breux et sans doute bien d&rsquo;autres langues, la recherche de l&rsquo;identit\u00e9 prend un sens que je comprends si bien, car pour moi ma patrie est autant ma langue que ma nationalit\u00e9.<\/p>\n<p>Apr\u00e8s son enfance qui est peu d\u00e9crite dans ce tome, l&rsquo;auteure cherche \u00e0 comprendre cette tante Anna qui a perdu et son mari et son fils pendant la guerre 39-45. C&rsquo;est l&rsquo;occasion de vivre un \u00e9pisode si banal dans l&rsquo;apr\u00e8s guerre mais si peu glorieux, comment des juifs se sont fait spolier de tous leurs biens, par des gens en qui ils avaient confiance. Mais si Anna souffre tant c&rsquo;est aussi sans doute que la femme qui a d\u00e9nonc\u00e9 son mari \u00e9tait aussi sa ma\u00eetresse. Anna fera tout pour devenir une catholique fran\u00e7aise, elle ne pourra pas emp\u00eacher son fils unique de s&rsquo;engager dans l&rsquo;arm\u00e9e du g\u00e9n\u00e9ral Leclerc et mourir en 1945 en combattant. Cette histoire centrale du livre, l&rsquo;auteure ne peut la comprendre qu&rsquo;en reprenant le parcours de sa famille depuis la Turquie. Toute sa famille avec ses lourds secrets et ses peines tragiques viennent hanter sa m\u00e9moire et permettent peu \u00e0 peu de comprendre ce que cela veut dire d&rsquo;\u00eatre juive aujourd&rsquo;hui dans un style absolument superbe.<\/p>\n<h1>Citations<\/h1>\n<h3>Son enfance<\/h3>\n<blockquote><p><em>C&rsquo;\u00e9tait apr\u00e8s la guerre, dans les ann\u00e9es cinquante, au temps du chewing-gum, du swing et de la modernit\u00e9. Etre juif repr\u00e9sentait une maladie mortelle \u00e0 laquelle on avait r\u00e9chapp\u00e9 de justesse et dont il ne fallait pas trop parler.<\/em><\/p><\/blockquote>\n<h3>La Turquie et les juifs<\/h3>\n<blockquote><p><em>Lentement, subtilement, gentiment m\u00eame, au fils des ann\u00e9es d&rsquo;\u00e9cole primaire, de l&rsquo;apprentissage des rudiments d&rsquo;histoire et de g\u00e9ographie, le turc m&rsquo;avait d\u00e9barqu\u00e9 sur le rivage&#160;: ma religion, mentionn\u00e9e sur mon acte de naissance, \u00ab&#160;musevi&#160;\u00bb, qui signifie mosa\u00efque, s&rsquo;interposait entre moi et la communaut\u00e9 nationale.<\/em><\/p><\/blockquote>\n<h3>Son amour du fran\u00e7ais et de son orthographe<\/h3>\n<blockquote><p><em>J&rsquo;ignore jusqu&rsquo;\u00e0 aujourd&rsquo;hui la cause de cet amour fou pour cette orthographe, de cette jubilation enfantine \u00e0 conqu\u00e9rir l&rsquo;arbitraire souverain de la langue. Peut-\u00eatre que l&rsquo;\u00e9criture phon\u00e9tique du turc me paraissait d&rsquo;une facilit\u00e9 enfantine et que la difficult\u00e9 du fran\u00e7ais \u00e9tait \u00e0 la mesure de celle de grandi<\/em>r&#160;?<\/p><\/blockquote>\n<h3>Une belle phrase tellement charg\u00e9e de sens<\/h3>\n<blockquote><p><em>Un destin de deuils et de chagrins avait balay\u00e9 ce chatoiement cr\u00e9pusculaire de l&rsquo;Entre-deux guerres, dans les Balkans ottomans voisins de l&rsquo;Empire austro-hongrois.<\/em><\/p><\/blockquote>\n","protected":false},"excerpt":{"rendered":"<p>Ce livre a accompagn\u00e9 un voyage en TGV, je l&rsquo;ai lu gr\u00e2ce \u00e0 Aifelle qui m&rsquo;avait donn\u00e9 envie de d\u00e9couvrir cette auteure. Je lirai certainement \u00ab&#160;Suite byzantine&#160;\u00bb ainsi que \u00ab&#160;l\u2019Angoisse d&rsquo;Abraham&#160;\u00bb. J&rsquo;aime beaucoup les r\u00e9cits qui font une part belle \u00e0 la langue, pour Rosie Pinhas-Delpuech, \u00e9crivaine et traductrice, qui parle le turc, le fran\u00e7ais, <span class=\"ellipsis\">&hellip;<\/span> <span class=\"more-link-wrap\"><a href=\"https:\/\/luocine.fr\/?p=7023\" class=\"more-link\"><span>Read More &rarr;<\/span><\/a><\/span><\/p>\n","protected":false},"author":822092,"featured_media":0,"comment_status":"open","ping_status":"open","sticky":false,"template":"","format":"standard","meta":{"footnotes":""},"categories":[45,106,7,24,96,70,6,4],"tags":[],"class_list":["post-7023","post","type-post","status-publish","format-standard","hentry","category-4-coquillages","category-antisemitisme","category-autobiographie","category-france","category-guerre-3945","category-israel","category-memoires","category-mes-preferences"],"_links":{"self":[{"href":"https:\/\/luocine.fr\/index.php?rest_route=\/wp\/v2\/posts\/7023","targetHints":{"allow":["GET"]}}],"collection":[{"href":"https:\/\/luocine.fr\/index.php?rest_route=\/wp\/v2\/posts"}],"about":[{"href":"https:\/\/luocine.fr\/index.php?rest_route=\/wp\/v2\/types\/post"}],"author":[{"embeddable":true,"href":"https:\/\/luocine.fr\/index.php?rest_route=\/wp\/v2\/users\/822092"}],"replies":[{"embeddable":true,"href":"https:\/\/luocine.fr\/index.php?rest_route=%2Fwp%2Fv2%2Fcomments&post=7023"}],"version-history":[{"count":0,"href":"https:\/\/luocine.fr\/index.php?rest_route=\/wp\/v2\/posts\/7023\/revisions"}],"wp:attachment":[{"href":"https:\/\/luocine.fr\/index.php?rest_route=%2Fwp%2Fv2%2Fmedia&parent=7023"}],"wp:term":[{"taxonomy":"category","embeddable":true,"href":"https:\/\/luocine.fr\/index.php?rest_route=%2Fwp%2Fv2%2Fcategories&post=7023"},{"taxonomy":"post_tag","embeddable":true,"href":"https:\/\/luocine.fr\/index.php?rest_route=%2Fwp%2Fv2%2Ftags&post=7023"}],"curies":[{"name":"wp","href":"https:\/\/api.w.org\/{rel}","templated":true}]}}