{"id":70,"date":"2014-04-02T12:01:19","date_gmt":"2014-04-02T12:01:19","guid":{"rendered":"http:\/\/luocine.fr\/?p=70"},"modified":"2014-10-15T13:35:09","modified_gmt":"2014-10-15T12:35:09","slug":"ida-pawel-pawlikowski","status":"publish","type":"post","link":"https:\/\/luocine.fr\/?p=70","title":{"rendered":"Ida &#8211; Pawel PAWLIKOWSKI"},"content":{"rendered":"<p><img loading=\"lazy\" decoding=\"async\" class=\"aligncenter\" src=\"https:\/\/s3.yimg.com\/bt\/api\/res\/1.2\/vwrf_BCISQICpX.a3UC6yQ--\/YXBwaWQ9eW5ld3M7Zmk9ZmlsbDtoPTMxOTtxPTc1O3c9MjE1\/http:\/\/media.zenfs.com\/fr_FR\/Movies\/allocine\/ida-bigposter-223850-21060750_20131125170121583.jpg\" alt=\"\" width=\"146\" height=\"217\" \/><\/p>\n<h1>Synopsis<\/h1>\n<div id=\"yui_3_5_0_1_1396429429454_37039\">\n<div id=\"mediaentityaboutpackage\" class=\"yom-mod yom-synopsis yom-synopsis-movie-expanded\">\n<blockquote>\n<div class=\"bd\"><em>Dans la Pologne des ann\u00e9es 60, avant de prononcer ses voeux, Anna, jeune orpheline \u00e9lev\u00e9e au couvent, part \u00e0 la rencontre de sa tante, seul membre de sa famille encore en vie. Elle d\u00e9couvre alors un sombre secret de famille datant de l&rsquo;occupation nazie.<\/em><\/div>\n<\/blockquote>\n<div id=\"yui_3_5_0_1_1396429429454_37038\" class=\"bd\"><span id=\"yui_3_5_0_1_1396429429454_37037\"><span id=\"yui_3_5_0_1_1396429429454_37036\"><span id=\"yui_3_5_0_1_1396429429454_37035\"><a href=\"http:\/\/luocine.fr\/wp-content\/uploads\/2014\/10\/5.jpg\"><img loading=\"lazy\" decoding=\"async\" class=\"size-full wp-image-726 alignleft\" src=\"http:\/\/luocine.fr\/wp-content\/uploads\/2014\/10\/5.jpg\" alt=\"5\" width=\"200\" height=\"58\" \/><\/a><br \/>\nCela fait un certain temps que je ne parle pas de cin\u00e9ma sur mon blog, pourtant je vois de bons films (et des moins bons) mais je trouve que parler d&rsquo;un film demande une r\u00e9action rapide , car souvent les bons ne restent pas longtemps \u00e0 l&rsquo;affiche.\u00a0<\/span><\/span><\/span>Mais Ida est un pur chef d&rsquo;oeuvre compl\u00e8tement intemporel , et je pense qu&rsquo;il passera souvent dans les petites salles \u00e0 la recherche d&rsquo;une progammation de qualit\u00e9. L&rsquo;\u00e9motion est rendue \u00e0 la perfection parce que les images des protagonistes sont tr\u00e8s belles et que l&rsquo;\u00e9vocation de la pologne rurale des ann\u00e9es 60 est terrible. La mis\u00e8re et la rudesse des campagne , l&rsquo;antis\u00e9mitisme \u00e0 fleur de peau et avec cela la peur que les juifs reviennent r\u00e9clamer leurs maisons tout cela ne rend pas la Pologne tr\u00e8s attirante.<\/div>\n<div class=\"bd\"><\/div>\n<div id=\"yui_3_5_0_1_1396429429454_37049\" class=\"bd\"><span id=\"yui_3_5_0_1_1396429429454_37048\"><span id=\"yui_3_5_0_1_1396429429454_37047\"><span id=\"yui_3_5_0_1_1396429429454_37046\"> On pense au <\/span><a href=\"http:\/\/fr.wikipedia.org\/wiki\/Pogrom_de_Kielce\">progrom de Kielce<\/a> durant lequel l&rsquo;\u00e9glise catholique polonaise a jou\u00e9 un r\u00f4le peu glorieux.\u00a0<\/span><\/span>Mais dans ce film , il n&rsquo;y a pas de point de vue moralisateur , seulement la trag\u00e9die de deux femmes . Je ne peux en dire plus sans d\u00e9voiler l&rsquo;histoire du film ce qui serait dommage. La musique est remarquable , le m\u00e9lange musique classique et des musiques modernes est tr\u00e8s harmonieux.<\/div>\n<div class=\"bd\"><\/div>\n<div class=\"bd\">Un tr\u00e8s beau film que je n&rsquo;oublierai jamais.<\/div>\n<\/div>\n<\/div>\n","protected":false},"excerpt":{"rendered":"<p>Synopsis Dans la Pologne des ann\u00e9es 60, avant de prononcer ses voeux, Anna, jeune orpheline \u00e9lev\u00e9e au couvent, part \u00e0 la rencontre de sa tante, seul membre de sa famille encore en vie. Elle d\u00e9couvre alors un sombre secret de famille datant de l&rsquo;occupation nazie. Cela fait un certain temps que je ne parle pas <span class=\"ellipsis\">&hellip;<\/span> <span class=\"more-link-wrap\"><a href=\"https:\/\/luocine.fr\/?p=70\" class=\"more-link\"><span>Read More &rarr;<\/span><\/a><\/span><\/p>\n","protected":false},"author":822092,"featured_media":0,"comment_status":"open","ping_status":"open","sticky":false,"template":"","format":"standard","meta":{"footnotes":""},"categories":[46,3],"tags":[],"class_list":["post-70","post","type-post","status-publish","format-standard","hentry","category-5-coquillages","category-cinema"],"_links":{"self":[{"href":"https:\/\/luocine.fr\/index.php?rest_route=\/wp\/v2\/posts\/70","targetHints":{"allow":["GET"]}}],"collection":[{"href":"https:\/\/luocine.fr\/index.php?rest_route=\/wp\/v2\/posts"}],"about":[{"href":"https:\/\/luocine.fr\/index.php?rest_route=\/wp\/v2\/types\/post"}],"author":[{"embeddable":true,"href":"https:\/\/luocine.fr\/index.php?rest_route=\/wp\/v2\/users\/822092"}],"replies":[{"embeddable":true,"href":"https:\/\/luocine.fr\/index.php?rest_route=%2Fwp%2Fv2%2Fcomments&post=70"}],"version-history":[{"count":0,"href":"https:\/\/luocine.fr\/index.php?rest_route=\/wp\/v2\/posts\/70\/revisions"}],"wp:attachment":[{"href":"https:\/\/luocine.fr\/index.php?rest_route=%2Fwp%2Fv2%2Fmedia&parent=70"}],"wp:term":[{"taxonomy":"category","embeddable":true,"href":"https:\/\/luocine.fr\/index.php?rest_route=%2Fwp%2Fv2%2Fcategories&post=70"},{"taxonomy":"post_tag","embeddable":true,"href":"https:\/\/luocine.fr\/index.php?rest_route=%2Fwp%2Fv2%2Ftags&post=70"}],"curies":[{"name":"wp","href":"https:\/\/api.w.org\/{rel}","templated":true}]}}