{"id":6351,"date":"2016-05-19T07:31:34","date_gmt":"2016-05-19T05:31:34","guid":{"rendered":"http:\/\/luocine.fr\/?p=6351"},"modified":"2016-05-18T23:24:33","modified_gmt":"2016-05-18T21:24:33","slug":"spectacle-fred-pellerin","status":"publish","type":"post","link":"https:\/\/luocine.fr\/?p=6351","title":{"rendered":"Spectacle        Fred Pellerin"},"content":{"rendered":"<p><a href=\"http:\/\/luocine.fr\/wp-content\/uploads\/2016\/05\/20160518_091837.jpg\"><img loading=\"lazy\" decoding=\"async\" class=\"aligncenter size-large wp-image-6352\" src=\"http:\/\/luocine.fr\/wp-content\/uploads\/2016\/05\/20160518_091837-1024x576.jpg\" alt=\"20160518_091837\" width=\"580\" height=\"326\" srcset=\"https:\/\/luocine.fr\/wp-content\/uploads\/2016\/05\/20160518_091837-1024x576.jpg 1024w, https:\/\/luocine.fr\/wp-content\/uploads\/2016\/05\/20160518_091837-300x169.jpg 300w, https:\/\/luocine.fr\/wp-content\/uploads\/2016\/05\/20160518_091837-768x432.jpg 768w\" sizes=\"auto, (max-width: 580px) 100vw, 580px\" \/><\/a><\/p>\n<p>&nbsp;<\/p>\n<p><a href=\"http:\/\/luocine.fr\/wp-content\/uploads\/2014\/10\/5.jpg\"><img loading=\"lazy\" decoding=\"async\" class=\"size-full wp-image-726 alignleft\" src=\"http:\/\/luocine.fr\/wp-content\/uploads\/2014\/10\/5.jpg\" alt=\"5\" width=\"200\" height=\"58\" \/><\/a>J&rsquo;ai assist\u00e9 au spectacle de <a href=\"http:\/\/www.fredpellerin.com\/\">Fred Pellerin<\/a>, artiste-conteur-chanteur qu\u00e9b\u00e9cois \u00e0 Saint- Malo, c&rsquo;est un v\u00e9ritable r\u00e9gal. Il est en tourn\u00e9e en ce moment en France, s&rsquo;il passe pr\u00e8s de chez vous, ne le ratez pas. Avec son accent de l\u00e0-bas , il vous conte l&rsquo;histoire de son village (Saint-Elie de Caxton) et tout \u00e0 coup vous croyez entendre tous les chanteurs \u00e0 l&rsquo;accent rocailleux, tous les livres du Qu\u00e9bec et vous vous sentez heureux. Son barbier coiffeur, vous fera sourire , celui qui m\u00eame apr\u00e8s sa mort a su ne pas se faire oublier du village gr\u00e2ce (ou \u00e0 cause&#160;?) des nombreuses cicatrices sur le visage de ses clients. Vous n&rsquo;oublierez pas non plus les s\u0153urs \u00e0 cornette ou plut\u00f4t \u00e0 hublot qui ont hant\u00e9 son enfance. Son spectacle est absolument irracontable, tout ce que je peux dire c&rsquo;est que ce soir-l\u00e0 \u00e0 Saint-Malo, la salle \u00e9tait tr\u00e8s gaie et a \u00e9clat\u00e9 de rire plusieurs fois. Mon seul regret c&rsquo;est qu&rsquo;il a peu chant\u00e9 alors que j&rsquo;adore sa voix. Si j&rsquo;avais su qu&rsquo;il chantait aussi peu je n&rsquo;y serai sans doute pas all\u00e9e et j&rsquo;aurais eu bien tort car j&rsquo;ai pris beaucoup de plaisir \u00e0 entendre ses histoires.<\/p>\n<p>Une de mes chansons pr\u00e9f\u00e9r\u00e9es<\/p>\n<p><a href=\"https:\/\/www.youtube.com\/watch?v=Vs89gUC7T9I\">https:\/\/www.youtube.com\/watch?v=Vs89gUC7T9I<\/a><\/p>\n","protected":false},"excerpt":{"rendered":"<p>&nbsp; J&rsquo;ai assist\u00e9 au spectacle de Fred Pellerin, artiste-conteur-chanteur qu\u00e9b\u00e9cois \u00e0 Saint- Malo, c&rsquo;est un v\u00e9ritable r\u00e9gal. Il est en tourn\u00e9e en ce moment en France, s&rsquo;il passe pr\u00e8s de chez vous, ne le ratez pas. Avec son accent de l\u00e0-bas , il vous conte l&rsquo;histoire de son village (Saint-Elie de Caxton) et tout \u00e0 <span class=\"ellipsis\">&hellip;<\/span> <span class=\"more-link-wrap\"><a href=\"https:\/\/luocine.fr\/?p=6351\" class=\"more-link\"><span>Read More &rarr;<\/span><\/a><\/span><\/p>\n","protected":false},"author":822092,"featured_media":0,"comment_status":"open","ping_status":"open","sticky":false,"template":"","format":"standard","meta":{"footnotes":""},"categories":[46,27,53,142],"tags":[],"class_list":["post-6351","post","type-post","status-publish","format-standard","hentry","category-5-coquillages","category-humour","category-quebec","category-spectacle"],"_links":{"self":[{"href":"https:\/\/luocine.fr\/index.php?rest_route=\/wp\/v2\/posts\/6351","targetHints":{"allow":["GET"]}}],"collection":[{"href":"https:\/\/luocine.fr\/index.php?rest_route=\/wp\/v2\/posts"}],"about":[{"href":"https:\/\/luocine.fr\/index.php?rest_route=\/wp\/v2\/types\/post"}],"author":[{"embeddable":true,"href":"https:\/\/luocine.fr\/index.php?rest_route=\/wp\/v2\/users\/822092"}],"replies":[{"embeddable":true,"href":"https:\/\/luocine.fr\/index.php?rest_route=%2Fwp%2Fv2%2Fcomments&post=6351"}],"version-history":[{"count":0,"href":"https:\/\/luocine.fr\/index.php?rest_route=\/wp\/v2\/posts\/6351\/revisions"}],"wp:attachment":[{"href":"https:\/\/luocine.fr\/index.php?rest_route=%2Fwp%2Fv2%2Fmedia&parent=6351"}],"wp:term":[{"taxonomy":"category","embeddable":true,"href":"https:\/\/luocine.fr\/index.php?rest_route=%2Fwp%2Fv2%2Fcategories&post=6351"},{"taxonomy":"post_tag","embeddable":true,"href":"https:\/\/luocine.fr\/index.php?rest_route=%2Fwp%2Fv2%2Ftags&post=6351"}],"curies":[{"name":"wp","href":"https:\/\/api.w.org\/{rel}","templated":true}]}}