{"id":596,"date":"2009-12-25T13:25:42","date_gmt":"2009-12-25T13:25:42","guid":{"rendered":"http:\/\/luocine.fr\/?p=596"},"modified":"2014-11-17T16:47:52","modified_gmt":"2014-11-17T15:47:52","slug":"decembre-2009-janvier-2010","status":"publish","type":"post","link":"https:\/\/luocine.fr\/?p=596","title":{"rendered":"Alias Caracalla &#8211; Daniel CORDIER"},"content":{"rendered":"<div id=\"article1\">\n<div>\n<h2><img loading=\"lazy\" decoding=\"async\" class=\"aligncenter\" src=\"http:\/\/ecodemystificateur.blog.free.fr\/public\/blowup-images\/Images\/Alias_Caracalla.jpg\" alt=\"\" width=\"240\" height=\"240\" \/><\/h2>\n<\/div>\n<div>\n<div><a href=\"http:\/\/luocine.fr\/wp-content\/uploads\/2014\/10\/5.jpg\"><img loading=\"lazy\" decoding=\"async\" class=\"size-full wp-image-726 alignleft\" src=\"http:\/\/luocine.fr\/wp-content\/uploads\/2014\/10\/5.jpg\" alt=\"5\" width=\"200\" height=\"58\" \/><\/a><br \/>\nVoici le livre responsable du long silence de Luocine. Deux semaines sans rajouter un livre sur mon blog&#160;! Sans aucune h\u00e9sitation, je mets Alias Caracalla dans mes pr\u00e9f\u00e9rences. Ce n\u2019est pourtant pas un roman. C\u2019est parfaitement \u00e9crit, cet essai nous permet de suivre, jour apr\u00e8s jour, les efforts de Jean Moulin pour unifier la r\u00e9sistance. C\u2019est peu de dire que tous les coups sont permis. J\u2019ai lu ce livre en me documentant sur l\u2019internet pour mieux comprendre ce qui s&rsquo;\u00e9tait pass\u00e9 dans ces ann\u00e9es l\u00e0. Et comme dans le site que j\u2019indique, j\u2019ai perdu un ami lorsque dispara\u00eet Jean Moulin.En filigrane du r\u00e9cit on voit l\u2019\u00e9volution de Jean Cordier, son engagement derri\u00e8re Maurras son \u00e9volution face aux trahisons de sa famille politique, et sa prise de conscience des ravages de l\u2019antis\u00e9mitisme. Ce passage est souvent cit\u00e9,tant il est sobre et en m\u00eame temps tr\u00e8s beau.J\u2019ai pass\u00e9 trois semaines intenses loin du monde pr\u00e9sent, mais j\u2019ai mieux compris les cons\u00e9quences sur la politique de notre pays. La page est aujourd\u2019hui tourn\u00e9e mais pour comprendre l\u2019opposition de Mitterrand au G\u00e9n\u00e9ral de Gaulle, je pense qu\u2019il faut lire ce livre. Il n\u2019en parle pas&#160;: Mitterrand n\u2019est pas encore dans la r\u00e9sistance quand le livre s\u2019ach\u00e8ve mais l\u2019opposition de de Gaulle aux partis traditionnels est tr\u00e8s bien d\u00e9crite. Les hommes des partis de la IIIe r\u00e9publique ont d\u00fb ressentir tout son m\u00e9pris face \u00e0 leur inaction et \u00e0 leurs divisions.J\u2019ai \u00e9t\u00e9 \u00e9galement tr\u00e8s sensible \u00e0 l\u2019effort de m\u00e9moire que fait cet homme de 90 ans aujourd\u2019hui pour se souvenir exactement de ce qui s\u2019est pass\u00e9. Pendant ces trois ann\u00e9es sans aucun doute les plus importantes de sa vie. On le sent taraud\u00e9 par un souci de v\u00e9rit\u00e9 \u00e0 l\u2019heure pr\u00e8s. \u00c0 travers son regard, la r\u00e9sistance semble bien fragile et le fait d\u2019hommes autant isol\u00e9s que d\u00e9termin\u00e9s \u00e0 combattre.<\/p>\n<h1>Citations<\/h1>\n<blockquote><p><em>Le secret de notre z\u00e8le tient dans la promesse de notre engagement au combat d\u00e8s que nous serions pr\u00eats. Cet objectif nous fouette. Partout et toujours, nous sommes volontaires pour les m\u00eames taches rebutantes&#160;? Notre seul objectif, depuis notre arriv\u00e9e en Grande-Bretagne, est la vengeance.<\/em><\/p><\/blockquote>\n<p>&nbsp;<\/p>\n<blockquote><p><em>Je suis le t\u00e9moin de cette n\u00e9gociation difficile. Cela me permet de franchir une \u00e9tape d\u00e9cisive dans mon \u00e9volution politique. Elle me r\u00e9v\u00e8le combien mes camarades et moi sommes privil\u00e9gi\u00e9s d\u2019\u00eatre pris depuis deux ans par la France libre et \u00e0 quel point la situation des r\u00e9sistants m\u00e9tropolitains est mis\u00e9rable en comparaison\u2026.. Une \u00e9vidence me saute aux yeux&#160;: la gauche que j\u2019ai tant combattu, incarne seule l\u2019espoir de changer leur condition.<\/em><\/p><\/blockquote>\n<p>&nbsp;<\/p>\n<blockquote><p><em>J\u2019ai envie de l\u2019embrasser pour le remercier de tout&#160;: son pr\u00e9sent, son retour, l\u2019homme qu\u2019il est Mais *Rex n\u2019est pas quelqu\u2019un que l\u2019on embrasse. En d\u00e9pit de son sourire et de sa gentillesse, son regard creuse un ab\u00eeme entre nous.<\/em><\/p><\/blockquote>\n<p>&nbsp;<\/p>\n<blockquote><p><em>En approchant du caf\u00e9, je vois venir \u00e0 moi, serr\u00e9s l\u2019un contre l\u2019autre, un vieillard accompagn\u00e9 d\u2019un jeune enfant. Leur pardessus est orn\u00e9 de l\u2019\u00e9toile jaune. \u2026 Je finis par comprendre que si cette vision matinale m\u2019est tellement insupportable c\u2019est parce qu\u2019elle fait de moi un bourreau&#160;: elle trahit l\u2019humanisme, la fraternit\u00e9 entre les hommes que je me vante de pratiquer dans le christianisme. Comment ai-je pu devenir antis\u00e9mite&#160;? \u2026 Dans cette brasserie inconnue, j\u2019ai l\u2019impression de m\u2019\u00eatre \u00e0 jamais d\u00e9barrass\u00e9 du fardeau de mon \u00e9ducation.<\/em><\/p><\/blockquote>\n<h2>On en parle<\/h2>\n<p><a href=\"http:\/\/www.lalettrevolee.net\/article-daniel-cordier-alias-caracalla-38662891.html\">Link<\/a>.<\/p>\n<\/div>\n<\/div>\n<\/div>\n","protected":false},"excerpt":{"rendered":"<p>Voici le livre responsable du long silence de Luocine. Deux semaines sans rajouter un livre sur mon blog&#160;! Sans aucune h\u00e9sitation, je mets Alias Caracalla dans mes pr\u00e9f\u00e9rences. Ce n\u2019est pourtant pas un roman. C\u2019est parfaitement \u00e9crit, cet essai nous permet de suivre, jour apr\u00e8s jour, les efforts de Jean Moulin pour unifier la r\u00e9sistance. <span class=\"ellipsis\">&hellip;<\/span> <span class=\"more-link-wrap\"><a href=\"https:\/\/luocine.fr\/?p=596\" class=\"more-link\"><span>Read More &rarr;<\/span><\/a><\/span><\/p>\n","protected":false},"author":822092,"featured_media":0,"comment_status":"open","ping_status":"open","sticky":false,"template":"","format":"standard","meta":{"footnotes":""},"categories":[46,22,24,96,4],"tags":[],"class_list":["post-596","post","type-post","status-publish","format-standard","hentry","category-5-coquillages","category-biographie","category-france","category-guerre-3945","category-mes-preferences"],"_links":{"self":[{"href":"https:\/\/luocine.fr\/index.php?rest_route=\/wp\/v2\/posts\/596","targetHints":{"allow":["GET"]}}],"collection":[{"href":"https:\/\/luocine.fr\/index.php?rest_route=\/wp\/v2\/posts"}],"about":[{"href":"https:\/\/luocine.fr\/index.php?rest_route=\/wp\/v2\/types\/post"}],"author":[{"embeddable":true,"href":"https:\/\/luocine.fr\/index.php?rest_route=\/wp\/v2\/users\/822092"}],"replies":[{"embeddable":true,"href":"https:\/\/luocine.fr\/index.php?rest_route=%2Fwp%2Fv2%2Fcomments&post=596"}],"version-history":[{"count":0,"href":"https:\/\/luocine.fr\/index.php?rest_route=\/wp\/v2\/posts\/596\/revisions"}],"wp:attachment":[{"href":"https:\/\/luocine.fr\/index.php?rest_route=%2Fwp%2Fv2%2Fmedia&parent=596"}],"wp:term":[{"taxonomy":"category","embeddable":true,"href":"https:\/\/luocine.fr\/index.php?rest_route=%2Fwp%2Fv2%2Fcategories&post=596"},{"taxonomy":"post_tag","embeddable":true,"href":"https:\/\/luocine.fr\/index.php?rest_route=%2Fwp%2Fv2%2Ftags&post=596"}],"curies":[{"name":"wp","href":"https:\/\/api.w.org\/{rel}","templated":true}]}}