{"id":537,"date":"2011-08-02T10:48:01","date_gmt":"2011-08-02T10:48:01","guid":{"rendered":"http:\/\/luocine.fr\/?p=537"},"modified":"2014-11-18T23:24:17","modified_gmt":"2014-11-18T22:24:17","slug":"juillet-septembre-2011","status":"publish","type":"post","link":"https:\/\/luocine.fr\/?p=537","title":{"rendered":"C\u00e9line, id\u00e9es re\u00e7ues sur un auteur sulfureux &#8211; David ALLIOT"},"content":{"rendered":"<div id=\"article1\">\n<div>\n<h2><img loading=\"lazy\" decoding=\"async\" class=\"aligncenter\" src=\"http:\/\/ecx.images-amazon.com\/images\/I\/512DymAivSL._BO2,204,203,200_PIsitb-sticker-arrow-click,TopRight,35,-76_AA300_SH20_OU08_.jpg\" alt=\"http:\/\/ecx.images-amazon.com\/images\/I\/512DymAivSL._BO2,204,203,200_PIsitb-sticker-arrow-click,TopRight,35,-76_AA300_SH20_OU08_.jpg\" width=\"300\" height=\"300\" \/><\/h2>\n<\/div>\n<div>\n<div>\n<p><a href=\"http:\/\/luocine.fr\/wp-content\/uploads\/2014\/10\/4.jpg\"><img loading=\"lazy\" decoding=\"async\" class=\"size-full wp-image-725 alignleft\" src=\"http:\/\/luocine.fr\/wp-content\/uploads\/2014\/10\/4.jpg\" alt=\"4\" width=\"200\" height=\"58\" \/><\/a><br \/>\nLivre \u00e0 recommander pour tous ceux qui, comme moi, se demandent comment l\u2019auteur du chef d\u2019\u0153uvre <a href=\"http:\/\/luocine.fr\/?p=1412\">Le Voyage au bout de la nuit,<\/a> a pu \u00eatre \u00ab&#160;antis\u00e9mite militant&#160;\u00bb. David Alliot ne cherche pas \u00e0 excuser C\u00e9line, tout l\u2019accable&#160;: il publie en 1941,\u00a0Beaux draps troisi\u00e8me pamphlet antis\u00e9mite alors que les mesures de Vichy sont d\u00e9j\u00e0 en vigueur. Il r\u00e9clame haut et fort, lors de l\u2019exposition antis\u00e9mite organis\u00e9e par Vichy que ses deux pr\u00e9c\u00e9dents pamphlets r\u00e9dig\u00e9s avant l\u2019occupation allemande, Bagatelle pour un massacre et L\u2019\u00e9cole des cadavres fassent partie de la dite exposition.<\/p>\n<p>La fa\u00e7on dont il s\u2019est oppos\u00e9 \u00e0 Robert Desnos, d\u00e9criant son physique et faisant croire qu\u2019il \u00e9tait juif, est absolument d\u00e9goutante, mais pour autant il n\u2019est responsable ni de son arrestation ni de sa mort. La seule chose qui nuance le tableau peu ragoutant du personnage, c\u2019est qu\u2019il d\u00e9testait autant P\u00e9tain que les juifs. Il n\u2019a pas franchement collabor\u00e9 avec les Allemands qui le trouvaient un peu outrancier&#160;!&#160;!&#160;!<\/p>\n<p>En analysant un \u00e0 un les principaux reproches que l\u2019on fait \u00e0 C\u00e9line, David Alliot permet au lecteur de se faire une opinion plus exacte. C\u2019est aussi toute une p\u00e9riode qu\u2019on voit revivre et \u00e9videmment la v\u00e9rit\u00e9 n\u2019est pas que d\u2019un c\u00f4t\u00e9. Le recul historique fait du bien, car on a le droit, aujourd\u2019hui, de ne plus admirer Jean Paul Sartre pour ses qualit\u00e9s de r\u00e9sistant et que reste-t-il de son \u0153uvre romanesque&#160;?<\/p>\n<p>J\u2019ai \u00e9t\u00e9 \u00e9galement tr\u00e8s int\u00e9ress\u00e9e par son parcours en tant que m\u00e9decin, on le pr\u00e9sente souvent comme quelqu\u2019un de d\u00e9sint\u00e9ress\u00e9 et altruiste, enfin un c\u00f4t\u00e9 sympathique&#160;!<\/p>\n<p>Un petit b\u00e9mol, il a fait des \u00e9tudes de m\u00e9decine \u00ab&#160;all\u00e9g\u00e9es&#160;\u00bb parce qu\u2019il revenait des tranch\u00e9es, il n\u2019\u00e9tait pas un tr\u00e8s bon m\u00e9decin, et s\u2019il aimait mieux les pauvres, c\u2019est qu\u2019il pouvait les dominer. David Alliot qui conna\u00eet bien son C\u00e9line, place Mort \u00e0 Cr\u00e9dit au dessus du Voyage. Il en explique la raison&#160;: le style c\u00e9linien est plus abouti. Or, pour moi C\u00e9line restera l\u2019auteur du Voyage, cela veut dire sans doute qu\u2019il me reste des \u0153uvres \u00e0 d\u00e9couvrir, et cette id\u00e9e me fait bien plaisir. Enfin, David Alliot souligne le r\u00f4le positif de Luccini \u00e0 propos du regain d\u2019int\u00e9r\u00eat pour C\u00e9line, je suis bien d\u2019accord avec lui (Merci Mathieu de m&rsquo;avoir offert ce livre pour mon anniversaire).<\/p>\n<h1>Citations<\/h1>\n<blockquote><p><em>\u00a0Dans ce pamphlet, tout y passe, et C\u00e9line aligne tous les poncifs de son \u00e9poque. Si l\u2019antis\u00e9mitisme n\u2019est pas une raret\u00e9 dans la soci\u00e9t\u00e9 de son temps, il est le seul \u00e9crivain d\u2019envergure \u00e0 avoir mis son talent au service d\u2019une cause aussi contestable.<\/em><\/p>\n<p><em>\u00a0Quand parait \u00ab&#160;Mort \u00e0 cr\u00e9dit&#160;\u00bb en 1936, l\u2019\u00e9volution stylistique est importante. Encore classique dans \u00ab&#160;Voyage au bout de la nuit&#160;\u00bb, la structure du roman est d\u00e9sormais compl\u00e8tement chamboul\u00e9e. La grammaire et la syntaxe volent en \u00e9clat pour mettre en valeur le \u00ab&#160;rendu \u00e9motif&#160;\u00bb.<\/em><\/p><\/blockquote>\n<\/div>\n<\/div>\n<\/div>\n<div id=\"article6\" class=\"article article_odd\"><\/div>\n","protected":false},"excerpt":{"rendered":"<p>Livre \u00e0 recommander pour tous ceux qui, comme moi, se demandent comment l\u2019auteur du chef d\u2019\u0153uvre Le Voyage au bout de la nuit, a pu \u00eatre \u00ab&#160;antis\u00e9mite militant&#160;\u00bb. David Alliot ne cherche pas \u00e0 excuser C\u00e9line, tout l\u2019accable&#160;: il publie en 1941,\u00a0Beaux draps troisi\u00e8me pamphlet antis\u00e9mite alors que les mesures de Vichy sont d\u00e9j\u00e0 en <span class=\"ellipsis\">&hellip;<\/span> <span class=\"more-link-wrap\"><a href=\"https:\/\/luocine.fr\/?p=537\" class=\"more-link\"><span>Read More &rarr;<\/span><\/a><\/span><\/p>\n","protected":false},"author":822092,"featured_media":0,"comment_status":"open","ping_status":"open","sticky":false,"template":"","format":"standard","meta":{"footnotes":""},"categories":[45,22,24,4],"tags":[],"class_list":["post-537","post","type-post","status-publish","format-standard","hentry","category-4-coquillages","category-biographie","category-france","category-mes-preferences"],"_links":{"self":[{"href":"https:\/\/luocine.fr\/index.php?rest_route=\/wp\/v2\/posts\/537","targetHints":{"allow":["GET"]}}],"collection":[{"href":"https:\/\/luocine.fr\/index.php?rest_route=\/wp\/v2\/posts"}],"about":[{"href":"https:\/\/luocine.fr\/index.php?rest_route=\/wp\/v2\/types\/post"}],"author":[{"embeddable":true,"href":"https:\/\/luocine.fr\/index.php?rest_route=\/wp\/v2\/users\/822092"}],"replies":[{"embeddable":true,"href":"https:\/\/luocine.fr\/index.php?rest_route=%2Fwp%2Fv2%2Fcomments&post=537"}],"version-history":[{"count":0,"href":"https:\/\/luocine.fr\/index.php?rest_route=\/wp\/v2\/posts\/537\/revisions"}],"wp:attachment":[{"href":"https:\/\/luocine.fr\/index.php?rest_route=%2Fwp%2Fv2%2Fmedia&parent=537"}],"wp:term":[{"taxonomy":"category","embeddable":true,"href":"https:\/\/luocine.fr\/index.php?rest_route=%2Fwp%2Fv2%2Fcategories&post=537"},{"taxonomy":"post_tag","embeddable":true,"href":"https:\/\/luocine.fr\/index.php?rest_route=%2Fwp%2Fv2%2Ftags&post=537"}],"curies":[{"name":"wp","href":"https:\/\/api.w.org\/{rel}","templated":true}]}}