{"id":5130,"date":"2015-12-10T08:10:49","date_gmt":"2015-12-10T07:10:49","guid":{"rendered":"http:\/\/luocine.fr\/?p=5130"},"modified":"2015-12-12T08:08:05","modified_gmt":"2015-12-12T07:08:05","slug":"la-terre-qui-penche-carole-martinez","status":"publish","type":"post","link":"https:\/\/luocine.fr\/?p=5130","title":{"rendered":"La terre qui penche        &#8211; Carole MARTINEZ"},"content":{"rendered":"<p><a href=\"http:\/\/luocine.fr\/wp-content\/uploads\/2015\/12\/20151113_120910.jpg\"><img loading=\"lazy\" decoding=\"async\" class=\"aligncenter size-large wp-image-5139\" src=\"http:\/\/luocine.fr\/wp-content\/uploads\/2015\/12\/20151113_120910-1024x576.jpg\" alt=\"20151113_120910\" width=\"580\" height=\"326\" srcset=\"https:\/\/luocine.fr\/wp-content\/uploads\/2015\/12\/20151113_120910-1024x576.jpg 1024w, https:\/\/luocine.fr\/wp-content\/uploads\/2015\/12\/20151113_120910-300x169.jpg 300w\" sizes=\"auto, (max-width: 580px) 100vw, 580px\" \/><\/a><em>Lu dans le cadre du club de lecture de <a href=\"http:\/\/www.lourse.fr\/\">la m\u00e9diath\u00e8que de Dinard<\/a>.<\/em><\/p>\n<p><a href=\"http:\/\/luocine.fr\/wp-content\/uploads\/2014\/10\/4.jpg\"><img loading=\"lazy\" decoding=\"async\" class=\"size-full wp-image-725 alignleft\" src=\"http:\/\/luocine.fr\/wp-content\/uploads\/2014\/10\/4.jpg\" alt=\"4\" width=\"200\" height=\"58\" \/><\/a>L&rsquo;ennuie avec les lectures du Club comme avec la tenue du blog, c&rsquo;est que j&rsquo;encha\u00eene la lecture les livres trop rapidement. Pour certains, ce n&rsquo;est pas si grave car ils font partie de la lecture d\u00e9tente, et je suis ravie de partager ces moments avec les lectrices et lecteurs de mon blog. D&rsquo;autres r\u00e9sonnent plus profond\u00e9ment en moi, et je veux les lire et relire jusqu&rsquo;\u00e0 ce que je les poss\u00e8de et qu&rsquo;ils m&rsquo;appartiennent. Les livres ne m&rsquo;ont jamais appartenu parce qu\u2019ils sont bien rang\u00e9s dans mes rayonnages, cela je l&rsquo;ai cru dans ma jeunesse. Ils m&rsquo;appartiennent parce que je sais me souvenir, en les \u00e9voquant, du plaisir qu&rsquo;ils ont su me procurer. Avec Carole Martinez, il faut du temps pour savourer son histoire et sa fa\u00e7on de la raconter.<\/p>\n<p>Toutes les lectrices qui aiment ses livres sont sous le charme de son \u00e9criture passionn\u00e9e. Aussi bien \u00ab&#160;<a href=\"http:\/\/esfanasdelivres.canalblog.com\/archives\/2015\/11\/07\/32803568.html#utm_medium=email&amp;utm_source=notification&amp;utm_campaign=lesfanasdelivres\">les fanas de livres<\/a>&#160;\u00bb que <a href=\"https:\/\/leslecturesdasphodele.wordpress.com\/2015\/11\/06\/la-terre-qui-penche-de-carole-martinez\/\">Asphod\u00e8le<\/a> et <a href=\"https:\/\/krolfranca.wordpress.com\/2015\/11\/04\/la-terre-qui-penche-de-carole-martinez\/\">Krol<\/a>. Cette \u00e9criture m\u00e9rite qu&rsquo;on la d\u00e9guste par petites touches, sans se presser qu&rsquo;on puisse laisser cette histoire et la reprendre juste pour le plaisir de s&rsquo;entendre raconter une histoire tragique. Tragique comme ces petites filles mari\u00e9es au sortir de l&rsquo;enfance dans une France de 1361, si rude, ravag\u00e9e par la peste, la guerre de cent ans et les compagnies arm\u00e9es qui un temps d\u00e9s\u0153uvr\u00e9es par le trait\u00e9 de Br\u00e9tigny soumettent les populations aux violences rapines et pillages.<\/p>\n<p>Carole Martinez sait mettre son \u00e9criture au service de ce qu&rsquo;elle imagine de cette \u00e9poque. Sous sa plume, les l\u00e9gendes , la religion, les faits historiques se m\u00e9langent et nous avons l&rsquo;impression comme la petite Blanche de presque douze ans, d&rsquo;\u00eatre emport\u00e9s sur les flots de la Lou sans pouvoir ma\u00eetriser notre destin. D&rsquo;\u00eatre submerg\u00e9s par l&rsquo;angoisse et la peur des hommes capables de d\u00e9cha\u00eenements de violence. Cette violence et cette absence de respect pour la vie d&rsquo;enfants si fragiles et si expos\u00e9s aux maladies, rend la mort presque douce. Roman \u00e9trange qui ne tient que par cette \u00e9criture \u00e0 deux voix, celle de la m\u00e9moire de l&rsquo;enfant qui est devenue \u00ab&#160;la vieille \u00e2me&#160;\u00bb et qui \u00e9claire parfois la voix de \u00ab&#160;la petite fille&#160;\u00bb qui a bien du mal \u00e0 comprendre ce qui lui arrive.<\/p>\n<h1>Citations<\/h1>\n<h3 class=\"email-wrapped\">C&rsquo;est tellement vrai&#160;!<\/h3>\n<div class=\"email-wrapped\">\n<blockquote>\n<div id=\"yui_3_16_0_1_1447415121871_3101\"><em>Car qui mieux que Dieu peut l\u00e9gitimer un pouvoir temporel&#160;?<\/em><\/div>\n<div id=\"yui_3_16_0_1_1447415121871_3098\"><em>Que Dieu soit muet arrange bien les choses.<\/em><\/div>\n<\/blockquote>\n<\/div>\n<h3>La pr\u00e9sence du Diable<\/h3>\n<div id=\"yui_3_16_0_1_1447415121871_2197\" class=\"base-card-body\">\n<div id=\"yui_3_16_0_1_1447415121871_2188\" class=\"msg-body inner undoreset\" tabindex=\"0\">\n<blockquote>\n<div id=\"yui_3_16_0_1_1447415121871_2198\" class=\"email-wrapped\"><em>Le diable s&rsquo;insinue aussi dans les caresses, il rampe sur la peau des jeunes filles, c&rsquo;est m\u00eame l\u00e0 qu&rsquo;il fait son nid, le filou&#160;! On le chasse \u00e0 coups de badine&#160;! Il faut corriger ses enfants, les faire pousser droit, dit le p\u00e8re, il le faut. Sinon, gare \u00e0 l&rsquo;enfer&#160;!<\/em><br \/>\n<em> Gare \u00e0 l&rsquo;enfer o\u00f9 les morts souffrent mille morts&#160;! Gare \u00e0 l&rsquo;enfer o\u00f9 les d\u00e9mons nous \u00e9cart\u00e8lent,nous sucent la moelle des os, nous \u00e9bouillantent, nous \u00e9corchent joyeusement, nous \u00e9visc\u00e8rent et nous arrachent tout ce qui d\u00e9passe en riant&#160;!<\/em><\/div>\n<\/blockquote>\n<\/div>\n<\/div>\n<div class=\"email-wrapped\">\n<h3 id=\"yui_3_16_0_1_1447415121871_3094\">la disparition des lieux \u00e9ternels<\/h3>\n<div>\n<blockquote>\n<div id=\"yui_3_16_0_1_1447415121871_3882\">\u00a0<em>Leurs noms, leurs tombes sont d\u00e9sormais perdus. Cluny est tomb\u00e9 et, m\u00eame si les vivants prient toujours pour les morts, plus aucun nom n&rsquo;est prononc\u00e9 et ceux qui ont pay\u00e9 ne sont pas mieux servis que la vieille enterr\u00e9e dans son champ.<\/em><\/div>\n<div id=\"yui_3_16_0_1_1447415121871_3878\"><em>La puissance des repr\u00e9sentants du divin sur terre est aussi temporelle que le reste, les croyances, elles &#8211; m\u00eames, sont temporelles.<\/em><\/div>\n<\/blockquote>\n<\/div>\n<\/div>\n","protected":false},"excerpt":{"rendered":"<p>Lu dans le cadre du club de lecture de la m\u00e9diath\u00e8que de Dinard. L&rsquo;ennuie avec les lectures du Club comme avec la tenue du blog, c&rsquo;est que j&rsquo;encha\u00eene la lecture les livres trop rapidement. Pour certains, ce n&rsquo;est pas si grave car ils font partie de la lecture d\u00e9tente, et je suis ravie de partager <span class=\"ellipsis\">&hellip;<\/span> <span class=\"more-link-wrap\"><a href=\"https:\/\/luocine.fr\/?p=5130\" class=\"more-link\"><span>Read More &rarr;<\/span><\/a><\/span><\/p>\n","protected":false},"author":822092,"featured_media":0,"comment_status":"open","ping_status":"open","sticky":false,"template":"","format":"standard","meta":{"footnotes":""},"categories":[45,24,4,122,49,16],"tags":[],"class_list":["post-5130","post","type-post","status-publish","format-standard","hentry","category-4-coquillages","category-france","category-mes-preferences","category-mort","category-roman","category-roman-historique"],"_links":{"self":[{"href":"https:\/\/luocine.fr\/index.php?rest_route=\/wp\/v2\/posts\/5130","targetHints":{"allow":["GET"]}}],"collection":[{"href":"https:\/\/luocine.fr\/index.php?rest_route=\/wp\/v2\/posts"}],"about":[{"href":"https:\/\/luocine.fr\/index.php?rest_route=\/wp\/v2\/types\/post"}],"author":[{"embeddable":true,"href":"https:\/\/luocine.fr\/index.php?rest_route=\/wp\/v2\/users\/822092"}],"replies":[{"embeddable":true,"href":"https:\/\/luocine.fr\/index.php?rest_route=%2Fwp%2Fv2%2Fcomments&post=5130"}],"version-history":[{"count":0,"href":"https:\/\/luocine.fr\/index.php?rest_route=\/wp\/v2\/posts\/5130\/revisions"}],"wp:attachment":[{"href":"https:\/\/luocine.fr\/index.php?rest_route=%2Fwp%2Fv2%2Fmedia&parent=5130"}],"wp:term":[{"taxonomy":"category","embeddable":true,"href":"https:\/\/luocine.fr\/index.php?rest_route=%2Fwp%2Fv2%2Fcategories&post=5130"},{"taxonomy":"post_tag","embeddable":true,"href":"https:\/\/luocine.fr\/index.php?rest_route=%2Fwp%2Fv2%2Ftags&post=5130"}],"curies":[{"name":"wp","href":"https:\/\/api.w.org\/{rel}","templated":true}]}}