{"id":4738,"date":"2015-10-22T08:45:17","date_gmt":"2015-10-22T06:45:17","guid":{"rendered":"http:\/\/luocine.fr\/?p=4738"},"modified":"2015-10-12T11:15:55","modified_gmt":"2015-10-12T09:15:55","slug":"la-fille-de-mon-meilleur-ami-yves-ravey","status":"publish","type":"post","link":"https:\/\/luocine.fr\/?p=4738","title":{"rendered":"La fille de mon meilleur ami   -Yves RAVEY"},"content":{"rendered":"<p style=\"text-align: left;\"><a href=\"http:\/\/luocine.fr\/wp-content\/uploads\/2015\/09\/20150915_124335.jpg\"><img loading=\"lazy\" decoding=\"async\" class=\"aligncenter size-large wp-image-4739\" src=\"http:\/\/luocine.fr\/wp-content\/uploads\/2015\/09\/20150915_124335-1024x576.jpg\" alt=\"20150915_124335\" width=\"580\" height=\"326\" srcset=\"https:\/\/luocine.fr\/wp-content\/uploads\/2015\/09\/20150915_124335-1024x576.jpg 1024w, https:\/\/luocine.fr\/wp-content\/uploads\/2015\/09\/20150915_124335-300x169.jpg 300w\" sizes=\"auto, (max-width: 580px) 100vw, 580px\" \/><\/a><\/p>\n<p><a href=\"http:\/\/luocine.fr\/wp-content\/uploads\/2014\/10\/3.jpg\"><img loading=\"lazy\" decoding=\"async\" class=\"size-full wp-image-724 alignleft\" src=\"http:\/\/luocine.fr\/wp-content\/uploads\/2014\/10\/3.jpg\" alt=\"3\" width=\"200\" height=\"58\" \/><\/a>L&rsquo;avantage de prendre une ann\u00e9e de plus ce n&rsquo;est pas d&rsquo;en avoir une de moins \u00e0 vivre, \u00e9videmment, mais c&rsquo;est de recevoir des livres qui ont plu \u00e0 vos proches. Je ne connaissais pas cet auteur, je suis ravie de l&rsquo;avoir d\u00e9couvert. Je l&rsquo;ai lu dans le train Saint Malo-Paris, et le plus gros reproche que je puisse faire, c&rsquo;est qu&rsquo;il ne m&rsquo;a permis d&rsquo;aller que jusqu&rsquo;\u00e0 Vitr\u00e9.<\/p>\n<p>Probl\u00e8me pour vous pr\u00e9senter ce roman sans le \u00ab&#160;divulgacher&#160;\u00bb car tout est dans le suspens, j&rsquo;imagine vos cris d&rsquo;horreur si je vous raconte un tant soit peu cette histoire. Le d\u00e9but&#160;: un certain William, promet \u00e0 son meilleur ami qui va mourir de retrouver sa fille Mathilde, celle-ci a \u00e9t\u00e9 en h\u00f4pital psychiatrique et a eu un enfant qu&rsquo;elle n&rsquo;a plus le droit de voir. J&rsquo;ai donc pens\u00e9 \u00e0 un roman sur la mis\u00e8re sociale et sur le d\u00e9vouement d&rsquo;un homme fid\u00e8le \u00e0 ses promesses. J&rsquo;ai eu tout faux et je suis partie dans l&rsquo;imaginaire de cet \u00e9crivain grin\u00e7ant et irrespectueux en esp\u00e9rant que l&rsquo;histoire se termine bien.<\/p>\n<p>Voil\u00e0, je n&rsquo;ai rien d\u00e9voil\u00e9, je vais utiliser les proc\u00e9d\u00e9s de <a href=\"https:\/\/krolfranca.wordpress.com\/\">Krol<\/a>&#160;: lisez-le, puisque je n&rsquo;ai pas pu l&rsquo;abandonner, si vous avez deux heures \u00e0 passer dans les transports, vous oublierez tout.<\/p>\n<h1>Citations<\/h1>\n<h3>Un indice donn\u00e9 au d\u00e9but du roman<\/h3>\n<div>\n<blockquote>\n<div id=\"yui_3_16_0_1_1443181420257_2492\"><em>Le nom du syndicat m&rsquo;est revenu \u00e0 l&rsquo;esprit. J&rsquo;avais aper\u00e7u une affiche dans le bureau du personnel lors de mon renvoi, pour faute grave et escroquerie, des \u00e9tablissements Vernerey<\/em><\/div>\n<\/blockquote>\n<\/div>\n<h3>Une m\u00e8re qui a du mal avec le principe de r\u00e9alit\u00e9<\/h3>\n<blockquote>\n<div>\u00a0<em>C&rsquo;est compl\u00e8tement idiot de voler une paire de lunettes de soleil. Imagine&#160;! Mathilde&#160;! Tu veux te retrouver au poste de police&#160;? En train d&rsquo;expliquer ton intention de revoir ton fils contre la d\u00e9cision du juge&#160;!&#160;? Mais Mathilde ne voyait pas le rapport entre ces lunettes et son fils.<\/em><\/div>\n<\/blockquote>\n","protected":false},"excerpt":{"rendered":"<p>L&rsquo;avantage de prendre une ann\u00e9e de plus ce n&rsquo;est pas d&rsquo;en avoir une de moins \u00e0 vivre, \u00e9videmment, mais c&rsquo;est de recevoir des livres qui ont plu \u00e0 vos proches. Je ne connaissais pas cet auteur, je suis ravie de l&rsquo;avoir d\u00e9couvert. Je l&rsquo;ai lu dans le train Saint Malo-Paris, et le plus gros reproche <span class=\"ellipsis\">&hellip;<\/span> <span class=\"more-link-wrap\"><a href=\"https:\/\/luocine.fr\/?p=4738\" class=\"more-link\"><span>Read More &rarr;<\/span><\/a><\/span><\/p>\n","protected":false},"author":822092,"featured_media":0,"comment_status":"open","ping_status":"open","sticky":false,"template":"","format":"standard","meta":{"footnotes":""},"categories":[44,102,24,123,49],"tags":[],"class_list":["post-4738","post","type-post","status-publish","format-standard","hentry","category-3-coquillages","category-enfance-malheureuse","category-france","category-misere-sociale","category-roman"],"_links":{"self":[{"href":"https:\/\/luocine.fr\/index.php?rest_route=\/wp\/v2\/posts\/4738","targetHints":{"allow":["GET"]}}],"collection":[{"href":"https:\/\/luocine.fr\/index.php?rest_route=\/wp\/v2\/posts"}],"about":[{"href":"https:\/\/luocine.fr\/index.php?rest_route=\/wp\/v2\/types\/post"}],"author":[{"embeddable":true,"href":"https:\/\/luocine.fr\/index.php?rest_route=\/wp\/v2\/users\/822092"}],"replies":[{"embeddable":true,"href":"https:\/\/luocine.fr\/index.php?rest_route=%2Fwp%2Fv2%2Fcomments&post=4738"}],"version-history":[{"count":0,"href":"https:\/\/luocine.fr\/index.php?rest_route=\/wp\/v2\/posts\/4738\/revisions"}],"wp:attachment":[{"href":"https:\/\/luocine.fr\/index.php?rest_route=%2Fwp%2Fv2%2Fmedia&parent=4738"}],"wp:term":[{"taxonomy":"category","embeddable":true,"href":"https:\/\/luocine.fr\/index.php?rest_route=%2Fwp%2Fv2%2Fcategories&post=4738"},{"taxonomy":"post_tag","embeddable":true,"href":"https:\/\/luocine.fr\/index.php?rest_route=%2Fwp%2Fv2%2Ftags&post=4738"}],"curies":[{"name":"wp","href":"https:\/\/api.w.org\/{rel}","templated":true}]}}