{"id":4124,"date":"2015-06-04T08:40:35","date_gmt":"2015-06-04T06:40:35","guid":{"rendered":"http:\/\/luocine.fr\/?p=4124"},"modified":"2015-06-03T20:43:06","modified_gmt":"2015-06-03T18:43:06","slug":"dans-lenfer-des-foyers-lyes-l","status":"publish","type":"post","link":"https:\/\/luocine.fr\/?p=4124","title":{"rendered":"Dans l&rsquo;enfer des foyers                &#8211; LYES .L."},"content":{"rendered":"<p style=\"text-align: center;\"><a href=\"http:\/\/luocine.fr\/wp-content\/uploads\/2015\/05\/P1030168.jpg\"><img loading=\"lazy\" decoding=\"async\" class=\"alignnone wp-image-4123 size-large\" src=\"http:\/\/luocine.fr\/wp-content\/uploads\/2015\/05\/P1030168-1024x768.jpg\" alt=\"P1030168\" width=\"580\" height=\"435\" srcset=\"https:\/\/luocine.fr\/wp-content\/uploads\/2015\/05\/P1030168-1024x768.jpg 1024w, https:\/\/luocine.fr\/wp-content\/uploads\/2015\/05\/P1030168-300x225.jpg 300w\" sizes=\"auto, (max-width: 580px) 100vw, 580px\" \/><\/a><\/p>\n<p style=\"text-align: left;\">Il aurait fallu si peu de chose pour que ce livre ne soit jamais \u00e9crit&#160;: que le placement de Lyes par l&rsquo;ASE, qui avait si bien commenc\u00e9 dans une famille aimante pr\u00eate \u00e0 l&rsquo;adopter ne quitte la r\u00e9gion parisienne. Comme il le dit lui m\u00eame, ces cinq ans de bonheur normal lui ont sans doute forg\u00e9 des forces pour \u00eatre debout aujourd&rsquo;hui. Ensuite ce sera l&rsquo;enfer pour lui d&rsquo;abord, et lorsque les adultes qui auront \u00e0 s&rsquo;occuper de lui l&rsquo;auront bien \u00e9crabouill\u00e9 et d\u00e9truit en lui, toute trace de na\u00efvet\u00e9 de son enfance, ce sera l&rsquo;enfer pour tous ceux ou celles qui devront l&rsquo;approcher.<\/p>\n<p style=\"text-align: left;\">Il veut t\u00e9moigner de ce que sont les foyers o\u00f9 on m\u00e9lange les enfants de 8 ans avec des jeunes de 17 ans, du peu de surveillance de certaines famille d&rsquo;accueil, de l&rsquo;absurdit\u00e9 des placements successifs, l&rsquo;abus de l&rsquo;utilisation des m\u00e9dicaments lorsqu&rsquo;un enfant est agit\u00e9 et du mal que peut cr\u00e9er le lien avec la m\u00e8re biologique au d\u00e9triment de l&rsquo;enfant. Un argument donn\u00e9 par son r\u00e9f\u00e9rent de L&rsquo;ASE pour ne pas le laisser dans la famille d&rsquo;accueil qui voulait absolument le garder (et qui a su conserver un lien avec lui), c&rsquo;est que sa m\u00e8re intern\u00e9e en HP ne gardait que ce fil si fragile pour ne pas sombrer dans une d\u00e9mence encore plus grave.<\/p>\n<p style=\"text-align: left;\">Encore un t\u00e9moignage important pour ne pas oublier que dans notre soci\u00e9t\u00e9 on est loin de faire tout ce qu&rsquo;il faut pour des enfants priv\u00e9s de parents responsables, c&rsquo;est dans ce foyer qu&rsquo;il prendra conscience qu&rsquo;il est \u00ab&#160;arabe&#160;\u00bb et j&rsquo;ai lu son t\u00e9moignage en pensant aux fr\u00e8res Kouachi, ils ont connu eux-aussi aussi l&rsquo;enfer des foyers, et les \u00e9ducateurs les trouvaient&#8230; <em>\u00ab&#160;gentils&#160;\u00bb<\/em>&#160;!<\/p>\n","protected":false},"excerpt":{"rendered":"<p>Il aurait fallu si peu de chose pour que ce livre ne soit jamais \u00e9crit&#160;: que le placement de Lyes par l&rsquo;ASE, qui avait si bien commenc\u00e9 dans une famille aimante pr\u00eate \u00e0 l&rsquo;adopter ne quitte la r\u00e9gion parisienne. Comme il le dit lui m\u00eame, ces cinq ans de bonheur normal lui ont sans doute <span class=\"ellipsis\">&hellip;<\/span> <span class=\"more-link-wrap\"><a href=\"https:\/\/luocine.fr\/?p=4124\" class=\"more-link\"><span>Read More &rarr;<\/span><\/a><\/span><\/p>\n","protected":false},"author":822092,"featured_media":0,"comment_status":"open","ping_status":"open","sticky":false,"template":"","format":"standard","meta":{"footnotes":""},"categories":[7,102,8,24],"tags":[],"class_list":["post-4124","post","type-post","status-publish","format-standard","hentry","category-autobiographie","category-enfance-malheureuse","category-essai","category-france"],"_links":{"self":[{"href":"https:\/\/luocine.fr\/index.php?rest_route=\/wp\/v2\/posts\/4124","targetHints":{"allow":["GET"]}}],"collection":[{"href":"https:\/\/luocine.fr\/index.php?rest_route=\/wp\/v2\/posts"}],"about":[{"href":"https:\/\/luocine.fr\/index.php?rest_route=\/wp\/v2\/types\/post"}],"author":[{"embeddable":true,"href":"https:\/\/luocine.fr\/index.php?rest_route=\/wp\/v2\/users\/822092"}],"replies":[{"embeddable":true,"href":"https:\/\/luocine.fr\/index.php?rest_route=%2Fwp%2Fv2%2Fcomments&post=4124"}],"version-history":[{"count":0,"href":"https:\/\/luocine.fr\/index.php?rest_route=\/wp\/v2\/posts\/4124\/revisions"}],"wp:attachment":[{"href":"https:\/\/luocine.fr\/index.php?rest_route=%2Fwp%2Fv2%2Fmedia&parent=4124"}],"wp:term":[{"taxonomy":"category","embeddable":true,"href":"https:\/\/luocine.fr\/index.php?rest_route=%2Fwp%2Fv2%2Fcategories&post=4124"},{"taxonomy":"post_tag","embeddable":true,"href":"https:\/\/luocine.fr\/index.php?rest_route=%2Fwp%2Fv2%2Ftags&post=4124"}],"curies":[{"name":"wp","href":"https:\/\/api.w.org\/{rel}","templated":true}]}}