{"id":410,"date":"2012-10-04T09:12:17","date_gmt":"2012-10-04T09:12:17","guid":{"rendered":"http:\/\/luocine.fr\/?p=410"},"modified":"2014-10-09T13:08:57","modified_gmt":"2014-10-09T12:08:57","slug":"shadow-dancer-james-march","status":"publish","type":"post","link":"https:\/\/luocine.fr\/?p=410","title":{"rendered":"Shadow Dancer &#8211; James March"},"content":{"rendered":"<p><img loading=\"lazy\" decoding=\"async\" class=\"CtreTexte aligncenter\" src=\"http:\/\/img.over-blog.com\/300x212\/2\/31\/23\/40\/shadow-dancer-001.jpg\" alt=\"shadow dancer 001\" width=\"300\" height=\"212\" \/><\/p>\n<p><em>Film qui a re\u00e7u <strong>le prix du jury<\/strong> et <strong>le prix du public<\/strong> au festival au festival britannique 2012<\/em><\/p>\n<p><em>\u00a0<\/em>Encore un film sur la difficult\u00e9 de vivre en Irlande du Nord du temps de l&rsquo;IRA. Le film est soutenu par un suspens tr\u00e8s bien men\u00e9 , je ne m&rsquo;attendais pas du tout \u00e0 la fin. J ai beaucoup pens\u00e9 au livre de <a href=\"http:\/\/luocine.over-blog.com\/article-retour-a-killybegs-sorj-challandon-87095586.html\">Sorj Challandon, retour \u00e0 Killybeg<\/a>. Le combat des jusqu\u2019au-boutistes de l &lsquo;Ira est tr\u00e8s bien racont\u00e9. Il est vrai que c&rsquo;est plus facile aujourd&rsquo;hui de critiquer l&rsquo;IRA que du temps de la guerre civile. La police anglaise n&rsquo;est pas non \u00e9pargn\u00e9e. Les acteurs sont excellents .<\/p>\n<p>Rapidement le sujet&#160;: une jeune m\u00e8re de famille appartenant \u00e0 une famille de combattants de l&rsquo;IRA, est arr\u00eat\u00e9 alors qu&rsquo;elle va commettre un attentat, on lui propose de surveiller ses fr\u00e8res pour ne pas faire ses 25 ans de prison.<\/p>\n<p>Les premi\u00e8res sc\u00e8nes sont absolument remarquables. Je pense que ce film conna\u00eetra un grand succ\u00e8s bien m\u00e9rit\u00e9.<\/p>\n","protected":false},"excerpt":{"rendered":"<p>Film qui a re\u00e7u le prix du jury et le prix du public au festival au festival britannique 2012 \u00a0Encore un film sur la difficult\u00e9 de vivre en Irlande du Nord du temps de l&rsquo;IRA. Le film est soutenu par un suspens tr\u00e8s bien men\u00e9 , je ne m&rsquo;attendais pas du tout \u00e0 la fin. <span class=\"ellipsis\">&hellip;<\/span> <span class=\"more-link-wrap\"><a href=\"https:\/\/luocine.fr\/?p=410\" class=\"more-link\"><span>Read More &rarr;<\/span><\/a><\/span><\/p>\n","protected":false},"author":822092,"featured_media":0,"comment_status":"open","ping_status":"open","sticky":false,"template":"","format":"standard","meta":{"footnotes":""},"categories":[33],"tags":[],"class_list":["post-410","post","type-post","status-publish","format-standard","hentry","category-festival"],"_links":{"self":[{"href":"https:\/\/luocine.fr\/index.php?rest_route=\/wp\/v2\/posts\/410","targetHints":{"allow":["GET"]}}],"collection":[{"href":"https:\/\/luocine.fr\/index.php?rest_route=\/wp\/v2\/posts"}],"about":[{"href":"https:\/\/luocine.fr\/index.php?rest_route=\/wp\/v2\/types\/post"}],"author":[{"embeddable":true,"href":"https:\/\/luocine.fr\/index.php?rest_route=\/wp\/v2\/users\/822092"}],"replies":[{"embeddable":true,"href":"https:\/\/luocine.fr\/index.php?rest_route=%2Fwp%2Fv2%2Fcomments&post=410"}],"version-history":[{"count":0,"href":"https:\/\/luocine.fr\/index.php?rest_route=\/wp\/v2\/posts\/410\/revisions"}],"wp:attachment":[{"href":"https:\/\/luocine.fr\/index.php?rest_route=%2Fwp%2Fv2%2Fmedia&parent=410"}],"wp:term":[{"taxonomy":"category","embeddable":true,"href":"https:\/\/luocine.fr\/index.php?rest_route=%2Fwp%2Fv2%2Fcategories&post=410"},{"taxonomy":"post_tag","embeddable":true,"href":"https:\/\/luocine.fr\/index.php?rest_route=%2Fwp%2Fv2%2Ftags&post=410"}],"curies":[{"name":"wp","href":"https:\/\/api.w.org\/{rel}","templated":true}]}}