{"id":4097,"date":"2015-05-29T09:05:19","date_gmt":"2015-05-29T07:05:19","guid":{"rendered":"http:\/\/luocine.fr\/?p=4097"},"modified":"2022-12-03T15:43:47","modified_gmt":"2022-12-03T14:43:47","slug":"le-tabac-tresniek-robert-seethaler","status":"publish","type":"post","link":"https:\/\/luocine.fr\/?p=4097","title":{"rendered":"Le Tabac Tresniek                              &#8211; Robert SEETHALER"},"content":{"rendered":"<p><a href=\"http:\/\/luocine.fr\/wp-content\/uploads\/2015\/05\/DSC04104.jpg\"><img loading=\"lazy\" decoding=\"async\" class=\"wp-image-4098 size-large aligncenter\" src=\"http:\/\/luocine.fr\/wp-content\/uploads\/2015\/05\/DSC04104-1024x683.jpg\" alt=\"SONY DSC\" width=\"580\" height=\"387\" srcset=\"https:\/\/luocine.fr\/wp-content\/uploads\/2015\/05\/DSC04104-1024x683.jpg 1024w, https:\/\/luocine.fr\/wp-content\/uploads\/2015\/05\/DSC04104-300x200.jpg 300w, https:\/\/luocine.fr\/wp-content\/uploads\/2015\/05\/DSC04104.jpg 1920w\" sizes=\"auto, (max-width: 580px) 100vw, 580px\" \/><\/a><em>Traduit de l&rsquo;allemand (Autriche) par \u00c9lisabeth Landed.<\/em><br \/>\n<em>Lu dans le cadre du club de lecture de<a href=\"http:\/\/lourse.fr\/\"> la m\u00e9diath\u00e8que de Dinard<\/a>.<\/em><\/p>\n<p><a href=\"http:\/\/luocine.fr\/wp-content\/uploads\/2014\/10\/4.jpg\"><img loading=\"lazy\" decoding=\"async\" class=\" size-full wp-image-725 alignleft\" src=\"http:\/\/luocine.fr\/wp-content\/uploads\/2014\/10\/4.jpg\" alt=\"4\" width=\"200\" height=\"58\" \/><\/a><br \/>\nBeaucoup de charme \u00e0 ce roman, et surtout une \u00e9criture originale. D\u00e9j\u00e0 rep\u00e9r\u00e9 chez<a href=\"http:\/\/dasola.canalblog.com\/archives\/2015\/01\/23\/31328478.html\"> Dasola.<\/a> Comment avec une certaine l\u00e9g\u00e8ret\u00e9 traiter de la p\u00e9riode la plus horrible de l&rsquo;Autriche&#160;: 1938&#160;? C&rsquo;est \u00e9tonnant, mais Robert Seethaller y parvient, on y retrouve l&rsquo;ambiance des valses de Vienne et des p\u00e2tisseries cr\u00e9meuses. Dans ce pays de cartes postales (qui jouent leur r\u00f4le dans ce r\u00e9cit) rien de grave ne devait arriver. Oui mais voil\u00e0, les Autrichiens sont aussi des antis\u00e9mites virulents et lorsqu&rsquo;il r\u00e8gneront en ma\u00eetre sur Vienne, ils n&rsquo;auront pas besoin de leur cher F\u00fchrer pour faire laver les trottoirs \u00e0 de vieux juifs terroris\u00e9s sous l&rsquo;air goguenard de jeunes en uniforme nazi.<\/p>\n<p style=\"text-align: left;\">Et pendant ce temps, le jeune Frantz Huchel poursuit son initiation \u00e0 la vie d&rsquo;homme, en ne comprenant pas grand chose \u00e0 l&rsquo;amour. Mais en apprenant beaucoup sur la fa\u00e7on de fabriquer les cigares, et d&rsquo;\u00e9crire dans la presse des articles qu&rsquo;il faut savoir d\u00e9coder. Heureusement pour lui, il rencontre le \u00ab&#160;Docteur des Fous&#160;\u00bb et le dialogue qu&rsquo;il noue avec un v\u00e9ritable \u00ab&#160;Herr Professor Freud&#160;\u00bb lui permet de comprendre bien des choses m\u00eame si l&rsquo;\u00e2me d&rsquo;Anezca est bien difficile \u00e0 saisir. Ce roman sans concession pour les Autrichiens de l&rsquo;\u00e9poque nous balade dans tous les quartiers d&rsquo;une ville qui a toujours cultiv\u00e9 un certain art de vivre. Du buraliste qui a perdu sa jambe \u00e0 la guerre 14 en but \u00e0 la malveillance de son voisin boucher- sans doute parce qu\u2019il sert du tabac tous les clients juifs ou pas- \u00e0 l&rsquo;humoriste qui tourne en d\u00e9rision Adolf Hitler, \u00e0 la famille Freud qui se terre dans son appartement, au facteur qui voit la police secr\u00e8te ouvrir le courrier, tout ce monde se met en mouvement devant les yeux de Frantz et nous montre mieux qu&rsquo;un reportage l&rsquo;ambiance de Vienne en 1938.<\/p>\n<p style=\"text-align: left;\">J&rsquo;ai beaucoup aim\u00e9 ce retour vers le pass\u00e9 car, autant l&rsquo;Allemagne cherche \u00e0 faire un travail tr\u00e8s honn\u00eate sur son pass\u00e9, autant d&rsquo;autres pays (France y compris), comme l&rsquo;Autriche cherchent \u00e0 rendre les nazis allemands responsables de toutes les horreurs qui ont \u00e9t\u00e9 commises sur leur sol. Dans ce bureau de tabac cent pour cent autrichien, avec un auteur \u00e0 la plume l\u00e9g\u00e8re nous voyons bien que le grand fr\u00e8re n&rsquo;a pas eu \u00e0 faire grand chose pour pousser cette population \u00e0 exterminer ou chasser tous les juifs et tous ceux qui n&rsquo;\u00e9taient pas d&rsquo;accord pour voir la croix gamm\u00e9e flotter au dessus des monuments de leur capitale.<\/p>\n<h1>Citations<\/h1>\n<h3>L&rsquo;arriv\u00e9e \u00e0 Vienne en 1937<\/h3>\n<div id=\"yui_3_16_0_1_1430565595247_5797\" class=\"base-card-body\">\n<div id=\"yui_3_16_0_1_1430565595247_5738\" class=\"msg-body inner undoreset\" tabindex=\"0\">\n<div id=\"yui_3_16_0_1_1430565595247_5802\" class=\"email-wrapped\">\n<div id=\"yiv2207260286\">\n<div id=\"yui_3_16_0_1_1430565595247_5801\">\n<blockquote><p><em>En d\u00e9pit de l&rsquo;\u00e9volution confuse de la situation, et de l&rsquo;avenir politique non moins confus qui allait de pair, les affaires marchaient bien. \u00ab&#160;Les gens raffolent de cet Hitler et des mauvaises nouvelles, ce qui revient au m\u00eame, d&rsquo;ailleurs, remarquait Otto Tresniek, en tout cas, c&rsquo;est bon pour le commerce des journaux, et comme les gens fument quoi qu&rsquo;il arrive&#8230;&#160;!&#160;\u00bb<\/em><em><br \/>\n<\/em><\/p><\/blockquote>\n<\/div>\n<\/div>\n<\/div>\n<\/div>\n<h3 class=\"base-card-clear\">Le go\u00fbt des autrichiens pour les titres<\/h3>\n<div id=\"yui_3_16_0_1_1430565595247_9638\" class=\"base-card-body\">\n<div id=\"yui_3_16_0_1_1430565595247_9619\" class=\"msg-body inner undoreset\" tabindex=\"0\">\n<div id=\"yui_3_16_0_1_1430565595247_9640\" class=\"email-wrapped\">\n<div id=\"yiv3717377561\">\n<blockquote><p><em>Il y avait une chose que son apprentissage avait bien vite inculqu\u00e9e \u00e0 Frantz&#160;: de soi &#8211; disant professeurs, Vienne en comptait autant que les rives du Danube de petits galets.<\/em><\/p><\/blockquote>\n<\/div>\n<\/div>\n<\/div>\n<\/div>\n<h3 class=\"base-card-clear\">\u00a0Dialogue avec un Freud d\u00e9sabus\u00e9<\/h3>\n<div id=\"yui_3_16_0_1_1430565595247_13924\" class=\"base-card-body\">\n<div id=\"yui_3_16_0_1_1430565595247_13923\" class=\"msg-body inner undoreset\" tabindex=\"0\">\n<div id=\"yui_3_16_0_1_1430565595247_13922\" class=\"email-wrapped\">\n<div id=\"yiv4774708884\">\n<blockquote><p><em>-Et qu&rsquo;attends-tu de moi, maintenant&#160;?<br \/>\n<\/em><em>-Mais vous \u00eates docteur&#160;! Professeur m\u00eame&#160;!<br \/>\n<\/em><em>&#8211; Et alors&#160;?<br \/>\n<\/em><em>-Vous avez \u00e9crit des livres. Beaucoup de livres. Il n&rsquo;y a rien dedans qui puisse m&rsquo;aider&#160;?<br \/>\n<\/em><em>-Franchement, je ne crois pas.<br \/>\n<\/em><em>&#8211; Mais alors \u00e0 quoi ils servent tous ces livres&#160;?<br \/>\n<\/em><em>&#8211; \u00c7a , je me le demande bien parfois aussi.<\/em><\/p><\/blockquote>\n<\/div>\n<\/div>\n<\/div>\n<\/div>\n<h3 class=\"base-card-clear\">Dialogue sur les cigares<\/h3>\n<blockquote><p><em>&#8211; Un cigare de cette qualit\u00e9 n&rsquo;est pas particuli\u00e8rement donn\u00e9.<br \/>\n&#8211; C&rsquo;est parce qu\u2019il est r\u00e9colt\u00e9 par des hommes courageux sur les rives fertiles du fleuve Juan y Martinez et d\u00e9licatement roul\u00e9 \u00e0 la main par de belles femmes, dit Franz en hochant la t\u00eate avec s\u00e9rieux.<br \/>\n&#8211; Encore que, en l\u2019occurrence, je ne me m&rsquo;explique pas vraiment pourquoi le courage est cens\u00e9 constituer la qualit\u00e9 la plus \u00e9minente des cultivateurs cubains, lui opposa Freud.<\/em><\/p><\/blockquote>\n<h3 class=\"base-card-clear\">Initiation du jeune homme na\u00eff<\/h3>\n<div id=\"yui_3_16_0_1_1430565595247_19156\" class=\"base-card-body\">\n<div id=\"yui_3_16_0_1_1430565595247_19155\" class=\"msg-body inner undoreset\" tabindex=\"0\">\n<div id=\"yui_3_16_0_1_1430565595247_19154\" class=\"email-wrapped\">\n<div id=\"yiv7089868742\">\n<div id=\"yui_3_16_0_1_1430565595247_19153\">\n<blockquote><p><em>Quand on ne sait rien, on n&rsquo;a pas de soucis, se disait Franz, mais si c&rsquo;est difficile et p\u00e9nible d&rsquo;acqu\u00e9rir du savoir, c&rsquo;est encore plus difficile pour ne pas dire impossible, d&rsquo;oublier ce qu&rsquo;on sait<\/em><\/p><\/blockquote>\n<\/div>\n<\/div>\n<\/div>\n<\/div>\n<\/div>\n<h3 class=\"base-card-clear\">R\u00e9sultat de son initiation<\/h3>\n<div id=\"yui_3_16_0_1_1430565595247_24742\" class=\"base-card-body\">\n<div id=\"yui_3_16_0_1_1430565595247_24734\" class=\"msg-body inner undoreset\" tabindex=\"0\">\n<div id=\"yui_3_16_0_1_1430565595247_24741\" class=\"email-wrapped\">\n<div id=\"yiv6874380341\">\n<blockquote>\n<p class=\"base-card-clear\"><em>Nous ne venons pas au monde pour trouver des r\u00e9ponses, mais pour poser des questions. On erre \u00e0 t\u00e2tons dans une obscurit\u00e9 pratiquement constante et, avec beaucoup de chance, on voit parfois s&rsquo;allumer une petite lueur. Et avec beaucoup de courage ou de t\u00e9nacit\u00e9 ou de sottise ou, mieux les trois en m\u00eame temps, on parvient \u00e0 \u00e9mettre un petit signal par-ci par-l\u00e0.\u00a0<\/em><\/p>\n<\/blockquote>\n<\/div>\n<\/div>\n<\/div>\n<\/div>\n<\/div>\n","protected":false},"excerpt":{"rendered":"<p>Traduit de l&rsquo;allemand (Autriche) par \u00c9lisabeth Landed. Lu dans le cadre du club de lecture de la m\u00e9diath\u00e8que de Dinard. Beaucoup de charme \u00e0 ce roman, et surtout une \u00e9criture originale. D\u00e9j\u00e0 rep\u00e9r\u00e9 chez Dasola. Comment avec une certaine l\u00e9g\u00e8ret\u00e9 traiter de la p\u00e9riode la plus horrible de l&rsquo;Autriche&#160;: 1938&#160;? C&rsquo;est \u00e9tonnant, mais Robert Seethaller <span class=\"ellipsis\">&hellip;<\/span> <span class=\"more-link-wrap\"><a href=\"https:\/\/luocine.fr\/?p=4097\" class=\"more-link\"><span>Read More &rarr;<\/span><\/a><\/span><\/p>\n","protected":false},"author":822092,"featured_media":0,"comment_status":"open","ping_status":"open","sticky":false,"template":"","format":"standard","meta":{"footnotes":""},"categories":[45,106,115,96,4,83,49],"tags":[],"class_list":["post-4097","post","type-post","status-publish","format-standard","hentry","category-4-coquillages","category-antisemitisme","category-autriche","category-guerre-3945","category-mes-preferences","category-nazisme","category-roman"],"_links":{"self":[{"href":"https:\/\/luocine.fr\/index.php?rest_route=\/wp\/v2\/posts\/4097","targetHints":{"allow":["GET"]}}],"collection":[{"href":"https:\/\/luocine.fr\/index.php?rest_route=\/wp\/v2\/posts"}],"about":[{"href":"https:\/\/luocine.fr\/index.php?rest_route=\/wp\/v2\/types\/post"}],"author":[{"embeddable":true,"href":"https:\/\/luocine.fr\/index.php?rest_route=\/wp\/v2\/users\/822092"}],"replies":[{"embeddable":true,"href":"https:\/\/luocine.fr\/index.php?rest_route=%2Fwp%2Fv2%2Fcomments&post=4097"}],"version-history":[{"count":2,"href":"https:\/\/luocine.fr\/index.php?rest_route=\/wp\/v2\/posts\/4097\/revisions"}],"predecessor-version":[{"id":15842,"href":"https:\/\/luocine.fr\/index.php?rest_route=\/wp\/v2\/posts\/4097\/revisions\/15842"}],"wp:attachment":[{"href":"https:\/\/luocine.fr\/index.php?rest_route=%2Fwp%2Fv2%2Fmedia&parent=4097"}],"wp:term":[{"taxonomy":"category","embeddable":true,"href":"https:\/\/luocine.fr\/index.php?rest_route=%2Fwp%2Fv2%2Fcategories&post=4097"},{"taxonomy":"post_tag","embeddable":true,"href":"https:\/\/luocine.fr\/index.php?rest_route=%2Fwp%2Fv2%2Ftags&post=4097"}],"curies":[{"name":"wp","href":"https:\/\/api.w.org\/{rel}","templated":true}]}}