{"id":408,"date":"2012-10-04T09:11:15","date_gmt":"2012-10-04T08:11:15","guid":{"rendered":"http:\/\/luocine.fr\/?p=408"},"modified":"2014-10-07T16:40:33","modified_gmt":"2014-10-07T15:40:33","slug":"good-vibrations-glenn-leyburn-lisa-barros-dsa","status":"publish","type":"post","link":"https:\/\/luocine.fr\/?p=408","title":{"rendered":"Good Vibrations &#8211; Glenn LEYBURN, Lisa BARROS D&rsquo;SA"},"content":{"rendered":"<p><img loading=\"lazy\" decoding=\"async\" class=\"CtreTexte aligncenter\" src=\"http:\/\/img.over-blog.com\/300x213\/2\/31\/23\/40\/good-vibration-001.jpg\" alt=\"good-vibration-001.jpg\" width=\"300\" height=\"213\" \/><\/p>\n<p>Les avis des festivaliers sont tr\u00e8s partag\u00e9s sur ce film. Le sujet est tir\u00e9 de la r\u00e9alit\u00e9 , nous sommes encore \u00e0 Belfast et Terri, ne se sent ni protestant ni catholique ,il aime la musique. Il cr\u00e9e un magasin de musique et peu \u00e0 peu soutient des groupes punks. Je n&rsquo;ai aucune attirance pour cette musique mais le film a r\u00e9ussi \u00e0 me faire comprendre qu&rsquo;elle peut \u00eatre un mode d &lsquo;expression de la jeunesse quand toutes les autres voies sont ferm\u00e9es.<\/p>\n<p>Le film est un peu r\u00e9p\u00e9titif et le personnage n&rsquo;a que cela \u00e0 nous apporter&#160;: on peut \u00eatre Irlandais sans vouloir mourir pour une cause.<\/p>\n<p>Film \u00e0 voir \u00e0 mon avis.<\/p>\n","protected":false},"excerpt":{"rendered":"<p>Les avis des festivaliers sont tr\u00e8s partag\u00e9s sur ce film. Le sujet est tir\u00e9 de la r\u00e9alit\u00e9 , nous sommes encore \u00e0 Belfast et Terri, ne se sent ni protestant ni catholique ,il aime la musique. Il cr\u00e9e un magasin de musique et peu \u00e0 peu soutient des groupes punks. Je n&rsquo;ai aucune attirance pour <span class=\"ellipsis\">&hellip;<\/span> <span class=\"more-link-wrap\"><a href=\"https:\/\/luocine.fr\/?p=408\" class=\"more-link\"><span>Read More &rarr;<\/span><\/a><\/span><\/p>\n","protected":false},"author":822092,"featured_media":0,"comment_status":"open","ping_status":"open","sticky":false,"template":"","format":"standard","meta":{"footnotes":""},"categories":[33],"tags":[],"class_list":["post-408","post","type-post","status-publish","format-standard","hentry","category-festival"],"_links":{"self":[{"href":"https:\/\/luocine.fr\/index.php?rest_route=\/wp\/v2\/posts\/408","targetHints":{"allow":["GET"]}}],"collection":[{"href":"https:\/\/luocine.fr\/index.php?rest_route=\/wp\/v2\/posts"}],"about":[{"href":"https:\/\/luocine.fr\/index.php?rest_route=\/wp\/v2\/types\/post"}],"author":[{"embeddable":true,"href":"https:\/\/luocine.fr\/index.php?rest_route=\/wp\/v2\/users\/822092"}],"replies":[{"embeddable":true,"href":"https:\/\/luocine.fr\/index.php?rest_route=%2Fwp%2Fv2%2Fcomments&post=408"}],"version-history":[{"count":0,"href":"https:\/\/luocine.fr\/index.php?rest_route=\/wp\/v2\/posts\/408\/revisions"}],"wp:attachment":[{"href":"https:\/\/luocine.fr\/index.php?rest_route=%2Fwp%2Fv2%2Fmedia&parent=408"}],"wp:term":[{"taxonomy":"category","embeddable":true,"href":"https:\/\/luocine.fr\/index.php?rest_route=%2Fwp%2Fv2%2Fcategories&post=408"},{"taxonomy":"post_tag","embeddable":true,"href":"https:\/\/luocine.fr\/index.php?rest_route=%2Fwp%2Fv2%2Ftags&post=408"}],"curies":[{"name":"wp","href":"https:\/\/api.w.org\/{rel}","templated":true}]}}