{"id":406,"date":"2012-10-04T09:08:56","date_gmt":"2012-10-04T09:08:56","guid":{"rendered":"http:\/\/luocine.fr\/?p=406"},"modified":"2014-10-09T13:09:22","modified_gmt":"2014-10-09T12:09:22","slug":"life-in-a-day-kevin-macdonald","status":"publish","type":"post","link":"https:\/\/luocine.fr\/?p=406","title":{"rendered":"Life in a Day &#8211; Kevin MACDONALD"},"content":{"rendered":"<p><img loading=\"lazy\" decoding=\"async\" class=\"CtreTexte aligncenter\" src=\"http:\/\/img.over-blog.com\/300x211\/2\/31\/23\/40\/life-in-a-Day-001.jpg\" alt=\"life in a Day 001\" width=\"300\" height=\"211\" \/><\/p>\n<p>Je recopie l&rsquo;intention de ce film&#160;: Tourn\u00e9 par des r\u00e9alisateurs partout dans le monde , ce documentaire servira de capsule temporelle pour montrer aux g\u00e9n\u00e9rations future comment on vivait le .. 24 juillet 2010.<\/p>\n<p>Cela donne une succession d&rsquo;images et de tr\u00e8s courtes histoires. Certaines images sont plus marquantes que d &lsquo;autres mais cela ne fait pas un film. Sans le festival je ne me serais pas d\u00e9placer pour cela et j&rsquo;aurais eu bien raison.<\/p>\n<p>Je n&rsquo;ai pour autant pas regret\u00e9 le temps pass\u00e9 \u00e0 regarder ce film.<\/p>\n","protected":false},"excerpt":{"rendered":"<p>Je recopie l&rsquo;intention de ce film&#160;: Tourn\u00e9 par des r\u00e9alisateurs partout dans le monde , ce documentaire servira de capsule temporelle pour montrer aux g\u00e9n\u00e9rations future comment on vivait le .. 24 juillet 2010. Cela donne une succession d&rsquo;images et de tr\u00e8s courtes histoires. Certaines images sont plus marquantes que d &lsquo;autres mais cela ne <span class=\"ellipsis\">&hellip;<\/span> <span class=\"more-link-wrap\"><a href=\"https:\/\/luocine.fr\/?p=406\" class=\"more-link\"><span>Read More &rarr;<\/span><\/a><\/span><\/p>\n","protected":false},"author":822092,"featured_media":0,"comment_status":"open","ping_status":"open","sticky":false,"template":"","format":"standard","meta":{"footnotes":""},"categories":[33],"tags":[],"class_list":["post-406","post","type-post","status-publish","format-standard","hentry","category-festival"],"_links":{"self":[{"href":"https:\/\/luocine.fr\/index.php?rest_route=\/wp\/v2\/posts\/406","targetHints":{"allow":["GET"]}}],"collection":[{"href":"https:\/\/luocine.fr\/index.php?rest_route=\/wp\/v2\/posts"}],"about":[{"href":"https:\/\/luocine.fr\/index.php?rest_route=\/wp\/v2\/types\/post"}],"author":[{"embeddable":true,"href":"https:\/\/luocine.fr\/index.php?rest_route=\/wp\/v2\/users\/822092"}],"replies":[{"embeddable":true,"href":"https:\/\/luocine.fr\/index.php?rest_route=%2Fwp%2Fv2%2Fcomments&post=406"}],"version-history":[{"count":0,"href":"https:\/\/luocine.fr\/index.php?rest_route=\/wp\/v2\/posts\/406\/revisions"}],"wp:attachment":[{"href":"https:\/\/luocine.fr\/index.php?rest_route=%2Fwp%2Fv2%2Fmedia&parent=406"}],"wp:term":[{"taxonomy":"category","embeddable":true,"href":"https:\/\/luocine.fr\/index.php?rest_route=%2Fwp%2Fv2%2Fcategories&post=406"},{"taxonomy":"post_tag","embeddable":true,"href":"https:\/\/luocine.fr\/index.php?rest_route=%2Fwp%2Fv2%2Ftags&post=406"}],"curies":[{"name":"wp","href":"https:\/\/api.w.org\/{rel}","templated":true}]}}