{"id":343,"date":"2012-10-07T20:49:39","date_gmt":"2012-10-07T20:49:39","guid":{"rendered":"http:\/\/luocine.fr\/?p=343"},"modified":"2014-10-09T11:39:23","modified_gmt":"2014-10-09T10:39:23","slug":"blackout-tom-green","status":"publish","type":"post","link":"https:\/\/luocine.fr\/?p=343","title":{"rendered":"Blackout -Tom GREEN"},"content":{"rendered":"<p><img loading=\"lazy\" decoding=\"async\" class=\"CtreTexte aligncenter\" src=\"http:\/\/img.over-blog.com\/300x236\/2\/31\/23\/40\/blackout-001.jpg\" alt=\"blackout-001.jpg\" width=\"300\" height=\"236\" \/><\/p>\n<p>Le festival innove et cette ann\u00e9e nous avons eu droit \u00e0 deux s\u00e9ries t\u00e9l\u00e9. Je n&rsquo;ai pu voir que celle-ci&#160;: Blackout, et \u00e9videment le premier \u00e9pisode seulement. Cette s\u00e9rie commence bien et donne envie de voir la suite. Comme ce festival manque de salle je lui conseillerai de donner les s\u00e9ries t\u00e9l\u00e9 dans des petites salles et avec un \u00e9cran t\u00e9l\u00e9, l&rsquo;\u00e9cran de cin\u00e9ma n&rsquo;ajoute pas grand chose. Le premier \u00e9pisode de cette s\u00e9rie nous montre un homme politique alcoolique et corrompu, mais qui sauve un jeune noir qui venait de t\u00e9moigner contre la mafia locale.<\/p>\n<p>Il me semble que cette s\u00e9rie peut tenir le choc des 21 \u00e9pisodes d&rsquo;une saison mais c&rsquo;est \u00e0 voir\u2026<\/p>\n","protected":false},"excerpt":{"rendered":"<p>Le festival innove et cette ann\u00e9e nous avons eu droit \u00e0 deux s\u00e9ries t\u00e9l\u00e9. Je n&rsquo;ai pu voir que celle-ci&#160;: Blackout, et \u00e9videment le premier \u00e9pisode seulement. Cette s\u00e9rie commence bien et donne envie de voir la suite. Comme ce festival manque de salle je lui conseillerai de donner les s\u00e9ries t\u00e9l\u00e9 dans des petites <span class=\"ellipsis\">&hellip;<\/span> <span class=\"more-link-wrap\"><a href=\"https:\/\/luocine.fr\/?p=343\" class=\"more-link\"><span>Read More &rarr;<\/span><\/a><\/span><\/p>\n","protected":false},"author":822092,"featured_media":0,"comment_status":"open","ping_status":"open","sticky":false,"template":"","format":"standard","meta":{"footnotes":""},"categories":[33],"tags":[],"class_list":["post-343","post","type-post","status-publish","format-standard","hentry","category-festival"],"_links":{"self":[{"href":"https:\/\/luocine.fr\/index.php?rest_route=\/wp\/v2\/posts\/343","targetHints":{"allow":["GET"]}}],"collection":[{"href":"https:\/\/luocine.fr\/index.php?rest_route=\/wp\/v2\/posts"}],"about":[{"href":"https:\/\/luocine.fr\/index.php?rest_route=\/wp\/v2\/types\/post"}],"author":[{"embeddable":true,"href":"https:\/\/luocine.fr\/index.php?rest_route=\/wp\/v2\/users\/822092"}],"replies":[{"embeddable":true,"href":"https:\/\/luocine.fr\/index.php?rest_route=%2Fwp%2Fv2%2Fcomments&post=343"}],"version-history":[{"count":0,"href":"https:\/\/luocine.fr\/index.php?rest_route=\/wp\/v2\/posts\/343\/revisions"}],"wp:attachment":[{"href":"https:\/\/luocine.fr\/index.php?rest_route=%2Fwp%2Fv2%2Fmedia&parent=343"}],"wp:term":[{"taxonomy":"category","embeddable":true,"href":"https:\/\/luocine.fr\/index.php?rest_route=%2Fwp%2Fv2%2Fcategories&post=343"},{"taxonomy":"post_tag","embeddable":true,"href":"https:\/\/luocine.fr\/index.php?rest_route=%2Fwp%2Fv2%2Ftags&post=343"}],"curies":[{"name":"wp","href":"https:\/\/api.w.org\/{rel}","templated":true}]}}