{"id":3166,"date":"2015-01-05T14:26:13","date_gmt":"2015-01-05T13:26:13","guid":{"rendered":"http:\/\/luocine.fr\/?p=3166"},"modified":"2015-01-14T14:02:07","modified_gmt":"2015-01-14T13:02:07","slug":"charlotte-david-foenkinos","status":"publish","type":"post","link":"https:\/\/luocine.fr\/?p=3166","title":{"rendered":"CHARLOTTE   &#8211;  David FOENKINOS"},"content":{"rendered":"<p style=\"text-align: center;\"><a href=\"http:\/\/luocine.fr\/wp-content\/uploads\/2014\/12\/20141220_142838.jpg\"><img loading=\"lazy\" decoding=\"async\" class=\"alignnone wp-image-3167 size-large\" src=\"http:\/\/luocine.fr\/wp-content\/uploads\/2014\/12\/20141220_142838-1024x576.jpg\" alt=\"20141220_142838\" width=\"580\" height=\"326\" srcset=\"https:\/\/luocine.fr\/wp-content\/uploads\/2014\/12\/20141220_142838-1024x576.jpg 1024w, https:\/\/luocine.fr\/wp-content\/uploads\/2014\/12\/20141220_142838-300x169.jpg 300w\" sizes=\"auto, (max-width: 580px) 100vw, 580px\" \/><\/a><\/p>\n<div id=\"yui_3_16_0_1_1419082581957_18136\" class=\"base-card-body\">\n<div id=\"yui_3_16_0_1_1419082581957_18131\" class=\"msg-body inner undoreset\" tabindex=\"0\">\n<div id=\"yui_3_16_0_1_1419082581957_18135\" class=\"email-wrapped\">\n<div id=\"yui_3_16_0_1_1419082581957_18134\"><a href=\"http:\/\/luocine.fr\/wp-content\/uploads\/2014\/10\/4.jpg\"><img loading=\"lazy\" decoding=\"async\" class=\" size-full wp-image-725 alignleft\" src=\"http:\/\/luocine.fr\/wp-content\/uploads\/2014\/10\/4.jpg\" alt=\"4\" width=\"200\" height=\"58\" \/><\/a><br \/>\nDepuis trois mois, je veux \u00e9crire sur ce livre qui m&rsquo;a boulevers\u00e9e. Je suis contente d&rsquo;avoir attendu que le tumulte autour de cet auteur se soit un peu apais\u00e9 et de commencer l&rsquo;ann\u00e9e 2015 par un livre que j&rsquo;appr\u00e9cie pour bien des raisons. Pourtant, j&rsquo;ai lu des billets tr\u00e8s n\u00e9gatifs de blogueuses dont je partage souvent les avis (par exemple \u00ab&#160;t<a href=\"http:\/\/yspaddaden.com\/2014\/10\/31\/charlotte-david-foenkinos\/\">\u00eate de lecture<\/a> &#160;\u00bb tenue par Sandrine, qui a d\u00e9test\u00e9 le style). Je l&rsquo;ai relu, une fois encore, bien au calme dans le train qui m&rsquo;arrache \u00e0 mon coin de mer pour me conduire vers la capitale. Il est vrai que ce livre se lit rapidement, surtout \u00e0 la relecture, mais il est toujours aussi fort. Le reproche r\u00e9curent que l&rsquo;on fait \u00e0 cet auteur c&rsquo;est d&rsquo;avoir utilis\u00e9 une forme particuli\u00e8re entre prose et po\u00e9sie. Pour moi, cette fa\u00e7on d&rsquo;\u00e9crire r\u00e9pond aux probl\u00e9matiques de ce roman&#160;: comment d\u00e9crire l&rsquo;acte de cr\u00e9ation&#160;? Comment mettre son talent litt\u00e9raire au service d&rsquo;un autre talent celui d&rsquo;une peintre absolument g\u00e9niale&#160;? Et enfin, comment ne pas s&rsquo;encombrer de mots ni de phrases quand l&rsquo;\u00e9poque o\u00f9 cela se passe devenait compl\u00e8tement folle&#160;? Comment rendre l&rsquo;angoisse de cette famille o\u00f9 la folie et le suicide sont un mode d&rsquo;expression&#160;?<\/div>\n<div id=\"yui_3_16_0_1_1419082581957_18142\">David Foenkinos a d\u00e9cid\u00e9 que les phrases courtes et un passage \u00e0 la ligne \u00e0 chaque phrase lui permettait de raconter la vie de Charlotte Salomon, certains le lui reprochent, moi, j&rsquo;adh\u00e8re totalement \u00e0 son projet gr\u00e2ce \u00e0 cela, j&rsquo;ai pu reprendre ma respiration \u00e0 chaque fois que j&rsquo;\u00e9tais saisie par l&rsquo;angoisse&#160;; celle que je connais si bien, quand je lis des t\u00e9moignages \u00e0 propos des juifs allemands&#160;: vite, vite, qu&rsquo;ils fuient, qu&rsquo;ils partent&#8230; ce qui les rattache \u00e0 leur patrie me semble si ridicule par rapport \u00e0 ce qui les attend&#8230;.<\/div>\n<div>M\u00eame si vous trouvez que l&rsquo;on a d\u00e9j\u00e0 beaucoup \u00e9crit sur ce sujet, m\u00eame si cet auteur ne fait pas partie de vos auteurs pr\u00e9f\u00e9r\u00e9s, vous d\u00e9couvrirez une grande , une immense artiste qui h\u00e9las n&rsquo;a pas pu tout donner \u00e0 l&rsquo;humanit\u00e9 puisque les Nazis avaient donc d\u00e9cid\u00e9 qu&rsquo;il fallait \u00eatre dolichoc\u00e9phale, blond aux yeux bleus pour avoir le droit de peindre et de vivre , tout simplement.<\/div>\n<div style=\"text-align: left;\">Pour la d\u00e9couverte de Charlotte Salomon, je dis un immense merci \u00e0 David Foenkinos.<\/div>\n<div style=\"text-align: left;\"><\/div>\n<div style=\"text-align: left;\"><\/div>\n<div style=\"text-align: left;\"><\/div>\n<div style=\"text-align: center;\"><img loading=\"lazy\" decoding=\"async\" class=\"aligncenter\" src=\"http:\/\/www.mahj.org\/photos\/3_expositions\/zoom\/charlotte_salomon.jpg\" alt=\"\" width=\"359\" height=\"480\" \/><\/div>\n<div>\n<h4 style=\"text-align: left;\">La parution de ce billet, me permet de d\u00e9voiler une raison de plus d&rsquo;\u00eatre heureuse de commencer l&rsquo;ann\u00e9e 2015 par ce roman, et de souhaiter bonne ann\u00e9e \u00e0 tous les lectrices et lecteurs de Luocine, une toute petite Charlotte est, en effet, entr\u00e9e dans ma vie (et surtout dans celle de mon fils et ma belle fille) le 31 d\u00e9cembre 2014. Je lui d\u00e9die cet autoportrait .<\/h4>\n<\/div>\n<div><\/div>\n<h1 id=\"yiv6085323596\">Citations<\/h1>\n<\/div>\n<\/div>\n<\/div>\n<h3>L&rsquo;horreur d&rsquo;\u00eatre \u00e9lev\u00e9e par une m\u00e8re suicidaire&#160;:<\/h3>\n<blockquote>\n<p style=\"text-align: left;\"><em>Souvent, elle raconte \u00e0 Charlotte qu&rsquo;au ciel tout est plus beau.<br \/>\nEt ajoute:quand j&rsquo;y serai, je t&rsquo;enverrai une lettre pour te raconter.<br \/>\nL&rsquo;au &#8211; del\u00e0 devient une obsession.<br \/>\nTu ne veux pas que maman devienne un ange&#160;?<\/em><em><br \/>\nCe serait prodigieux, n&rsquo;est ce pas&#160;?<br \/>\n<\/em><em>Charlotte se tait.<\/em><\/p>\n<\/blockquote>\n<h3>La grand-m\u00e8re neurasth\u00e9nique<\/h3>\n<div>\n<blockquote><p><em>\u00c9videmment, sa grand m\u00e8re l&rsquo;aime profond\u00e9ment.<br \/>\nMais il y a comme une force noire dans son amour.<br \/>\nComment cette femme peut-elle s&rsquo;occuper d&rsquo;une enfant&#160;?<br \/>\n<\/em> <em>Elle, dont les deux filles se sont suicid\u00e9es.<\/em><\/p><\/blockquote>\n<h3>Le grand amour de Charlotte le professeur de chant et ses int\u00e9ressantes th\u00e9ories<\/h3>\n<blockquote><p><em>Il a d\u00e9velopp\u00e9 des th\u00e9ories nouvelles sur les m\u00e9thodes de chant.<br \/>\nIl faut aller chercher la voix au plus profond de soi.<br \/>\nComment est-il possible que les b\u00e9b\u00e9s puissent crier si longtemps&#160;?<br \/>\n<\/em><em>Et sans m\u00eame ab\u00eemer leurs codes vocales.<br \/>\n<\/em><\/p><\/blockquote>\n<h3>On en parle<\/h3>\n<p>Allez sur <a href=\"http:\/\/www.babelio.com\/livres\/Foenkinos-Charlotte\/622284\/critiques\">Babelio<\/a> vous verrez que ce roman a touch\u00e9 tant de lecteurs et de lectrices.<\/p>\n<\/div>\n","protected":false},"excerpt":{"rendered":"<p>Depuis trois mois, je veux \u00e9crire sur ce livre qui m&rsquo;a boulevers\u00e9e. Je suis contente d&rsquo;avoir attendu que le tumulte autour de cet auteur se soit un peu apais\u00e9 et de commencer l&rsquo;ann\u00e9e 2015 par un livre que j&rsquo;appr\u00e9cie pour bien des raisons. Pourtant, j&rsquo;ai lu des billets tr\u00e8s n\u00e9gatifs de blogueuses dont je partage <span class=\"ellipsis\">&hellip;<\/span> <span class=\"more-link-wrap\"><a href=\"https:\/\/luocine.fr\/?p=3166\" class=\"more-link\"><span>Read More &rarr;<\/span><\/a><\/span><\/p>\n","protected":false},"author":822092,"featured_media":0,"comment_status":"open","ping_status":"open","sticky":false,"template":"","format":"standard","meta":{"footnotes":""},"categories":[45,102,24,96,4,83,49],"tags":[],"class_list":["post-3166","post","type-post","status-publish","format-standard","hentry","category-4-coquillages","category-enfance-malheureuse","category-france","category-guerre-3945","category-mes-preferences","category-nazisme","category-roman"],"_links":{"self":[{"href":"https:\/\/luocine.fr\/index.php?rest_route=\/wp\/v2\/posts\/3166","targetHints":{"allow":["GET"]}}],"collection":[{"href":"https:\/\/luocine.fr\/index.php?rest_route=\/wp\/v2\/posts"}],"about":[{"href":"https:\/\/luocine.fr\/index.php?rest_route=\/wp\/v2\/types\/post"}],"author":[{"embeddable":true,"href":"https:\/\/luocine.fr\/index.php?rest_route=\/wp\/v2\/users\/822092"}],"replies":[{"embeddable":true,"href":"https:\/\/luocine.fr\/index.php?rest_route=%2Fwp%2Fv2%2Fcomments&post=3166"}],"version-history":[{"count":0,"href":"https:\/\/luocine.fr\/index.php?rest_route=\/wp\/v2\/posts\/3166\/revisions"}],"wp:attachment":[{"href":"https:\/\/luocine.fr\/index.php?rest_route=%2Fwp%2Fv2%2Fmedia&parent=3166"}],"wp:term":[{"taxonomy":"category","embeddable":true,"href":"https:\/\/luocine.fr\/index.php?rest_route=%2Fwp%2Fv2%2Fcategories&post=3166"},{"taxonomy":"post_tag","embeddable":true,"href":"https:\/\/luocine.fr\/index.php?rest_route=%2Fwp%2Fv2%2Ftags&post=3166"}],"curies":[{"name":"wp","href":"https:\/\/api.w.org\/{rel}","templated":true}]}}