{"id":2916,"date":"2014-12-05T09:00:36","date_gmt":"2014-12-05T08:00:36","guid":{"rendered":"http:\/\/luocine.fr\/?p=2916"},"modified":"2014-12-03T17:30:44","modified_gmt":"2014-12-03T16:30:44","slug":"elmer-gerry-alanguilan","status":"publish","type":"post","link":"https:\/\/luocine.fr\/?p=2916","title":{"rendered":"Elmer     &#8211; Gerry ALANGUILAN"},"content":{"rendered":"<p><a href=\"http:\/\/luocine.fr\/wp-content\/uploads\/2014\/11\/DSC03913.jpg\"><img loading=\"lazy\" decoding=\"async\" class=\"aligncenter wp-image-2915 size-large\" src=\"http:\/\/luocine.fr\/wp-content\/uploads\/2014\/11\/DSC03913-1024x682.jpg\" alt=\"SONY DSC\" width=\"580\" height=\"386\" srcset=\"https:\/\/luocine.fr\/wp-content\/uploads\/2014\/11\/DSC03913-1024x682.jpg 1024w, https:\/\/luocine.fr\/wp-content\/uploads\/2014\/11\/DSC03913-300x200.jpg 300w, https:\/\/luocine.fr\/wp-content\/uploads\/2014\/11\/DSC03913.jpg 1920w\" sizes=\"auto, (max-width: 580px) 100vw, 580px\" \/><\/a><em>Traduit de l&rsquo;anglais par Sidonie van den DRIES.<\/em><\/p>\n<p><a href=\"http:\/\/luocine.fr\/wp-content\/uploads\/2014\/10\/3.jpg\"><img loading=\"lazy\" decoding=\"async\" class=\"size-full wp-image-724 alignleft\" src=\"http:\/\/luocine.fr\/wp-content\/uploads\/2014\/10\/3.jpg\" alt=\"3\" width=\"200\" height=\"58\" \/><\/a><br \/>\nC&rsquo;est l&rsquo;article de <a href=\"https:\/\/cuneipage.wordpress.com\/2014\/11\/19\/ouais-cest-ca-la-vie-continue-facile-a-dire-putain\/\">Cun\u00e9<\/a> qui m&rsquo;a donn\u00e9 envie de lire ce roman graphique. Je fais de s\u00e9rieux efforts pour ne pas rester ignare au sujet des BD et autres formes dessin\u00e9es de litt\u00e9rature. Je ne cache pas ma d\u00e9ception, je n&rsquo;ai ressenti aucune \u00e9motion \u00e0 la lecture d&rsquo;Elmer. Mais si vous lisez ce billet sachez que je suis une grande n\u00e9ophyte en mati\u00e8re de BD, si j&rsquo;ose \u00e9crire un billet c&rsquo;est que, justement, quand cela me pla\u00eet, cela veut dire que le public peut \u00eatre plus large que d&rsquo;habitude.<\/p>\n<p>Ici, l&rsquo;histoire est \u00e9tonnante (mais pas tant que \u00e7a&#160;!) les poulets ont acquis depuis peu le statut d&rsquo;humain. C&rsquo;est un artifice maintes fois utilis\u00e9&#160;: et si on renversait un peu la domination habituelle sur terre&#160;? et si les animaux avaient le droit d&rsquo;exprimer ce qu&rsquo;ils ressentent \u00e0 notre \u00e9gard&#160;?<\/p>\n<p>On voit alors deux comportements se mettre en place&#160;:<\/p>\n<ul>\n<li>L&rsquo;intol\u00e9rance absolue pour tout ce qui est diff\u00e9rence.<\/li>\n<li>La fa\u00e7on abjecte dont les hommes traitent les animaux dont ils se nourrissent.<\/li>\n<\/ul>\n<p>C&rsquo;est une fable bien racont\u00e9e et on se laisse embarquer dans l&rsquo;histoire, je n&rsquo;ai pas \u00e9t\u00e9 sensible aux dessins trop fouillis et r\u00e9p\u00e9titifs \u00e0 mon go\u00fbt. Mais, comme Cun\u00e9, j&rsquo;ai bien aim\u00e9 la fa\u00e7on dont Gerry Alanguilan pr\u00e9sente son livre dans l&rsquo;introduction.<\/p>\n<h1>Citation<\/h1>\n<h3>Voici comment il pr\u00e9sente sa BD<\/h3>\n<blockquote><p><em>Merci d&rsquo;avoir pris cette bande dessin\u00e9e. Que vous l&rsquo;ayez achet\u00e9e ou emprunt\u00e9e \u00e0 quelqu&rsquo;un, merci de me donner l&rsquo;opportunit\u00e9 de partager mes histoires . C&rsquo;est ce que j&rsquo;ai toujours voulu faire depuis que je suis enfant. Quand j&rsquo;ai tenu un crayon pour la premi\u00e8re fois, cela signifiait plus que simplement dessiner. J&rsquo;allais pouvoir raconter des histoires au monde entier\u2026<\/em><\/p>\n<p><em>J&rsquo;imagine que je serai tr\u00e8s heureux en novembre quand ce livre para\u00eetra. ce moment repr\u00e9sente en quelque sorte le point culminant de mes r\u00eaves d&rsquo;enfant, quand je voulais partager mes histoires avec le monde entier. A l&rsquo;\u00e9poque, c&rsquo;\u00e9tait un r\u00eave, mais maintenant il est sur le point de devenir r\u00e9alit\u00e9. Mon moi de 42 ans ne peut pas y croire, mais celui de 7 ans aurait simplement dit&#160;:<\/em> \u00ab&#160;Mais bien s\u00fbr&#160;!&#160;\u00bb.<\/p><\/blockquote>\n","protected":false},"excerpt":{"rendered":"<p>Traduit de l&rsquo;anglais par Sidonie van den DRIES. C&rsquo;est l&rsquo;article de Cun\u00e9 qui m&rsquo;a donn\u00e9 envie de lire ce roman graphique. Je fais de s\u00e9rieux efforts pour ne pas rester ignare au sujet des BD et autres formes dessin\u00e9es de litt\u00e9rature. Je ne cache pas ma d\u00e9ception, je n&rsquo;ai ressenti aucune \u00e9motion \u00e0 la lecture <span class=\"ellipsis\">&hellip;<\/span> <span class=\"more-link-wrap\"><a href=\"https:\/\/luocine.fr\/?p=2916\" class=\"more-link\"><span>Read More &rarr;<\/span><\/a><\/span><\/p>\n","protected":false},"author":822092,"featured_media":0,"comment_status":"open","ping_status":"open","sticky":false,"template":"","format":"standard","meta":{"footnotes":""},"categories":[44,5,105,104],"tags":[],"class_list":["post-2916","post","type-post","status-publish","format-standard","hentry","category-3-coquillages","category-bandes-dessinees","category-philippines","category-racisme"],"_links":{"self":[{"href":"https:\/\/luocine.fr\/index.php?rest_route=\/wp\/v2\/posts\/2916","targetHints":{"allow":["GET"]}}],"collection":[{"href":"https:\/\/luocine.fr\/index.php?rest_route=\/wp\/v2\/posts"}],"about":[{"href":"https:\/\/luocine.fr\/index.php?rest_route=\/wp\/v2\/types\/post"}],"author":[{"embeddable":true,"href":"https:\/\/luocine.fr\/index.php?rest_route=\/wp\/v2\/users\/822092"}],"replies":[{"embeddable":true,"href":"https:\/\/luocine.fr\/index.php?rest_route=%2Fwp%2Fv2%2Fcomments&post=2916"}],"version-history":[{"count":0,"href":"https:\/\/luocine.fr\/index.php?rest_route=\/wp\/v2\/posts\/2916\/revisions"}],"wp:attachment":[{"href":"https:\/\/luocine.fr\/index.php?rest_route=%2Fwp%2Fv2%2Fmedia&parent=2916"}],"wp:term":[{"taxonomy":"category","embeddable":true,"href":"https:\/\/luocine.fr\/index.php?rest_route=%2Fwp%2Fv2%2Fcategories&post=2916"},{"taxonomy":"post_tag","embeddable":true,"href":"https:\/\/luocine.fr\/index.php?rest_route=%2Fwp%2Fv2%2Ftags&post=2916"}],"curies":[{"name":"wp","href":"https:\/\/api.w.org\/{rel}","templated":true}]}}