{"id":2834,"date":"2014-11-28T09:05:38","date_gmt":"2014-11-28T08:05:38","guid":{"rendered":"http:\/\/luocine.fr\/?p=2834"},"modified":"2016-04-14T13:50:03","modified_gmt":"2016-04-14T11:50:03","slug":"les-enquetes-de-monsieur-proust-pierre-yves-leprince","status":"publish","type":"post","link":"https:\/\/luocine.fr\/?p=2834","title":{"rendered":"les enqu\u00eates de Monsieur Proust     &#8211; Pierre-Yves LEPRINCE"},"content":{"rendered":"<p style=\"text-align: center;\"><a href=\"http:\/\/luocine.fr\/wp-content\/uploads\/2014\/11\/prous-086.jpg\"><img loading=\"lazy\" decoding=\"async\" class=\"alignnone wp-image-2785 size-large\" src=\"http:\/\/luocine.fr\/wp-content\/uploads\/2014\/11\/prous-086-1024x682.jpg\" alt=\"SONY DSC\" width=\"580\" height=\"386\" srcset=\"https:\/\/luocine.fr\/wp-content\/uploads\/2014\/11\/prous-086-1024x682.jpg 1024w, https:\/\/luocine.fr\/wp-content\/uploads\/2014\/11\/prous-086-300x200.jpg 300w, https:\/\/luocine.fr\/wp-content\/uploads\/2014\/11\/prous-086.jpg 1920w\" sizes=\"auto, (max-width: 580px) 100vw, 580px\" \/><\/a><\/p>\n<p style=\"text-align: left;\"><em>Lu dans le cadre du club de lecture de<a href=\"http:\/\/lourse.fr\/\"> la m\u00e9diath\u00e8que de Dinard<\/a>.<\/em><\/p>\n<p><a href=\"http:\/\/luocine.fr\/wp-content\/uploads\/2014\/10\/3.jpg\"><img loading=\"lazy\" decoding=\"async\" class=\"size-full wp-image-724 alignleft\" src=\"http:\/\/luocine.fr\/wp-content\/uploads\/2014\/10\/3.jpg\" alt=\"3\" width=\"200\" height=\"58\" \/><\/a><br \/>\nJ&rsquo;ai beaucoup aim\u00e9 les 100 premi\u00e8res pages du roman. Je suis une inconditionnelle de l\u2019\u0153uvre de Proust et j&rsquo;appr\u00e9cie tout ce qui peut nous rapprocher de ce grand \u00e9crivain. Le parti pris de Pierre-Yves Leprince est amusant&#160;: imaginer les m\u00e9moires d&rsquo;un coursier au service d&rsquo;un h\u00f4tel o\u00f9 aurait r\u00e9sid\u00e9 Marcel Proust. Connaissant bien <em>\u00ab&#160;La recherche du temps perdu&#160;\u00bb<\/em> , l&rsquo;auteur s&rsquo;amuse \u00e0 faire revivre diff\u00e9rents traits de caract\u00e8re du narrateur de ce grand roman en les m\u00ealant, plus ou moins habilement, \u00e0 ce qu&rsquo;on conna\u00eet de la vie r\u00e9elle de Proust, sa sant\u00e9, son amour pour sa m\u00e8re, son go\u00fbt pour les expressions et sa fa\u00e7on de rep\u00e9rer les tics de langage des uns et des autres.<\/p>\n<p style=\"text-align: left;\">Le roman se veut aussi un pastiche des romans policiers d&rsquo;Agatha Christie, nous suivons donc l&rsquo;enqu\u00eate du c\u00e9l\u00e8bre \u00e9crivain et du jeune coursier pour \u00e9lucider deux meurtres qui, comme par hasard, ont lieu pendant le s\u00e9jour de Marcel Proust \u00e0 Versailles. Cela permet \u00e0 l&rsquo;auteur de ce roman de nous faire comprendre \u00e0 quel point \u00e0 la minutie du roman correspond une minutie de \u00ab&#160;l&rsquo;enqu\u00eate&#160;\u00bb \u00e0 propos des gens, des lieux, des couleurs , des m\u0153urs de tout un chacun.<\/p>\n<p style=\"text-align: left;\">Le respect du jeune coursier permet \u00e0 Pierre-Yves Leprince d&rsquo;exprimer toute son admiration pour Marcel Proust et de nous en faire un portrait fort sympathique mais avait-il besoin de cela&#160;? En effet, qui, aujourd&rsquo;hui, a une image n\u00e9gative du petit Marcel&#160;? J&rsquo;ai bien aim\u00e9 la peinture des rapports des gens <em>\u00ab&#160;de basse extraction&#160;\u00bb<\/em> et ceux<em> \u00ab&#160;de la haute&#160;\u00bb<\/em>, je me suis amus\u00e9e au d\u00e9but de tous les clins d\u2019\u0153il \u00e0 l\u2019\u0153uvre de Proust et puis comme \u00e0 chaque fois qu&rsquo;un roman tient \u00e0 un proc\u00e9d\u00e9, celui-ci finit par me lasser. Et l&rsquo;enqu\u00eate polici\u00e8re m&rsquo;a totalement ennuy\u00e9e.<\/p>\n<h1 style=\"text-align: left;\">Citations<\/h1>\n<h3>Les classes sociales les \u00ab&#160;petites gens&#160;\u00bb&#160;:<\/h3>\n<blockquote>\n<div id=\"yui_3_16_0_1_1416324185682_5481\"><em>\u00a0En ce d\u00e9but du XXe si\u00e8cle les petites gens disaient toujours oui \u00e0 tout.<\/em><\/div>\n<div><\/div>\n<div id=\"yui_3_16_0_1_1416324185682_5490\">\n<div id=\"yui_3_16_0_1_1416324185682_9558\"><em>Mon patron disait toujours <\/em>\u00ab&#160;quand tu ne sais pas quelque chose, tais-toi, le silence impressionne les clients, ils croient que nous r\u00e9fl\u00e9chissons \u00e0 leur probl\u00e8me, ils sont contents.&#160;\u00bb<\/div>\n<\/div>\n<\/blockquote>\n<div id=\"yui_3_16_0_1_1416324185682_5490\">\n<h3>Remarque sur l&rsquo;intelligence<\/h3>\n<blockquote><p><em>Vous me croyez intelligent, n&rsquo;oubliez jamais que l&rsquo;intelligence d&rsquo;une personne peut dispara\u00eetre d&rsquo;un coup , sous l&rsquo;effet de passions aussi folles que la col\u00e8re et le jalousie, pour laisser place \u00e0 la b\u00eatise la plus b\u00eate la plus m\u00e9chante.<\/em><\/p><\/blockquote>\n<h2>On en parle<\/h2>\n<p>Pour l&rsquo;instant je n&rsquo;ai lu des billets que sur<a href=\"http:\/\/www.babelio.com\/livres\/Leprince-Les-enquetes-de-Monsieur-Proust\/582899#critiques\"> Babelio<\/a> et un blogueur qui a beaucoup aim\u00e9<a href=\"http:\/\/lebouquineur.hautetfort.com\/archive\/2014\/06\/07\/pierre-yves-leprince-les-enquetes-de-monsieur-proust-5386251.html\"> Le bouquineur<\/a>.<\/p>\n<\/div>\n","protected":false},"excerpt":{"rendered":"<p>Lu dans le cadre du club de lecture de la m\u00e9diath\u00e8que de Dinard. J&rsquo;ai beaucoup aim\u00e9 les 100 premi\u00e8res pages du roman. Je suis une inconditionnelle de l\u2019\u0153uvre de Proust et j&rsquo;appr\u00e9cie tout ce qui peut nous rapprocher de ce grand \u00e9crivain. Le parti pris de Pierre-Yves Leprince est amusant&#160;: imaginer les m\u00e9moires d&rsquo;un coursier <span class=\"ellipsis\">&hellip;<\/span> <span class=\"more-link-wrap\"><a href=\"https:\/\/luocine.fr\/?p=2834\" class=\"more-link\"><span>Read More &rarr;<\/span><\/a><\/span><\/p>\n","protected":false},"author":822092,"featured_media":0,"comment_status":"open","ping_status":"open","sticky":false,"template":"","format":"standard","meta":{"footnotes":""},"categories":[44,24,49],"tags":[],"class_list":["post-2834","post","type-post","status-publish","format-standard","hentry","category-3-coquillages","category-france","category-roman"],"_links":{"self":[{"href":"https:\/\/luocine.fr\/index.php?rest_route=\/wp\/v2\/posts\/2834","targetHints":{"allow":["GET"]}}],"collection":[{"href":"https:\/\/luocine.fr\/index.php?rest_route=\/wp\/v2\/posts"}],"about":[{"href":"https:\/\/luocine.fr\/index.php?rest_route=\/wp\/v2\/types\/post"}],"author":[{"embeddable":true,"href":"https:\/\/luocine.fr\/index.php?rest_route=\/wp\/v2\/users\/822092"}],"replies":[{"embeddable":true,"href":"https:\/\/luocine.fr\/index.php?rest_route=%2Fwp%2Fv2%2Fcomments&post=2834"}],"version-history":[{"count":0,"href":"https:\/\/luocine.fr\/index.php?rest_route=\/wp\/v2\/posts\/2834\/revisions"}],"wp:attachment":[{"href":"https:\/\/luocine.fr\/index.php?rest_route=%2Fwp%2Fv2%2Fmedia&parent=2834"}],"wp:term":[{"taxonomy":"category","embeddable":true,"href":"https:\/\/luocine.fr\/index.php?rest_route=%2Fwp%2Fv2%2Fcategories&post=2834"},{"taxonomy":"post_tag","embeddable":true,"href":"https:\/\/luocine.fr\/index.php?rest_route=%2Fwp%2Fv2%2Ftags&post=2834"}],"curies":[{"name":"wp","href":"https:\/\/api.w.org\/{rel}","templated":true}]}}