{"id":280,"date":"2013-01-22T15:19:18","date_gmt":"2013-01-22T15:19:18","guid":{"rendered":"http:\/\/luocine.fr\/?p=280"},"modified":"2014-10-30T10:42:18","modified_gmt":"2014-10-30T09:42:18","slug":"patients-grand-corps-malade","status":"publish","type":"post","link":"https:\/\/luocine.fr\/?p=280","title":{"rendered":"Patients &#8211; Grand Corps Malade"},"content":{"rendered":"<p><img loading=\"lazy\" decoding=\"async\" class=\"aligncenter\" src=\"http:\/\/1.bp.blogspot.com\/-BaT5HJVOYNg\/UOWs2bkNi1I\/AAAAAAAAC_k\/Lp1n9zxZXt4\/s1600\/Couverture+Patients.jpg\" alt=\"\" width=\"157\" height=\"230\" \/><\/p>\n<p><a href=\"http:\/\/luocine.fr\/wp-content\/uploads\/2014\/10\/3.jpg\"><img loading=\"lazy\" decoding=\"async\" class=\"size-full wp-image-724 alignleft\" src=\"http:\/\/luocine.fr\/wp-content\/uploads\/2014\/10\/3.jpg\" alt=\"3\" width=\"200\" height=\"58\" \/><\/a><br \/>\nJ&rsquo;aime entendre la voix de ce slameur, je lui trouve un charme tr\u00e8s particulier. Encore une fois, les \u00ab&#160;vrais&#160;\u00bb litt\u00e9raires lui reprochent de faire de la po\u00e9sie de bas \u00e9tage. Mais je trouve \u00e7a injuste, ses textes ne peuvent pas \u00eatre s\u00e9par\u00e9s de sa fa\u00e7on de les dire. C&rsquo;est comme si on reprochait aux chanteurs de faire de mauvais po\u00e8mes.<\/p>\n<p>Son livre raconte sa r\u00e9\u00e9ducation parmi des handicap\u00e9s parfois lourdement et souvent d\u00e9finitivement.\u00a0Il se lit tr\u00e8s vite mais il est, je pense, indispensable pour tous ceux qui ne connaissent pas le handicap. Le regard des valides sur le handicap\u00e9 ne peut changer que si nous comprenons exactement de quoi leur souffrance est faite.<\/p>\n<p>Ce livre se lit en quelques heures mais peut changer d\u00e9finitivement nos a priori sur les gens en fauteuil.<\/p>\n<h1>Citations<\/h1>\n<h3>Le plus important pour un malade<\/h3>\n<blockquote><p><em>Un bon patient sait patienter.<\/em><\/p><\/blockquote>\n<h3>Le style du livre<\/h3>\n<blockquote><p><em>Farid s&#8217;emmerde tellement quand il doit rester au lit alors que les autres partent en r\u00e9\u00e9ducation, qu&rsquo;il a invent\u00e9 le concept de \u00ab&#160;niquer une heure&#160;\u00bb. Il est \u00e0 l&rsquo;aff\u00fbt de tout ce qui peut contribuer \u00e0 faire passer le temps. Bien s\u00fbr, l&rsquo;id\u00e9al , c&rsquo;est le sommeil. Si tu fais une bonne sieste, tu \u00ab&#160;niques&#160;\u00bb une heure facilement. Un bon film \u00e0 la t\u00e9l\u00e9 peut te permettre de \u00ab&#160;niquer&#160;\u00bb une bonne heure et demie. Un long coup de t\u00e9l\u00e9phone peut \u00eatre utile pour \u00ab&#160;niquer&#160;\u00bb vingt minutes\u2026 Il est marrant ce Farid.<\/em><\/p><\/blockquote>\n<h3>\u00a0Une le\u00e7on de vie<\/h3>\n<blockquote><p><em>C&rsquo;est jamais inint\u00e9ressant de prendre une bonne claque sur ses propres id\u00e9es re\u00e7ues.<\/em><\/p><\/blockquote>\n<h1>On en parle<\/h1>\n<p><a href=\"http:\/\/www.baz-art.org\/archives\/2013\/01\/08\/26026143.html\">Chez Baz&rsquo;art<\/a><\/p>\n<h1>L&rsquo;\u00e9couter<\/h1>\n<div>\n<div><object data=\"http:\/\/www.youtube.com\/v\/lBVaLWk7jsk\" type=\"application\/x-shockwave-flash\" width=\"425\" height=\"350\"><\/object><\/div>\n<\/div>\n","protected":false},"excerpt":{"rendered":"<p>J&rsquo;aime entendre la voix de ce slameur, je lui trouve un charme tr\u00e8s particulier. Encore une fois, les \u00ab&#160;vrais&#160;\u00bb litt\u00e9raires lui reprochent de faire de la po\u00e9sie de bas \u00e9tage. Mais je trouve \u00e7a injuste, ses textes ne peuvent pas \u00eatre s\u00e9par\u00e9s de sa fa\u00e7on de les dire. C&rsquo;est comme si on reprochait aux chanteurs <span class=\"ellipsis\">&hellip;<\/span> <span class=\"more-link-wrap\"><a href=\"https:\/\/luocine.fr\/?p=280\" class=\"more-link\"><span>Read More &rarr;<\/span><\/a><\/span><\/p>\n","protected":false},"author":822092,"featured_media":0,"comment_status":"open","ping_status":"open","sticky":false,"template":"","format":"standard","meta":{"footnotes":""},"categories":[44,7,8,24],"tags":[],"class_list":["post-280","post","type-post","status-publish","format-standard","hentry","category-3-coquillages","category-autobiographie","category-essai","category-france"],"_links":{"self":[{"href":"https:\/\/luocine.fr\/index.php?rest_route=\/wp\/v2\/posts\/280","targetHints":{"allow":["GET"]}}],"collection":[{"href":"https:\/\/luocine.fr\/index.php?rest_route=\/wp\/v2\/posts"}],"about":[{"href":"https:\/\/luocine.fr\/index.php?rest_route=\/wp\/v2\/types\/post"}],"author":[{"embeddable":true,"href":"https:\/\/luocine.fr\/index.php?rest_route=\/wp\/v2\/users\/822092"}],"replies":[{"embeddable":true,"href":"https:\/\/luocine.fr\/index.php?rest_route=%2Fwp%2Fv2%2Fcomments&post=280"}],"version-history":[{"count":0,"href":"https:\/\/luocine.fr\/index.php?rest_route=\/wp\/v2\/posts\/280\/revisions"}],"wp:attachment":[{"href":"https:\/\/luocine.fr\/index.php?rest_route=%2Fwp%2Fv2%2Fmedia&parent=280"}],"wp:term":[{"taxonomy":"category","embeddable":true,"href":"https:\/\/luocine.fr\/index.php?rest_route=%2Fwp%2Fv2%2Fcategories&post=280"},{"taxonomy":"post_tag","embeddable":true,"href":"https:\/\/luocine.fr\/index.php?rest_route=%2Fwp%2Fv2%2Ftags&post=280"}],"curies":[{"name":"wp","href":"https:\/\/api.w.org\/{rel}","templated":true}]}}