{"id":263,"date":"2013-02-11T15:13:04","date_gmt":"2013-02-11T15:13:04","guid":{"rendered":"http:\/\/luocine.fr\/?p=263"},"modified":"2014-11-02T20:48:50","modified_gmt":"2014-11-02T19:48:50","slug":"les-oublies-de-la-lande-fabienne-juhel","status":"publish","type":"post","link":"https:\/\/luocine.fr\/?p=263","title":{"rendered":"Les oubli\u00e9s de la lande &#8211; Fabienne JUHEL"},"content":{"rendered":"<p><img loading=\"lazy\" decoding=\"async\" class=\"CtreTexte aligncenter\" src=\"http:\/\/ecx.images-amazon.com\/images\/I\/41UjqogijbL._SL500_AA300_.jpg\" alt=\"http:\/\/ecx.images-amazon.com\/images\/I\/41UjqogijbL._SL500_AA300_.jpg\" width=\"221\" height=\"221\" \/><\/p>\n<p><a href=\"http:\/\/luocine.fr\/wp-content\/uploads\/2014\/10\/3.jpg\"><img loading=\"lazy\" decoding=\"async\" class=\"size-full wp-image-724 alignleft\" src=\"http:\/\/luocine.fr\/wp-content\/uploads\/2014\/10\/3.jpg\" alt=\"3\" width=\"200\" height=\"58\" \/><\/a><br \/>\nCurieux livre et bilan n\u00e9gatif malgr\u00e9 quelques bonnes id\u00e9es. Curieux livre car l&rsquo;auteur invente un lieu o\u00f9 la mort ne peut pas entrer et donc les \u00eatres humains et les animaux ne vieillissent plus. Quelque bonnes id\u00e9es dans la construction logique de ce monde&#160;: car si la mort s&rsquo;y installe on risque d&rsquo;attirer l&rsquo;Ankou (le nom de la mort en breton) il faut vivre sans tuer. Il faut donc \u00eatre v\u00e9g\u00e9tarien et pour arriver \u00e0 avoir une vache qui donne du lait trouver un stratag\u00e8me pour la faire vieillir un peu mais pas trop.\u00a0Le roman raconte aussi une enqu\u00eate et essaie de nous faire peur car la mort semble \u00eatre revenue parmi eux.<\/p>\n<p>Je n&rsquo;ai absolument pas \u00e9t\u00e9 prise par l&rsquo;histoire qui \u00e0 mon avis s&rsquo;adresse plut\u00f4t \u00e0 des adolescents.\u00a0Le roman est plein de r\u00e9f\u00e9rences litt\u00e9raires, ou \u00e0 des livres \u00e0 succ\u00e8s comme <a href=\"http:\/\/luocine.fr\/?p=2010\">\u00ab&#160;la route&#160;\u00bb de Cormac MacCarthy<\/a> et des l\u00e9gendes bretonnes.<\/p>\n<p>La le\u00e7on finale est simple on a besoin de la mort pour vivre, et ceux qui veulent la fuir le font souvent pour de biens mauvaises raisons, comme le permettra de d\u00e9couvrir l&rsquo;enqu\u00eate qui d\u00e9masquera l&rsquo;arracheur de langue et le tueur du village. Le r\u00e9cit tombe \u00e0 plat et une fois termin\u00e9 je me suis demand\u00e9 pourquoi je suis all\u00e9e jusqu&rsquo;au bout .<\/p>\n<h1>Citations<\/h1>\n<h3>Le village<\/h3>\n<blockquote><p><em>Il \u00e9tait \u00e9crit dans le journal de bord de l&rsquo;a\u00efeul que d&rsquo;autres hommes viendraient remplir sa solitude , que le village attirerait ce genre d&rsquo;\u00eatres obnubil\u00e9s par la Mort en m\u00eame temps que r\u00e9fractaires \u00e0 celle-ci.<\/em><br \/>\n<em>L&rsquo;anc\u00eatre en avait accueilli une trentaine sur plusieurs d\u00e9cennies, mais tous y compris lui-m\u00eame, en \u00e9taient partis un jour, fatigu\u00e9s d&rsquo;\u00eatre au monde , fatigu\u00e9s les uns des autres.<\/em><\/p><\/blockquote>\n<h3>\u00a0La condition humaine<\/h3>\n<blockquote><p><em>Un h\u00e9ros&#160;? Est-ce qu&rsquo;on devient un h\u00e9ros en assumant sa condition de mortel&#160;?<\/em><\/p><\/blockquote>\n<h2>On en parle<\/h2>\n<p><a href=\"http:\/\/fibromaman.blogspot.fr\/2012\/09\/fabienne-juhel-les-oublies-de-la-lande.html\">Clara et les mots<\/a> qui a beaucoup aim\u00e9, comme quoi&#160;!<\/p>\n","protected":false},"excerpt":{"rendered":"<p>Curieux livre et bilan n\u00e9gatif malgr\u00e9 quelques bonnes id\u00e9es. Curieux livre car l&rsquo;auteur invente un lieu o\u00f9 la mort ne peut pas entrer et donc les \u00eatres humains et les animaux ne vieillissent plus. Quelque bonnes id\u00e9es dans la construction logique de ce monde&#160;: car si la mort s&rsquo;y installe on risque d&rsquo;attirer l&rsquo;Ankou (le <span class=\"ellipsis\">&hellip;<\/span> <span class=\"more-link-wrap\"><a href=\"https:\/\/luocine.fr\/?p=263\" class=\"more-link\"><span>Read More &rarr;<\/span><\/a><\/span><\/p>\n","protected":false},"author":822092,"featured_media":0,"comment_status":"open","ping_status":"open","sticky":false,"template":"","format":"standard","meta":{"footnotes":""},"categories":[44,24,49],"tags":[],"class_list":["post-263","post","type-post","status-publish","format-standard","hentry","category-3-coquillages","category-france","category-roman"],"_links":{"self":[{"href":"https:\/\/luocine.fr\/index.php?rest_route=\/wp\/v2\/posts\/263","targetHints":{"allow":["GET"]}}],"collection":[{"href":"https:\/\/luocine.fr\/index.php?rest_route=\/wp\/v2\/posts"}],"about":[{"href":"https:\/\/luocine.fr\/index.php?rest_route=\/wp\/v2\/types\/post"}],"author":[{"embeddable":true,"href":"https:\/\/luocine.fr\/index.php?rest_route=\/wp\/v2\/users\/822092"}],"replies":[{"embeddable":true,"href":"https:\/\/luocine.fr\/index.php?rest_route=%2Fwp%2Fv2%2Fcomments&post=263"}],"version-history":[{"count":0,"href":"https:\/\/luocine.fr\/index.php?rest_route=\/wp\/v2\/posts\/263\/revisions"}],"wp:attachment":[{"href":"https:\/\/luocine.fr\/index.php?rest_route=%2Fwp%2Fv2%2Fmedia&parent=263"}],"wp:term":[{"taxonomy":"category","embeddable":true,"href":"https:\/\/luocine.fr\/index.php?rest_route=%2Fwp%2Fv2%2Fcategories&post=263"},{"taxonomy":"post_tag","embeddable":true,"href":"https:\/\/luocine.fr\/index.php?rest_route=%2Fwp%2Fv2%2Ftags&post=263"}],"curies":[{"name":"wp","href":"https:\/\/api.w.org\/{rel}","templated":true}]}}