{"id":258,"date":"2013-02-22T15:11:38","date_gmt":"2013-02-22T15:11:38","guid":{"rendered":"http:\/\/luocine.fr\/?p=258"},"modified":"2016-12-14T16:14:44","modified_gmt":"2016-12-14T15:14:44","slug":"aux-frontieres-de-la-soif-kettly-mars","status":"publish","type":"post","link":"https:\/\/luocine.fr\/?p=258","title":{"rendered":"Aux Fronti\u00e8res de la soif &#8211; Kettly MARS"},"content":{"rendered":"<p><img loading=\"lazy\" decoding=\"async\" class=\"CtreTexte aligncenter\" src=\"http:\/\/ecx.images-amazon.com\/images\/I\/51ID7Gq946L._SL500_AA300_.jpg\" alt=\"http:\/\/ecx.images-amazon.com\/images\/I\/51ID7Gq946L._SL500_AA300_.jpg\" width=\"222\" height=\"222\" \/><\/p>\n<p><img loading=\"lazy\" decoding=\"async\" class=\"noAlign\" src=\"http:\/\/www.babelio.com\/images\/ico_critique.jpg\" alt=\"http:\/\/www.babelio.com\/images\/ico_critique.jpg\" width=\"210\" height=\"66\" \/><\/p>\n<p><a href=\"http:\/\/luocine.fr\/wp-content\/uploads\/2014\/10\/1.jpg\"><img loading=\"lazy\" decoding=\"async\" class=\"size-full wp-image-722 alignleft\" src=\"http:\/\/luocine.fr\/wp-content\/uploads\/2014\/10\/1.jpg\" alt=\"1\" width=\"200\" height=\"58\" \/><\/a><br \/>\nJe n&rsquo;aurais jamais d\u00fb me lancer dans la lecture de ce roman et donc ne pas le demander \u00e0 Babelio dans le cadre de masse critique.. J&rsquo;ai rarement \u00e9t\u00e9 aussi triste de lire un livre. J&rsquo;aurais d\u00fb savoir, gr\u00e2ce au r\u00e9sum\u00e9, que le personnage \u00ab&#160;se faufile certaines nuits dans le camp de Canaan et approche de toutes jeunes que la mis\u00e8re vend au plus offrant&#160;\u00bb. En fait de \u00ab&#160;toutes jeunes filles&#160;\u00bb il s&rsquo;agit d&rsquo;enfants de 11 et 12 ans.<\/p>\n<p>L&rsquo;auteure a donc choisi de prendre le point de vue d&rsquo;un violeur de petites filles pr\u00e9-pub\u00e8res. Je dois dire pour l&rsquo;honn\u00eat\u00e9 de la critique , qu&rsquo;elle donne aussi le point de vue de ces pauvres petites , d\u00e9go\u00fbt\u00e9es et terroris\u00e9es. Comme son personnage est aussi un \u00e9crivain , il se sortira du d\u00e9go\u00fbt de lui-m\u00eame en faisant de son histoire un roman Pourquoi ai-je choisi ce roman parmi ceux propos\u00e9s par Bab\u00e9lio, parce que j&rsquo;ai lu trop rapidement le r\u00e9sum\u00e9 et que j&rsquo;ai surtout vu que cela se passait \u00e0 Haiti apr\u00e8s le tremblement de terre et que j&rsquo;ai une passion pour ce pays depuis que j&rsquo;ai \u00e9cout\u00e9 Danny Laferri\u00e8re aux \u00ab&#160;\u00c9tonnants Voyageurs\u00bb\u00e0 Saint-Malo.<\/p>\n<p>Il est vrai qu&rsquo;en toile de fond de ce violeur de petites filles, il y a les drames de Ha\u00efti&#160;: la mis\u00e8re et la corruption. Ce qui m&rsquo;a d\u00e9plu au plus profond de moi , c&rsquo;est que cet homme retrouvera sa force de vie en faisant son penchant sexuel un roman . La cr\u00e9ation artistique comme r\u00e9demption. Je l&rsquo;ai dit en commen\u00e7ant , je n&rsquo;aurais jamais d\u00fb demander \u00e0 \u00e9crire sur ce livre j&rsquo;en suis bien incapable, je suis rest\u00e9e au niveau du d\u00e9go\u00fbt.<\/p>\n","protected":false},"excerpt":{"rendered":"<p>Je n&rsquo;aurais jamais d\u00fb me lancer dans la lecture de ce roman et donc ne pas le demander \u00e0 Babelio dans le cadre de masse critique.. J&rsquo;ai rarement \u00e9t\u00e9 aussi triste de lire un livre. J&rsquo;aurais d\u00fb savoir, gr\u00e2ce au r\u00e9sum\u00e9, que le personnage \u00ab&#160;se faufile certaines nuits dans le camp de Canaan et approche <span class=\"ellipsis\">&hellip;<\/span> <span class=\"more-link-wrap\"><a href=\"https:\/\/luocine.fr\/?p=258\" class=\"more-link\"><span>Read More &rarr;<\/span><\/a><\/span><\/p>\n","protected":false},"author":822092,"featured_media":0,"comment_status":"open","ping_status":"open","sticky":false,"template":"","format":"standard","meta":{"footnotes":""},"categories":[42,29,49],"tags":[],"class_list":["post-258","post","type-post","status-publish","format-standard","hentry","category-1-coquillage","category-haiti","category-roman"],"_links":{"self":[{"href":"https:\/\/luocine.fr\/index.php?rest_route=\/wp\/v2\/posts\/258","targetHints":{"allow":["GET"]}}],"collection":[{"href":"https:\/\/luocine.fr\/index.php?rest_route=\/wp\/v2\/posts"}],"about":[{"href":"https:\/\/luocine.fr\/index.php?rest_route=\/wp\/v2\/types\/post"}],"author":[{"embeddable":true,"href":"https:\/\/luocine.fr\/index.php?rest_route=\/wp\/v2\/users\/822092"}],"replies":[{"embeddable":true,"href":"https:\/\/luocine.fr\/index.php?rest_route=%2Fwp%2Fv2%2Fcomments&post=258"}],"version-history":[{"count":0,"href":"https:\/\/luocine.fr\/index.php?rest_route=\/wp\/v2\/posts\/258\/revisions"}],"wp:attachment":[{"href":"https:\/\/luocine.fr\/index.php?rest_route=%2Fwp%2Fv2%2Fmedia&parent=258"}],"wp:term":[{"taxonomy":"category","embeddable":true,"href":"https:\/\/luocine.fr\/index.php?rest_route=%2Fwp%2Fv2%2Fcategories&post=258"},{"taxonomy":"post_tag","embeddable":true,"href":"https:\/\/luocine.fr\/index.php?rest_route=%2Fwp%2Fv2%2Ftags&post=258"}],"curies":[{"name":"wp","href":"https:\/\/api.w.org\/{rel}","templated":true}]}}