{"id":20949,"date":"2026-01-29T06:30:58","date_gmt":"2026-01-29T05:30:58","guid":{"rendered":"https:\/\/luocine.fr\/?p=20949"},"modified":"2026-02-03T13:05:56","modified_gmt":"2026-02-03T12:05:56","slug":"le-revenant-dalbanie-jean-christophe-rufin","status":"publish","type":"post","link":"https:\/\/luocine.fr\/?p=20949","title":{"rendered":"Le revenant d&rsquo;Albanie   &#8211; Jean-Christophe RUFIN"},"content":{"rendered":"<p><a href=\"https:\/\/luocine.fr\/wp-content\/uploads\/2026\/01\/IMG_0793-scaled.jpeg\"><img loading=\"lazy\" decoding=\"async\" class=\"alignnone size-full wp-image-20954\" src=\"https:\/\/luocine.fr\/wp-content\/uploads\/2026\/01\/IMG_0793-scaled.jpeg\" alt=\"\" width=\"2560\" height=\"1920\" srcset=\"https:\/\/luocine.fr\/wp-content\/uploads\/2026\/01\/IMG_0793-scaled.jpeg 2560w, https:\/\/luocine.fr\/wp-content\/uploads\/2026\/01\/IMG_0793-300x225.jpeg 300w, https:\/\/luocine.fr\/wp-content\/uploads\/2026\/01\/IMG_0793-1024x768.jpeg 1024w, https:\/\/luocine.fr\/wp-content\/uploads\/2026\/01\/IMG_0793-768x576.jpeg 768w, https:\/\/luocine.fr\/wp-content\/uploads\/2026\/01\/IMG_0793-1536x1152.jpeg 1536w, https:\/\/luocine.fr\/wp-content\/uploads\/2026\/01\/IMG_0793-2048x1536.jpeg 2048w, https:\/\/luocine.fr\/wp-content\/uploads\/2026\/01\/IMG_0793-1320x990.jpeg 1320w\" sizes=\"auto, (max-width: 2560px) 100vw, 2560px\" \/><\/a><\/p>\n<p><em><br \/>\n\u00caditions Calemann Levy (Noir) , 216 pages, avril 2025<\/em><\/p>\n<p><a href=\"https:\/\/luocine.fr\/wp-content\/uploads\/2014\/10\/3.jpg\"><img loading=\"lazy\" decoding=\"async\" class=\"size-full wp-image-724 alignleft\" src=\"https:\/\/luocine.fr\/wp-content\/uploads\/2014\/10\/3.jpg\" alt=\"\" width=\"200\" height=\"58\" \/><\/a>Je venais de lire \u00ab&#160;<a href=\"https:\/\/luocine.fr\/?p=20767\">Nous sommes fait d&rsquo;orage&#160;\u00bb de Marie Charrel<\/a> qui se situe en Albanie , alors j&rsquo;ai d\u00e9cid\u00e9 un grand saut dans une zone peu connue pour moi, le roman policier, avec un auteur qui situe toujours ses romans au c\u0153ur d&rsquo;un probl\u00e8me historique dans des pays \u00e9trangers. Ici, nous sommes donc, en Albanie et nous sommes confront\u00e9s \u00e0 des \u00e9v\u00e8nements que j\u2019avais bien oubli\u00e9s&#160;: en 1997 la bulle financi\u00e8re fond\u00e9e sur des pyramides dites de Ponzi , tous (ou presque) les Albanais furent ruin\u00e9s. Ils se r\u00e9volt\u00e8rent alors de fa\u00e7on violente et ces \u00e9v\u00e8nements appel\u00e9s \u00ab&#160;la guerre albanaise de 1997&#160;\u00bb eurent des cons\u00e9quences qui sont encore visibles aujourd&rsquo;hui. Les Albanais se sont exil\u00e9s en grand nombre, d&rsquo;autres sont entr\u00e9s dans diff\u00e9rentes mafias qui aujourd&rsquo;hui encore sont r\u00e9put\u00e9es comme hyper violentes. Quand on parle de l&rsquo;Albanie, il faut aussi avoir en t\u00eate le code de l&rsquo;honneur traditionnel le \u00ab&#160;Kanun&#160;\u00bb .<\/p>\n<p>J&rsquo;ai \u00e9t\u00e9 int\u00e9ress\u00e9e par ces aspects du roman, pour l&rsquo;histoire polici\u00e8re beaucoup moins, mais ce roman se lit tr\u00e8s facilement. Le prologue annonce un crime, il y a un personnage r\u00e9curent, le consul Aurel originaire de Roumanie, qui conna\u00eet bien les ravages du communisme, et boit beaucoup de vin blanc. C&rsquo;est l&rsquo;enqu\u00eateur typique&#160;: mal dans sa peau, mal habill\u00e9, buvant trop mais tr\u00e8s perspicace.<\/p>\n<p>De cet auteur\u2019, j&rsquo;ai pr\u00e9f\u00e9r\u00e9 deux romans historiques&#160;: \u00ab&#160;<a href=\"https:\/\/luocine.fr\/?p=162\">Rouge Br\u00e9si<\/a>l&#160;\u00bb et surtout \u00ab&#160;<a href=\"https:\/\/luocine.fr\/?p=433\">Le grand C\u0153ur<\/a>&#160;\u00bb<\/p>\n<p>&nbsp;<\/p>\n<h1>Extraits .<\/h1>\n<h3>Fin du prologue.<\/h3>\n<blockquote>\n<div>\u00a0<em>En contrebas, sur la route circulaient des voitures et des motos. Il \u00e9tait le seul, sur ce promontoire \u00e0 garder les yeux fix\u00e9s non pas sur le paysage, mais sur la circulation. Il a attendu plusieurs minutes. Une moto de grosse cylindr\u00e9e s&rsquo;arr\u00eata. Le conducteur casqu\u00e9 en descendit et calmement cala l&rsquo;engin sur sa b\u00e9quille. Lumi\u00e8re \u00e9tait troubl\u00e9 que ce f\u00fbt un homme. Il le regarda s&rsquo;approcher sans se d\u00e9cider \u00e0 s&rsquo;enfuir. Quand le motard \u00f4ta son casque, il \u00e9tait trop tard. Un pistolet en acier brillait dans sa main.<\/em><\/div>\n<div><em>\u00a0Lumi\u00e8re comprit.\u00a0<\/em><\/div>\n<div><em>Au lieu de la renaissance qu&rsquo;il esp\u00e9rait, il rencontrait la mort.<\/em><\/div>\n<\/blockquote>\n<div><\/div>\n<h3>D\u00e9but du roman.<\/h3>\n<blockquote>\n<div>&#8211;<em> C&rsquo;est un grand bonheur de vous revoir, Aurel&#160;!<\/em><\/div>\n<div><em>\u00a0La voix gasconne du s\u00e9nateur Mauvignier r\u00e9sonnait dans la cour du palais du Luxembourg. Il \u00e9tait venu lui-m\u00eame accueillir son visiteur \u00e0 la sortie du sas de de contr\u00f4le. Aurel ne s&rsquo;attendait pas \u00e0 cet honneur et il avait pris son temps pour remettre les v\u00eatements qu&rsquo;il avait d\u00fb d\u00e9poser sur le tapis du scanner. Il se h\u00e2ta d&rsquo;enfiler sa veste en tweed, en cherchant nerveusement la manche.<\/em><\/div>\n<div><\/div>\n<\/blockquote>\n<div><\/div>\n<h3>Sc\u00e8ne au restaurant du s\u00e9nat.<\/h3>\n<div>\n<blockquote>\n<div>&#8211; <em>Des s\u00e9nateur d&rsquo;extr\u00eame-gauche&#160;! Un peu bizarre, l&rsquo;association de ces deux mots, vous ne trouvez pas&#160;? Comme si on disait&#160;: une chambre au Ritz, avec des toilettes sur le palier.<\/em><\/div>\n<\/blockquote>\n<\/div>\n<div><\/div>\n<h3>Humour.<\/h3>\n<div>\n<blockquote>\n<div>\u00a0<em>Mauvignier leva la main pour couper court \u00e0 toute flagonnerie. Aucun compliment ne se hausserait jamais jusqu&rsquo;\u00e0 la hauteur de l&rsquo;admiration qu&rsquo;il nourrissait pour lui-m\u00eame. Alors, autant rester simple.<\/em><\/div>\n<\/blockquote>\n<\/div>\n","protected":false},"excerpt":{"rendered":"<p>\u00caditions Calemann Levy (Noir) , 216 pages, avril 2025 Je venais de lire \u00ab&#160;Nous sommes fait d&rsquo;orage&#160;\u00bb de Marie Charrel qui se situe en Albanie , alors j&rsquo;ai d\u00e9cid\u00e9 un grand saut dans une zone peu connue pour moi, le roman policier, avec un auteur qui situe toujours ses romans au c\u0153ur d&rsquo;un probl\u00e8me historique <span class=\"ellipsis\">&hellip;<\/span> <span class=\"more-link-wrap\"><a href=\"https:\/\/luocine.fr\/?p=20949\" class=\"more-link\"><span>Read More &rarr;<\/span><\/a><\/span><\/p>\n","protected":false},"author":822092,"featured_media":0,"comment_status":"open","ping_status":"open","sticky":false,"template":"","format":"standard","meta":{"footnotes":""},"categories":[430,44,429,290,191,95,24,271,2,347],"tags":[],"class_list":["post-20949","post","type-post","status-publish","format-standard","hentry","category-430","category-3-coquillages","category-albanie-theme","category-amour-filial","category-civilisation-traditionnelle","category-exil","category-france","category-mafia","category-romans-policiers","category-violence"],"_links":{"self":[{"href":"https:\/\/luocine.fr\/index.php?rest_route=\/wp\/v2\/posts\/20949","targetHints":{"allow":["GET"]}}],"collection":[{"href":"https:\/\/luocine.fr\/index.php?rest_route=\/wp\/v2\/posts"}],"about":[{"href":"https:\/\/luocine.fr\/index.php?rest_route=\/wp\/v2\/types\/post"}],"author":[{"embeddable":true,"href":"https:\/\/luocine.fr\/index.php?rest_route=\/wp\/v2\/users\/822092"}],"replies":[{"embeddable":true,"href":"https:\/\/luocine.fr\/index.php?rest_route=%2Fwp%2Fv2%2Fcomments&post=20949"}],"version-history":[{"count":11,"href":"https:\/\/luocine.fr\/index.php?rest_route=\/wp\/v2\/posts\/20949\/revisions"}],"predecessor-version":[{"id":21271,"href":"https:\/\/luocine.fr\/index.php?rest_route=\/wp\/v2\/posts\/20949\/revisions\/21271"}],"wp:attachment":[{"href":"https:\/\/luocine.fr\/index.php?rest_route=%2Fwp%2Fv2%2Fmedia&parent=20949"}],"wp:term":[{"taxonomy":"category","embeddable":true,"href":"https:\/\/luocine.fr\/index.php?rest_route=%2Fwp%2Fv2%2Fcategories&post=20949"},{"taxonomy":"post_tag","embeddable":true,"href":"https:\/\/luocine.fr\/index.php?rest_route=%2Fwp%2Fv2%2Ftags&post=20949"}],"curies":[{"name":"wp","href":"https:\/\/api.w.org\/{rel}","templated":true}]}}