{"id":20411,"date":"2025-09-15T06:08:37","date_gmt":"2025-09-15T04:08:37","guid":{"rendered":"https:\/\/luocine.fr\/?p=20411"},"modified":"2025-09-17T16:31:44","modified_gmt":"2025-09-17T14:31:44","slug":"frapper-lepopee-alice-zeniter","status":"publish","type":"post","link":"https:\/\/luocine.fr\/?p=20411","title":{"rendered":"Frapper l&rsquo;\u00e9pop\u00e9e    &#8211; Alice ZENITER"},"content":{"rendered":"<p><a href=\"https:\/\/luocine.fr\/wp-content\/uploads\/2025\/09\/IMG_0749-scaled.jpeg\"><img loading=\"lazy\" decoding=\"async\" class=\"alignnone size-full wp-image-20416\" src=\"https:\/\/luocine.fr\/wp-content\/uploads\/2025\/09\/IMG_0749-scaled.jpeg\" alt=\"\" width=\"2560\" height=\"1920\" srcset=\"https:\/\/luocine.fr\/wp-content\/uploads\/2025\/09\/IMG_0749-scaled.jpeg 2560w, https:\/\/luocine.fr\/wp-content\/uploads\/2025\/09\/IMG_0749-300x225.jpeg 300w, https:\/\/luocine.fr\/wp-content\/uploads\/2025\/09\/IMG_0749-1024x768.jpeg 1024w, https:\/\/luocine.fr\/wp-content\/uploads\/2025\/09\/IMG_0749-768x576.jpeg 768w, https:\/\/luocine.fr\/wp-content\/uploads\/2025\/09\/IMG_0749-1536x1152.jpeg 1536w, https:\/\/luocine.fr\/wp-content\/uploads\/2025\/09\/IMG_0749-2048x1536.jpeg 2048w, https:\/\/luocine.fr\/wp-content\/uploads\/2025\/09\/IMG_0749-1320x990.jpeg 1320w\" sizes=\"auto, (max-width: 2560px) 100vw, 2560px\" \/><\/a><br \/>\n\u00c9ditions J&rsquo;ai lu, 406 pages, juillet 2025.<\/p>\n<p><a href=\"https:\/\/luocine.fr\/wp-content\/uploads\/2014\/10\/2.jpg\"><img loading=\"lazy\" decoding=\"async\" class=\"size-full wp-image-723 alignleft\" src=\"https:\/\/luocine.fr\/wp-content\/uploads\/2014\/10\/2.jpg\" alt=\"\" width=\"200\" height=\"58\" \/><\/a>J&rsquo;avais ador\u00e9 \u00ab&#160;<a href=\"https:\/\/luocine.fr\/?p=9361\">l&rsquo;art de perdre<\/a>\u00ab&#160;, et je n&rsquo;ai donc pas h\u00e9sit\u00e9 \u00e0 choisir ce roman. Je me suis accroch\u00e9e de toutes mes forces \u00e0 ce r\u00e9cit, et puis quand je suis arriv\u00e9e au moment o\u00f9 une re-visitation du pass\u00e9 de ce territoire \u00e0 travers une exp\u00e9rience magique qui permet au personnage principal de retrouver tous ses anc\u00eatres , l&rsquo;auteure m&rsquo;a compl\u00e8tement perdue. Je pense que pour comprendre ce qu&rsquo;il se passe en Cal\u00e9donie et \u00e9crire un roman sur ce sujet, il ne suffit pas de travailler s\u00e9rieusement sur la partie historique. Il faut pour cela comprendre de l&rsquo;int\u00e9rieur ce pays, et sans doute, on attend encore le grand \u00e9crivain Kanak, qui r\u00e9veillerait la mauvaise conscience fran\u00e7aise. Pour la Nouvelle Cal\u00e9donie, la colonisation se double de la pr\u00e9sence du bagne. Et \u00e0 ce moment l\u00e0 je me suis sentie une nouvelle fois flou\u00e9e&#160;: Alice se sert de son origine Kabyle, pour s&rsquo;approprier l&rsquo;histoire de la Nouvelle Cal\u00e9donie. En effet, des rebelles arabes ont \u00e9t\u00e9 d\u00e9port\u00e9s sur cette \u00eele au bagne qui a exist\u00e9 de 1864 jusqu&rsquo;en 1924.<\/p>\n<p>&nbsp;<\/p>\n<p>Tass le personnage principal est \u00e0 la recherche d&rsquo;elle m\u00eame et se remet difficilement d&rsquo;une rupture amoureuse en France. En retournant vers ces racines, elle cherche \u00e0 comprendre les Kanaks et leur volont\u00e9 de s&rsquo;approprier leur territoire. Au bout de 200 pages assez laborieuses, elle part enfin \u00e0 la recherche de deux de ses \u00e9l\u00e8ves jumeaux qui ont disparu. Et c&rsquo;est l\u00e0 qu&rsquo;elle rencontre un petit groupe qui cherche \u00e0 faire prendre conscience aux Blancs de Nouvelle Cal\u00e9donie qu&rsquo;ils leur ont vol\u00e9 leur \u00eele et leur fa\u00e7on de vivre en harmonie avec la nature. C&rsquo;est dans cette d\u00e9marche qu&rsquo;elle retrouvera ses racines \u00ab&#160;arabes&#160;\u00bb et que le personnage principal du roman rejoint la vie de l&rsquo;auteure. J&rsquo;ai d\u00e9j\u00e0 dit en introduction ce que j&rsquo;en pensais.<\/p>\n<p>Bref, ce roman ne m&rsquo;a pas appris grand chose sur ce pays et la fa\u00e7on dont l&rsquo;auteure le raconte m&rsquo;a vraiment d\u00e9\u00e7ue. Je ne suis pas la seule (\u00e0 \u00eatre d\u00e9\u00e7ue) <a href=\"https:\/\/lescoupsdecoeurdegeraldine.com\/2024\/12\/frapper-l-epopee-d-alice-zeniter.html\">G\u00e9raldine<\/a> me rejoint et son avis est tr\u00e8s int\u00e9ressant.<\/p>\n<h1>Extraits<\/h1>\n<h3>D\u00e9but.<\/h3>\n<div><\/div>\n<div><\/div>\n<blockquote>\n<div>\u00a0<em>C&rsquo;est une distance qui ne s&rsquo;avale pas. D&rsquo;ailleurs aucune distance ne s&rsquo;avale. Il faudrait qu&rsquo;elle arr\u00eate d&rsquo;utiliser cette expression, elle ne sait pas d&rsquo;o\u00f9 elle vient, elle ne sait pas \u00e0 qui elle l&#8217;emprunte quand elle pense dans ces termes &#8211; peut-elle m\u00eame pr\u00e9tendre qu&rsquo;elle pense&#160;? Au mieux, elle fait du patchwork avec des vieux chiffons de mots qui lui tra\u00eenent dans les coins du cr\u00e2ne.<\/em><\/div>\n<\/blockquote>\n<h3>La nouvelle Cal\u00e9donie et la destruction de la nature.<\/h3>\n<div>\n<blockquote>\n<div><em>Quand son p\u00e8re racontait la vie de la Grande Terre, elle paraissait in\u00e9puisable. Tass est persuad\u00e9e qu&rsquo;il n&rsquo;aurait pas support\u00e9 de la d\u00e9couvrir si fragile, menac\u00e9e, au bord de l&rsquo;extinction. La lenteur n\u00e9cessaire \u00e0 l&rsquo;\u00e9cosyst\u00e8me ne s&rsquo;est r\u00e9v\u00e9l\u00e9 que r\u00e9cemment, elle a \u00e9t\u00e9 lente \u00e0 se montrer o\u00f9 peut-\u00eatre que les humains ont \u00e9t\u00e9 lents \u00e0 comprendre\u00a0&#160;:<\/em><\/div>\n<div><em>pour qu&rsquo;une tortue atteigne la maturit\u00e9 sexuelle, il lui faut trente ou trente-cinq ans,<\/em><\/div>\n<div><em>pour qu&rsquo;une for\u00eat repousse, ces for\u00eats-l\u00e0, celles qui peuvent cro\u00eetre dans des sols satur\u00e9s de fer et de m\u00e9taux lourds, il faut sept cent cinquante ans,<\/em><\/div>\n<div><em>pour qu&rsquo;une esp\u00e8ce \u00e9volue de mani\u00e8re \u00e0 se d\u00e9fendre contre des pr\u00e9dateurs, il faut un temps si long et si al\u00e9atoire que personne ne peut vraiment l&rsquo;estimer.\u00a0<\/em><\/div>\n<\/blockquote>\n<\/div>\n<h3>Les grands immeubles peu adapt\u00e9s au pays.<\/h3>\n<div>\n<blockquote>\n<div>\u00a0<em>L&rsquo;\u00e9tat fran\u00e7ais a r\u00e9pondu au probl\u00e8me local de mani\u00e8re automatique, comme chaque fois qu&rsquo;il a fallu traiter en urgence une question de logement social depuis la Seconde Guerre mondiale&#160;: avec des tours (il aurait aussi pu proposer des barres, bien s\u00fbr, mais pour des raisons que Tass ignore la Cal\u00e9donie n&rsquo;a h\u00e9rit\u00e9 que des tours). Les immeubles de Magenta beiges ou gris en fonction de la lumi\u00e8re, ressemblent \u00e0 un petit morceau de banlieue fran\u00e7aise qu&rsquo;on aurait plant\u00e9 l\u00e0, tout seul, en rase campagne, en ignorant qu&rsquo;il ne r\u00e9pond \u00e0 aucune des caract\u00e9ristiques d&rsquo;un mode de vie oc\u00e9anien. Les premi\u00e8res ann\u00e9es, les tours avaient au moins le charme de la modernit\u00e9, l&rsquo;attrait du neuf. Mais depuis des d\u00e9cennies, les associations d&rsquo;habitants se plaignent de leur d\u00e9gradation, les jeunes d\u00e9s\u0153uvr\u00e9s qui y mettent le bazar et des appartements vacants dont les balcons sont pris d&rsquo;assaut par des oiseaux diarrh\u00e9iques et bruyants.<\/em><\/div>\n<\/blockquote>\n<\/div>\n<h3>Introduction de l&rsquo;\u00e9crivain dans son propre roman.<\/h3>\n<div>\n<blockquote>\n<div>\u00a0<em>Imaginons ici que Tass, en tombant dans le trou d&rsquo;eau, soit non seulement entr\u00e9e dans une version du temps qui lui permette de voir ses anc\u00eatres, mais qu&rsquo;elle soit aussi entr\u00e9e dans une dimension qui lui permette de basculer hors de ce roman. Imaginons que, chaussures mouill\u00e9es et peau frip\u00e9, elle puise entrevoir les raisons pour lesquelles le livre qui la raconte, elle, a \u00e9t\u00e9 \u00e9crit.<\/em><\/div>\n<div><\/div>\n<div><em>\u00a0Elle me verrait alors, moi, \u00e0 Boura\u00ef ou \u00e0 Noum\u00e9a, en 2019, rencontrant \u00e0 plusieurs reprises des hommes ou des femmes qui me disent\u00a0&#160;: nous sommes peut-\u00eatre cousins. Elle me verrait rire de fa\u00e7on un peu embarrass\u00e9e trop aigu\u00eb ou trop fort, comme une personne qui n&rsquo;est pas s\u00fbre de comprendre la blague. J&rsquo;ai appris, deux jours avant seulement, que des Kabyles avaient \u00e9t\u00e9 d\u00e9port\u00e9s, transport\u00e9s et rel\u00e9gu\u00e9s en Nouvelle-Cal\u00e9donie.<\/em><\/div>\n<div><em>\u00a0Mais la question est pos\u00e9e est-ce que nous pourrions \u00eatre cousin&#160;?<\/em><\/div>\n<\/blockquote>\n<\/div>\n","protected":false},"excerpt":{"rendered":"<p>\u00c9ditions J&rsquo;ai lu, 406 pages, juillet 2025. J&rsquo;avais ador\u00e9 \u00ab&#160;l&rsquo;art de perdre\u00ab&#160;, et je n&rsquo;ai donc pas h\u00e9sit\u00e9 \u00e0 choisir ce roman. Je me suis accroch\u00e9e de toutes mes forces \u00e0 ce r\u00e9cit, et puis quand je suis arriv\u00e9e au moment o\u00f9 une re-visitation du pass\u00e9 de ce territoire \u00e0 travers une exp\u00e9rience magique qui <span class=\"ellipsis\">&hellip;<\/span> <span class=\"more-link-wrap\"><a href=\"https:\/\/luocine.fr\/?p=20411\" class=\"more-link\"><span>Read More &rarr;<\/span><\/a><\/span><\/p>\n","protected":false},"author":822092,"featured_media":0,"comment_status":"open","ping_status":"open","sticky":false,"template":"","format":"standard","meta":{"footnotes":""},"categories":[43,401,231,295,313,24,416,49],"tags":[],"class_list":["post-20411","post","type-post","status-publish","format-standard","hentry","category-2-coquillages","category-401","category-colonisation","category-destruction-de-la-nature","category-difference-sociale","category-france","category-nouvelle-caledonie","category-roman"],"_links":{"self":[{"href":"https:\/\/luocine.fr\/index.php?rest_route=\/wp\/v2\/posts\/20411","targetHints":{"allow":["GET"]}}],"collection":[{"href":"https:\/\/luocine.fr\/index.php?rest_route=\/wp\/v2\/posts"}],"about":[{"href":"https:\/\/luocine.fr\/index.php?rest_route=\/wp\/v2\/types\/post"}],"author":[{"embeddable":true,"href":"https:\/\/luocine.fr\/index.php?rest_route=\/wp\/v2\/users\/822092"}],"replies":[{"embeddable":true,"href":"https:\/\/luocine.fr\/index.php?rest_route=%2Fwp%2Fv2%2Fcomments&post=20411"}],"version-history":[{"count":6,"href":"https:\/\/luocine.fr\/index.php?rest_route=\/wp\/v2\/posts\/20411\/revisions"}],"predecessor-version":[{"id":20490,"href":"https:\/\/luocine.fr\/index.php?rest_route=\/wp\/v2\/posts\/20411\/revisions\/20490"}],"wp:attachment":[{"href":"https:\/\/luocine.fr\/index.php?rest_route=%2Fwp%2Fv2%2Fmedia&parent=20411"}],"wp:term":[{"taxonomy":"category","embeddable":true,"href":"https:\/\/luocine.fr\/index.php?rest_route=%2Fwp%2Fv2%2Fcategories&post=20411"},{"taxonomy":"post_tag","embeddable":true,"href":"https:\/\/luocine.fr\/index.php?rest_route=%2Fwp%2Fv2%2Ftags&post=20411"}],"curies":[{"name":"wp","href":"https:\/\/api.w.org\/{rel}","templated":true}]}}