{"id":18820,"date":"2024-09-09T10:43:45","date_gmt":"2024-09-09T08:43:45","guid":{"rendered":"https:\/\/luocine.fr\/?p=18820"},"modified":"2025-01-16T12:21:29","modified_gmt":"2025-01-16T11:21:29","slug":"linternat-de-lile-aux-cigales-tome-12-3-4-julie-bonnie","status":"publish","type":"post","link":"https:\/\/luocine.fr\/?p=18820","title":{"rendered":"L&rsquo;internat de l&rsquo;\u00eele aux cigales, tome 1,2 3 4   &#8211; Julie BONNIE"},"content":{"rendered":"<p><a href=\"https:\/\/luocine.fr\/wp-content\/uploads\/2024\/09\/IMG_0560-scaled.jpeg\"><img loading=\"lazy\" decoding=\"async\" class=\"alignnone size-full wp-image-18827\" src=\"https:\/\/luocine.fr\/wp-content\/uploads\/2024\/09\/IMG_0560-scaled.jpeg\" alt=\"\" width=\"2560\" height=\"1920\" srcset=\"https:\/\/luocine.fr\/wp-content\/uploads\/2024\/09\/IMG_0560-scaled.jpeg 2560w, https:\/\/luocine.fr\/wp-content\/uploads\/2024\/09\/IMG_0560-300x225.jpeg 300w, https:\/\/luocine.fr\/wp-content\/uploads\/2024\/09\/IMG_0560-1024x768.jpeg 1024w, https:\/\/luocine.fr\/wp-content\/uploads\/2024\/09\/IMG_0560-768x576.jpeg 768w, https:\/\/luocine.fr\/wp-content\/uploads\/2024\/09\/IMG_0560-1536x1152.jpeg 1536w, https:\/\/luocine.fr\/wp-content\/uploads\/2024\/09\/IMG_0560-2048x1536.jpeg 2048w, https:\/\/luocine.fr\/wp-content\/uploads\/2024\/09\/IMG_0560-1320x990.jpeg 1320w\" sizes=\"auto, (max-width: 2560px) 100vw, 2560px\" \/><\/a><br \/>\n\u00c9dition le livre de poche jeunesse, 2021, 2022, janvier 2023, octobre 2023.<\/p>\n<p>&nbsp;<\/p>\n<p><a href=\"https:\/\/luocine.fr\/wp-content\/uploads\/2014\/10\/5.jpg\"><img loading=\"lazy\" decoding=\"async\" class=\"size-full wp-image-726 alignleft\" src=\"https:\/\/luocine.fr\/wp-content\/uploads\/2014\/10\/5.jpg\" alt=\"\" width=\"200\" height=\"58\" \/><\/a>Tous les \u00e9t\u00e9s, depuis quatre ans, je lis un tome de ces romans \u00e0 Arthur et Cl\u00e9mentine, ils avaient 6 et 4 ans le premier \u00e9t\u00e9, ils ont imm\u00e9diatement ador\u00e9 le premier roman. Dans l&rsquo;internat de l&rsquo;\u00eele aux Cigales, une femme appel\u00e9e \u00ab&#160;La Cigale&#160;\u00bb recrute 5 enfants avec un don ou une passion, elle les choisit pour qu&rsquo;ils puissent suivre des \u00e9tudes aux coll\u00e8ges en internat sur une \u00eele au large de Cherbourg et am\u00e9liorer leur don avec un professeur particulier. Nous suivrons la scolarit\u00e9 au coll\u00e8ge, de Marguerite, violoncelliste, Agostino, peintre et guitariste, Caleb, math et piano, Nordine sportif et joueur de Derbouka et Cerise chanteuse.<\/p>\n<p>Dans le premier tome, on verra les enfants r\u00e9soudre une \u00e9nigme \u00e0 propos d&rsquo;une enfant juive qui a \u00e9t\u00e9 cach\u00e9e dans ce manoir pendant la deuxi\u00e8me guerre mondiale, dans le deuxi\u00e8me tome ils feront la connaissance d&rsquo;Annie la ni\u00e8ce de la Cigale et cuisini\u00e8re extraordinaire, mais aussi d&rsquo;Omid un jeune r\u00e9fugi\u00e9 Afghan, dans le troisi\u00e8me tome les enfants se lanceront dans la cr\u00e9ation d&rsquo;un disque, et enfin dans le dernier tome, alors que leur \u00eele a \u00e9t\u00e9 d\u00e9truite par un ouragan, les \u00ab&#160;tigres&#160;\u00bb (nom de leur groupe de musique) essaient de gagner un tremplin pour obtenir une somme d&rsquo;argent importante permettant de reconstruire leur cher internat. Des personnages secondaires souvent tr\u00e8s int\u00e9ressants sont aux c\u00f4t\u00e9s des enfants.<\/p>\n<p>Beaucoup de th\u00e8mes sont abord\u00e9s, l&rsquo;adolescence et les probl\u00e8mes familiaux, la shoah, le r\u00e9chauffement climatique, la place des handicap\u00e9s dans notre soci\u00e9t\u00e9, l&rsquo;exil des \u00e9migr\u00e9s, et pendant tous les tomes la cr\u00e9ation musicale, il faut dire que l&rsquo;autrice est aussi chanteuse et conna\u00eet bien les difficult\u00e9s des groupes de musique.<\/p>\n<p>Pour expliquer les cinq coquillages je vais laisser la parole aux enfants&#160;:<\/p>\n<h3>Est ce que vous avez aim\u00e9 que je vous lise ces romans&#160;? et pourquoi&#160;?<\/h3>\n<h4>Cl\u00e9mentine 8 ans&#160;:<\/h4>\n<blockquote><p>Oui, parce qu&rsquo;ils permettent d&rsquo;apprendre beaucoup de choses sur la musique.<\/p><\/blockquote>\n<h4>Arthur 10 ans<\/h4>\n<blockquote><p>Oui, je suis d&rsquo;accord avec Cl\u00e9mentine pour la musique , mais surtout les histoires sont tr\u00e8s bien racont\u00e9es .<\/p><\/blockquote>\n<p>&nbsp;<\/p>\n<h3>Quel est ton personnage pr\u00e9f\u00e9r\u00e9&#160;? Pourquoi&#160;?<\/h3>\n<h4>Arthur<\/h4>\n<blockquote><p><em>Caleb, parce qu&rsquo;il fait des math et moi j&rsquo;adore les math et qu&rsquo;il fait du piano et j&rsquo;aime bien le piano moi aussi.<\/em><\/p><\/blockquote>\n<p>&nbsp;<\/p>\n<h4>Cl\u00e9mentine<\/h4>\n<blockquote><p><em>Mia, parce qu&rsquo;elle a un petit fr\u00e8re adorable, moi j&rsquo;en ai un grand et que j&rsquo;adore, comme elle, faire de la danse.<\/em><\/p><\/blockquote>\n<p>&nbsp;<\/p>\n<h3>Est ce que les quatre tomes sont tr\u00e8s diff\u00e9rents&#160;?<\/h3>\n<h4>Cl\u00e9mentine<\/h4>\n<blockquote><p><em>Les tomes ne se r\u00e9p\u00e8tent pas, les histoires sont diff\u00e9rentes m\u00eame si on suit les m\u00eames coll\u00e9giens.<\/em><\/p><\/blockquote>\n<p>&nbsp;<\/p>\n<h4>Arthur<\/h4>\n<blockquote><p><em>Chaque roman est vraiment diff\u00e9rent.<\/em><\/p><\/blockquote>\n<p>&nbsp;<\/p>\n<h3>Est ce que tu aimerais aller au coll\u00e8ge de l&rsquo;\u00eele aux Cigales&#160;?<\/h3>\n<h4>Arthur<\/h4>\n<blockquote><p><em>Oui, parce que le travail est tr\u00e8s rigoureux et que je pourrais choisir la sp\u00e9cialit\u00e9 math\u00e9matiques<\/em><\/p><\/blockquote>\n<h4>Cl\u00e9mentine<\/h4>\n<blockquote><p><em>Oui j&rsquo;aimerais aller \u00e0 cet internat car cela permet de faire \u00e9voluer nos talents et moi je choisirais la gymnastique.<\/em><\/p><\/blockquote>\n<h3>Que pourrais-tu dire pour donner envie \u00e0 d&rsquo;autres enfants de lire cette s\u00e9rie&#160;?<\/h3>\n<h4>Cl\u00e9mentine (8 ans&#160;!)<\/h4>\n<blockquote><p><em>Comme \u00e7a se passe au coll\u00e8ge, cela pourrait apprendre aux coll\u00e9giens \u00e0 vivre des moment difficiles et \u00e0 devenir plus autonomes.<\/em><\/p><\/blockquote>\n<p>&nbsp;<\/p>\n<h4>Arthur<\/h4>\n<blockquote><p><em>Je suis jeune et j&rsquo;ai beaucoup aim\u00e9, ces romans peuvent \u00eatre lus par des enfants plus jeunes que des coll\u00e9giens car l&rsquo;auteur \u00e9crit bien et on peut tout comprendre. Cela nous permet de savoir comment \u00e7a se passe pour faire de la musique et surtout \u00e0 devenir plus solidaires entre enfants.<\/em><\/p><\/blockquote>\n<p>&nbsp;<\/p>\n<p>&nbsp;<\/p>\n<p>&nbsp;<\/p>\n<p>&nbsp;<\/p>\n","protected":false},"excerpt":{"rendered":"<p>\u00c9dition le livre de poche jeunesse, 2021, 2022, janvier 2023, octobre 2023. &nbsp; Tous les \u00e9t\u00e9s, depuis quatre ans, je lis un tome de ces romans \u00e0 Arthur et Cl\u00e9mentine, ils avaient 6 et 4 ans le premier \u00e9t\u00e9, ils ont imm\u00e9diatement ador\u00e9 le premier roman. Dans l&rsquo;internat de l&rsquo;\u00eele aux Cigales, une femme appel\u00e9e <span class=\"ellipsis\">&hellip;<\/span> <span class=\"more-link-wrap\"><a href=\"https:\/\/luocine.fr\/?p=18820\" class=\"more-link\"><span>Read More &rarr;<\/span><\/a><\/span><\/p>\n","protected":false},"author":822092,"featured_media":0,"comment_status":"open","ping_status":"open","sticky":false,"template":"","format":"standard","meta":{"footnotes":""},"categories":[46,322,321,189,165,95,24,278,30,213],"tags":[],"class_list":["post-18820","post","type-post","status-publish","format-standard","hentry","category-5-coquillages","category-adolescence","category-amitie","category-creation-artistique","category-enseignement","category-exil","category-france","category-guerre-afghanistan","category-litterature-jeunesse","category-roman-jeunesse"],"_links":{"self":[{"href":"https:\/\/luocine.fr\/index.php?rest_route=\/wp\/v2\/posts\/18820","targetHints":{"allow":["GET"]}}],"collection":[{"href":"https:\/\/luocine.fr\/index.php?rest_route=\/wp\/v2\/posts"}],"about":[{"href":"https:\/\/luocine.fr\/index.php?rest_route=\/wp\/v2\/types\/post"}],"author":[{"embeddable":true,"href":"https:\/\/luocine.fr\/index.php?rest_route=\/wp\/v2\/users\/822092"}],"replies":[{"embeddable":true,"href":"https:\/\/luocine.fr\/index.php?rest_route=%2Fwp%2Fv2%2Fcomments&post=18820"}],"version-history":[{"count":12,"href":"https:\/\/luocine.fr\/index.php?rest_route=\/wp\/v2\/posts\/18820\/revisions"}],"predecessor-version":[{"id":18893,"href":"https:\/\/luocine.fr\/index.php?rest_route=\/wp\/v2\/posts\/18820\/revisions\/18893"}],"wp:attachment":[{"href":"https:\/\/luocine.fr\/index.php?rest_route=%2Fwp%2Fv2%2Fmedia&parent=18820"}],"wp:term":[{"taxonomy":"category","embeddable":true,"href":"https:\/\/luocine.fr\/index.php?rest_route=%2Fwp%2Fv2%2Fcategories&post=18820"},{"taxonomy":"post_tag","embeddable":true,"href":"https:\/\/luocine.fr\/index.php?rest_route=%2Fwp%2Fv2%2Ftags&post=18820"}],"curies":[{"name":"wp","href":"https:\/\/api.w.org\/{rel}","templated":true}]}}