{"id":18508,"date":"2024-07-22T06:33:32","date_gmt":"2024-07-22T04:33:32","guid":{"rendered":"https:\/\/luocine.fr\/?p=18508"},"modified":"2024-07-22T07:00:31","modified_gmt":"2024-07-22T05:00:31","slug":"le-nom-sur-le-mur-herve-le-tellier","status":"publish","type":"post","link":"https:\/\/luocine.fr\/?p=18508","title":{"rendered":"Le Nom sur Le mur    &#8211; Herv\u00e9 LE TELLIER"},"content":{"rendered":"<p><em><a href=\"https:\/\/luocine.fr\/wp-content\/uploads\/2024\/07\/IMG_0532-scaled.jpeg\"><img loading=\"lazy\" decoding=\"async\" class=\"alignnone size-full wp-image-18511\" src=\"https:\/\/luocine.fr\/wp-content\/uploads\/2024\/07\/IMG_0532-scaled.jpeg\" alt=\"\" width=\"2560\" height=\"1920\" srcset=\"https:\/\/luocine.fr\/wp-content\/uploads\/2024\/07\/IMG_0532-scaled.jpeg 2560w, https:\/\/luocine.fr\/wp-content\/uploads\/2024\/07\/IMG_0532-300x225.jpeg 300w, https:\/\/luocine.fr\/wp-content\/uploads\/2024\/07\/IMG_0532-1024x768.jpeg 1024w, https:\/\/luocine.fr\/wp-content\/uploads\/2024\/07\/IMG_0532-768x576.jpeg 768w, https:\/\/luocine.fr\/wp-content\/uploads\/2024\/07\/IMG_0532-1536x1152.jpeg 1536w, https:\/\/luocine.fr\/wp-content\/uploads\/2024\/07\/IMG_0532-2048x1536.jpeg 2048w, https:\/\/luocine.fr\/wp-content\/uploads\/2024\/07\/IMG_0532-1320x990.jpeg 1320w\" sizes=\"auto, (max-width: 2560px) 100vw, 2560px\" \/><\/a><br \/>\n\u00c9dition Gallimard NRF, 161 pages, mars 2024.<\/em><\/p>\n<p>&nbsp;<\/p>\n<p><a href=\"https:\/\/luocine.fr\/wp-content\/uploads\/2014\/10\/5.jpg\"><img loading=\"lazy\" decoding=\"async\" class=\"size-full wp-image-726 alignleft\" src=\"https:\/\/luocine.fr\/wp-content\/uploads\/2014\/10\/5.jpg\" alt=\"\" width=\"200\" height=\"58\" \/><\/a>Quel beau livre, tout en retenu et pourtant qui en dit tant sur notre pass\u00e9 et peut-\u00eatre sur notre avenir si l&rsquo;on doit un jour d\u00e9fendre nos valeurs face \u00e0 une tyrannie. Herv\u00e9 Le Tellier est pour la quatri\u00e8me fois sur Luocine, et je n&rsquo;ai, cette fois, aucune r\u00e9serve&#160;: j&rsquo;avais bien aim\u00e9 \u00ab&#160;<a href=\"https:\/\/luocine.fr\/?p=8952\">Toutes les familles heureuses<\/a>&#160;\u00bb un peu moins \u00ab&#160;<a href=\"https:\/\/luocine.fr\/?p=1759\">Assez parl\u00e9 d&rsquo;amour<\/a>&#160;\u00bb , j&rsquo;ai eu encore quelques r\u00e9serves pour \u00ab&#160;<a href=\"https:\/\/luocine.fr\/?p=13376\">Anomalie<\/a>s&#160;\u00bb qui lui a valu le prix Goncourt. J\u2019ai suppos\u00e9 que ce prix lui a permis d&rsquo;acheter une maison dans la Dr\u00f4me qui va lui inspirer ce r\u00e9cit.<\/p>\n<p>Sur le mur de cette maison, il y lit un nom&#160;: \u00ab&#160;Andr\u00e9 Chaix&#160;\u00bb. L&rsquo;\u00e9crivain recherche qui est cet homme, tr\u00e8s vite il apprend que c&rsquo;est un r\u00e9sistant fran\u00e7ais qui est mort \u00e0 20 ans dans une attaque contre des blind\u00e9s allemands \u00e0 Grignan. \u00c0 travers des photos et ce qu&rsquo;il apprend des \u00e9v\u00e8nements qui ont secou\u00e9 cette r\u00e9gion \u00e0 la lib\u00e9ration, nous commen\u00e7ons \u00e0 mieux conna\u00eetre Andr\u00e9 Chaix amoureux de Simone, qui a tr\u00e8s vite rejoint les maquis. Le d\u00e9barquement en Normandie s&rsquo;annonce et a lieu, les r\u00e9sistants par des actions de gu\u00e9rilla ralentissent le retour vers la Normandie de l&rsquo;arm\u00e9e allemande. Le groupe d&rsquo;Andr\u00e9 Chaix ne s&rsquo;est pas repli\u00e9 alors qu&rsquo;il ne pouvait pas tenir face aux chars allemands. Mais l&rsquo;auteur r\u00e9fl\u00e9chit aussi sur ce que fut la collaboration , la r\u00e9sistance, et l&rsquo;\u00e9puration. Apr\u00e8s les diff\u00e9rents crimes de guerre de l&rsquo;arm\u00e9e allemande &#8211; tout le monde se souvient d&rsquo;Oradour-sur-Glane- Herv\u00e9 Le Tellier rappelle qu&rsquo;en 1953, il n&rsquo;y avait plus aucune personne en prison pour des faits de collaboration.<\/p>\n<p>J&rsquo;ai beaucoup aim\u00e9 dans ce court r\u00e9cit le respect avec lequel, l&rsquo;auteur parle d&rsquo;Andr\u00e9 Chaix, le jeune homme amoureux, le r\u00e9sistant, il est tr\u00e8s pr\u00e9sent et face \u00e0 cette dignit\u00e9 toute simple que l&rsquo;on devine, les propos des intellectuels collabo&#160;: C\u00e9line, Brazillac, Rebatet sont insupportables. Herv\u00e9 Le Tellier r\u00e9fl\u00e9chit aussi sur la fa\u00e7on dont on peut embarquer une population vers le Nazisme, en particulier cette exp\u00e9rience de \u00ab&#160;la vague&rsquo; o\u00f9 un professeur entra\u00eene toute une classe vers un comportement proche du Nazisme.<\/p>\n<p>Un livre qui permet de r\u00e9fl\u00e9chir sur notre pass\u00e9 et en ce moment ce sont des questions qu\u2019il est important de se poser.<\/p>\n<p>&nbsp;<\/p>\n<h1>Extrait<\/h1>\n<p>&nbsp;<\/p>\n<h3>Cela fait du bien de commencer un livre par un sourire.<\/h3>\n<blockquote>\n<div>\u00a0<em>Je cherchais une \u00ab&#160;maison natale&#160;\u00bb. J&rsquo;avais expliqu\u00e9 \u00e0 l&rsquo;agent immobilier<\/em><\/div>\n<div><em>&#160;: pas une villa de vacances, pas une ruine \u00ab&#160;\u00e0 r\u00e9nover&#160;\u00bb, pas une \u00ab&#160;maison d&rsquo;architecte&#160;\u00bb, pas un \u00ab&#160;bien atypique&#160;\u00bb, ces bergeries ou magnaneries transform\u00e9es en habitations o\u00f9 l&rsquo;on se cogne dans les chambranles de porte \u00e0 hauteur de brebis.<\/em><\/div>\n<div><\/div>\n<\/blockquote>\n<h3>La r\u00e9sistance.<\/h3>\n<div>\n<blockquote>\n<div>\u00a0<em>Et puis la R\u00e9sistance est loin d&rsquo;\u00eatre un corps chimiquement pur. C&rsquo;est une n\u00e9buleuse qui prendra du temps pour trouver son centre, si elle le trouva jamais, Certains luttent contre les envahisseurs allemands, d&rsquo;autres contre le nazisme, et ensemble ils lutteront contre le \u00ab&#160;Boche&#160;\u00bb. Ce but minimal et commun va tisser des liens improbables entre des hommes et des femmes aussi singuliers, aussi uniques, qu&rsquo;un ouvrier et po\u00e8te arm\u00e9nien nomm\u00e9 Missak Manoukian, une professeur agr\u00e9g\u00e9e communiste, Lucie Aubrac, ou un Camelot du roi mauracien et antis\u00e9mite, comme le nom moins h\u00e9ro\u00efque secr\u00e9taire de Jean Moulin, Daniel Cordier -qui \u00e9voluera profond\u00e9ment jusqu&rsquo;\u00e0 se d\u00e9crire \u00e0 la fin de la guerre comme \u00ab&#160;presque communiste&#160;\u00bb.<\/em><\/div>\n<\/blockquote>\n<\/div>\n<div><\/div>\n<h3>L&rsquo;apr\u00e8s guerre.<\/h3>\n<div>\n<blockquote>\n<div>\u00a0<em>De toute fa\u00e7on apr\u00e8s la loi d&rsquo;amnistie du 6 ao\u00fbt 1953 sur les crimes ou fait de collaboration, il n&rsquo;y a plus dans les prisons fran\u00e7aises un seul condamn\u00e9 pour des d\u00e9lits li\u00e9s \u00e0 l&rsquo;Occupation. M\u00eame les assassins de Tulle, de Figeac d&rsquo;Argenton-sur-Creuse, les bourreaux d&rsquo;Oradour-sur-Glane et on en oublie, les rare qui ont \u00e9t\u00e9 emprisonn\u00e9s, tous, absolument tous sont libres d\u00e8s 1953. On n&rsquo;a pas voulu emprisonner les \u00ab&#160;malgr\u00e9-nous&#160;\u00bb alsaciens de la 2e division SS Das Reich, qui repr\u00e9sentent pourtant les deux tiers des accus\u00e9s. Le verdict accablant du proc\u00e8s de Bordeaux n&rsquo;aura aucune cons\u00e9quence, et quand les \u00e9glises d&rsquo;Alsace sonneront le tocsin \u00e0 la suite des condamnations, l&rsquo;amnistie viendra l&rsquo;annuler. La pauvre Creuse rurale peut bien pleurer ses morts. Elle devra s&rsquo;incliner devant la riche Alsace industrielle seule r\u00e9gion de France o\u00f9 jamais personne n&rsquo;aura \u00e9t\u00e9 nazi.<\/em><\/div>\n<\/blockquote>\n<\/div>\n<div><\/div>\n<h3>Merci pour cette explication .<\/h3>\n<div>\n<blockquote>\n<div>\u00a0<em>Du couvre-feu en vigueur apr\u00e8s f\u00e9vrier 1942 en zone occup\u00e9e, il nous reste l&rsquo;expression oubli\u00e9e \u00ab&#160;se faire appeler Arthur&#160;\u00bb pour \u00ab&#160;se faire disputer&#160;\u00bb puisque pour r\u00e9primander le retardataire le soldat allemand criait \u00ab&#160;Acht Uhr&#160;!&#160;\u00bb &#8211; huit heures.<\/em><\/div>\n<\/blockquote>\n<\/div>\n<div><\/div>\n<div><\/div>\n<h3>Paradoxe.<\/h3>\n<div>\n<blockquote>\n<div>\u00a0<em>L&rsquo;historien anglais Thomas Fuller a \u00e9crit que \u00ab&#160;beaucoup seraient l\u00e2ches s&rsquo;ils en avaient le courage&#160;\u00bb. Cette phrase m&rsquo;a toujours rassur\u00e9 si l&rsquo;h\u00e9ro\u00efsme aussi contient sa part de conformisme, alors me voil\u00e0 absous de la veulerie potentielle que je pressens en moi. Mais l&rsquo;aphorisme de Fuller ne dit rien ne dit bien s\u00fbr rien des gens vraiment courageux.<\/em><\/div>\n<\/blockquote>\n<\/div>\n<div><\/div>\n<p>&nbsp;<\/p>\n","protected":false},"excerpt":{"rendered":"<p>\u00c9dition Gallimard NRF, 161 pages, mars 2024. &nbsp; Quel beau livre, tout en retenu et pourtant qui en dit tant sur notre pass\u00e9 et peut-\u00eatre sur notre avenir si l&rsquo;on doit un jour d\u00e9fendre nos valeurs face \u00e0 une tyrannie. Herv\u00e9 Le Tellier est pour la quatri\u00e8me fois sur Luocine, et je n&rsquo;ai, cette fois, <span class=\"ellipsis\">&hellip;<\/span> <span class=\"more-link-wrap\"><a href=\"https:\/\/luocine.fr\/?p=18508\" class=\"more-link\"><span>Read More &rarr;<\/span><\/a><\/span><\/p>\n","protected":false},"author":822092,"featured_media":0,"comment_status":"open","ping_status":"open","sticky":false,"template":"","format":"standard","meta":{"footnotes":""},"categories":[46,354,163,8,24,96,4],"tags":[],"class_list":["post-18508","post","type-post","status-publish","format-standard","hentry","category-5-coquillages","category-amour","category-collaborationresistance","category-essai","category-france","category-guerre-3945","category-mes-preferences"],"_links":{"self":[{"href":"https:\/\/luocine.fr\/index.php?rest_route=\/wp\/v2\/posts\/18508","targetHints":{"allow":["GET"]}}],"collection":[{"href":"https:\/\/luocine.fr\/index.php?rest_route=\/wp\/v2\/posts"}],"about":[{"href":"https:\/\/luocine.fr\/index.php?rest_route=\/wp\/v2\/types\/post"}],"author":[{"embeddable":true,"href":"https:\/\/luocine.fr\/index.php?rest_route=\/wp\/v2\/users\/822092"}],"replies":[{"embeddable":true,"href":"https:\/\/luocine.fr\/index.php?rest_route=%2Fwp%2Fv2%2Fcomments&post=18508"}],"version-history":[{"count":12,"href":"https:\/\/luocine.fr\/index.php?rest_route=\/wp\/v2\/posts\/18508\/revisions"}],"predecessor-version":[{"id":18772,"href":"https:\/\/luocine.fr\/index.php?rest_route=\/wp\/v2\/posts\/18508\/revisions\/18772"}],"wp:attachment":[{"href":"https:\/\/luocine.fr\/index.php?rest_route=%2Fwp%2Fv2%2Fmedia&parent=18508"}],"wp:term":[{"taxonomy":"category","embeddable":true,"href":"https:\/\/luocine.fr\/index.php?rest_route=%2Fwp%2Fv2%2Fcategories&post=18508"},{"taxonomy":"post_tag","embeddable":true,"href":"https:\/\/luocine.fr\/index.php?rest_route=%2Fwp%2Fv2%2Ftags&post=18508"}],"curies":[{"name":"wp","href":"https:\/\/api.w.org\/{rel}","templated":true}]}}