{"id":182,"date":"2013-09-30T14:08:07","date_gmt":"2013-09-30T14:08:07","guid":{"rendered":"http:\/\/luocine.fr\/?p=182"},"modified":"2014-10-27T15:32:44","modified_gmt":"2014-10-27T14:32:44","slug":"le-jardin-de-laveugle-nadeem-aslam","status":"publish","type":"post","link":"https:\/\/luocine.fr\/?p=182","title":{"rendered":"Le jardin de l&rsquo;aveugle &#8211; Nadeem ASLAM"},"content":{"rendered":"<div class=\"ob-section ob-section-html\">\n<p><img decoding=\"async\" class=\"aligncenter\" src=\"http:\/\/ecx.images-amazon.com\/images\/I\/41GHJ6hw1EL._AA160_.jpg\" alt=\"\" \/><\/p>\n<p>&nbsp;<\/p>\n<p><em>\u00a0Traduit de l&rsquo;anglais par <strong>Claude et Jean DEMANUELLI<\/strong><\/em><\/p>\n<p><a href=\"http:\/\/luocine.fr\/wp-content\/uploads\/2014\/10\/4.jpg\"><img loading=\"lazy\" decoding=\"async\" class=\"size-full wp-image-725 alignleft\" src=\"http:\/\/luocine.fr\/wp-content\/uploads\/2014\/10\/4.jpg\" alt=\"4\" width=\"200\" height=\"58\" \/><\/a><br \/>\nJ&rsquo;ai pass\u00e9 beaucoup de temps \u00e0 lire ce roman , tout simplement parce que ce qu&rsquo;il d\u00e9crit est \u00e0 peine supportable.\u00a0La guerre en Afghanistan vu du c\u00f4t\u00e9 pakistanais est une horreur et quand un \u00e9crivain sait tr\u00e8s bien \u00e9crire et captive son lecteur, cela devient tragique et trop lourd \u00e0 supporter parfois.\u00a0Je n&rsquo;ai pas renonc\u00e9 ,d&rsquo;abord parce que cet \u00e9crivain m\u00e9rite d&rsquo;\u00eatre lu mais aussi parce que je me dis que, vivant dans un milieu tellement \u00e9pargn\u00e9 ,je n&rsquo;ai pas le droit de fermer les yeux sur les horreurs des guerres qui secouent la plan\u00e8te.\u00a0Nadeem Aslman met son talent d&rsquo;\u00e9crivain au service de la connaissance des civilisations entre elles.\u00a0J ai lu dans un des interviews de l&rsquo;auteur que ce livre appara\u00eet comme un roman d&rsquo;amour pour les Indiens et les Pakistanais, et un roman sur l&rsquo;horreur de la guerre pour les Anglais, les Am\u00e9ricains et les Europ\u00e9ens. Pas de doute je fais partie des Europ\u00e9ennes&#160;!\u00a0Et en plus , je me dis que, si les Pakistanais et les Indiens voient dans ce roman ,une belle histoire d&rsquo;amour, ils ont une conception \u00e9tonnante de ce sentiment.<\/p>\n<p>Naheed et Mikal s&rsquo;aiment mais ils sont davantage unis par la mort que par la vie. Un des aspects les plus int\u00e9ressants de ce roman , c&rsquo;est de montrer \u00e0 quel point les Pakistanais n&rsquo;ont absolument aucune id\u00e9e des valeurs de l&rsquo;occident, et comment les Am\u00e9ricains ne connaissent pas mieux les motivations des combattants Afghans ou Pakistanais. Ce roman permet d&rsquo;avancer dans la compr\u00e9hension de ce qui s&rsquo;est pass\u00e9 pendant cette guerre qui n&rsquo;est pas encore termin\u00e9e.<\/p>\n<p>Aucun manich\u00e9isme dans les personnages , j&rsquo;ai \u00e9t\u00e9 boulevers\u00e9e par le personnage de l&rsquo;aveugle(Rohan) qui est un musulman sinc\u00e8re et sans \u00eatre fanatique commet les pires horreurs au nom de sa foi. Il laisse mourir sa femme pour l&rsquo;aider \u00e0 retrouver la foi&#160;! Il renvoie un enfant de son \u00e9cole dont la m\u00e8re se prostitue pour payer les \u00e9tudes de son fils&#8230;.<\/p>\n<p>Je r\u00e9sume rapidement l&rsquo;histoire&#160;; deux jeunes Pakistanais partent aider les Afghans qui, apr\u00e8s le 11 septembre 2001, voient les Am\u00e9ricains envahir leur pays.\u00a0L&rsquo;un d&rsquo;entre eux Jeo meurt victime des seigneurs de guerre , l&rsquo;autre Mikal sera pris et tortur\u00e9 par les Am\u00e9ricains.\u00a0Ces deux jeunes \u00e9lev\u00e9s ensemble par le p\u00e8re de Jeo, Rohan, directeur d&rsquo;une \u00e9cole \u00ab&#160;L&rsquo;esprit Ardent&#160;\u00bb sont li\u00e9s par un sentiment d&rsquo;amiti\u00e9 tr\u00e8s fort.\u00a0H\u00e9las&#160;! Ils aiment la m\u00eame femme, Naheed qui n&rsquo;est \u00e9videmment pas libre de choisir son destin. Finalement seules les femmes et le vieux Rohan survivront au carnage annonc\u00e9 d\u00e8s les premi\u00e8res pages. La fuite de Mikal, \u00e0 travers l&rsquo;Afghanistan et le Pakistan, permet de d\u00e9crire les rouages de cette guerre religieuse o\u00f9 tous les coups sont permis, les \u00eatres humains sont de simples pions dans les mains de bandits dont le seul int\u00e9r\u00eat est de satisfaire leurs plus bas instincts&#160;: app\u00e2t du gain, viol des femmes , et surtout \u00e9craser tous les gens un peu diff\u00e9rents .<\/p>\n<p>La religion est un arme facile \u00e0 brandir car personne n&rsquo;ose s&rsquo;y opposer et fabriquent des victimes consentantes. La description des paysages rajoute beaucoup, je n&rsquo;ose dire aux charmes du roman, mais au plaisir de lecture. Ce n&rsquo;est certainement pas ce livre qui fera aimer l&rsquo;Islam , on le sait, tous les fanatismes religieux sont dangereux, mais aujourd\u2019hui celui de l&rsquo;Islam se g\u00e8re les armes \u00e0 la main et il faut remonter aux guerres de religions pour en retrouver l&rsquo;\u00e9quivalent en France . Il faut esp\u00e9rer que les musulmans sauront interdire que ces violences l\u00e0 soient perp\u00e9tr\u00e9es au nom de leur foi car seuls les musulmans ont le pouvoir de faire appr\u00e9cier leur religion et de montrer au monde que les horreurs qu&rsquo;on commet au nom de l&rsquo;Islam n&rsquo;ont aucun rapport avec leur foi.<\/p>\n<h1>Citations<\/h1>\n<h3>Une belle \u00e9motion au d\u00e9but du livre<\/h3>\n<blockquote><p><em>Au bout de quelques instants , il avait avou\u00e9 que son angoisse \u00e9tait due \u00e0 l&rsquo;apparition du m\u00e9chant dans l&rsquo;histoire que son p\u00e8re lui racontait .<\/em><\/p>\n<p><em>\u00ab&#160;Mais as-tu jamais entendu une histoire dans laquelle les m\u00e9chants finissent par gagner&#160;?&#160;\u00bb lui avait demand\u00e9 Rohan, en riant doucement pour le r\u00e9conforter.<\/em><\/p>\n<p><em>L&rsquo;enfant avait r\u00e9fl\u00e9chi un moment avant de r\u00e9pondre.<\/em><\/p>\n<p><em>\u00ab&#160;Non, mais avant de perdre, ils font mal aux gentils. C&rsquo;est \u00e7a qui me fait peur.&#160;\u00bb<\/em><\/p><\/blockquote>\n<h3>L &lsquo;utilisation des enfants au combat<\/h3>\n<blockquote><p><em>&#8211; La moiti\u00e9 de gamins ne sont pas des soldats, dit Mikal \u00e0 un chef taliban. Il serait bon qu&rsquo;ils restent cach\u00e9s.<\/em><\/p>\n<p><em>&#8211; Ce serait bon pour eux, peut-\u00eatre, mais pas pour notre cause, r\u00e9pond l&rsquo;autre. Tout le monde doit se battre. Cela aussi, ajoute-t-il d&rsquo;un ton sans r\u00e9plique , fait partie des plans d&rsquo;Allah.&#160;\u00bb<\/em><\/p><\/blockquote>\n<h3>\u00a0Le drame de Rohan<\/h3>\n<blockquote><p><em>J&rsquo;ai fait des erreurs quand mon fils \u00e9tait encore enfant , dit Rohan. Sa m\u00e8re est morte apostat , et, en cons\u00e9quence , je nous suis impos\u00e9 , \u00e0 moi-m\u00eame et \u00e0 mes enfants , une forme extr\u00eame de pi\u00e9t\u00e9 , les obligeant \u00e0 prier et \u00e0 je\u00fbner , leur r\u00e9v\u00e9lant des choses qu&rsquo;ils \u00e9taient trop jeunes pour concevoir . L&rsquo;impermanence de ce monde , les tourments de l&rsquo;enfer et , avant cela, la tombe . J&rsquo;ai fini par comprendre mon erreur , mais ils ont d\u00fb en rester marqu\u00e9s . Je me demande si c&rsquo;est pour cette raison que mon fils est parti en Afghanistan.<\/em><\/p><\/blockquote>\n<h3>la peur et la haine des Am\u00e9ricains<\/h3>\n<blockquote><p><em>\u00ab&#160;Je ne tiens pas \u00e0 \u00eatre vu en train de soigner un Am\u00e9ricain, comme \u00e7a en plein vent. On m&rsquo;abattrait moi aussi. Je connais des gens qui refusent ne serait-ce que de regarder des photos d&rsquo;Am\u00e9ricains.&#160;\u00bb<\/em><\/p><\/blockquote>\n<h3>L incompr\u00e9hension<\/h3>\n<blockquote><p><em>&#8211; On ne peut jamais deviner ce qu&rsquo;ils veulent les Occidentaux. Pour le savoir , il faudrait manger ce qu&rsquo;ils mangent, porter ce qu&rsquo;ils portent, respirer l&rsquo;air qu&rsquo;ils respirent . \u00catre n\u00e9 l\u00e0 o\u00f9 ils sont n\u00e9s.<\/em><\/p>\n<p><em>&#8211; Pas forc\u00e9ment . Tu as parl\u00e9 des livres . On peut apprendre dans les livres.<\/em><\/p>\n<p><em>&#8211; Personne d&rsquo;ici ne peut savoir ce que savent les Occidentaux, dit l&rsquo;homme. On ne les conna\u00eetra jamais. Le foss\u00e9 est trop profond, trop d\u00e9finitif. C&rsquo;est comme si on demandait ce que savent les morts ou ceux qui sont \u00e0 na\u00eetre.<\/em><\/p><\/blockquote>\n<h1>On en parle<\/h1>\n<p id=\"yui_3_5_0_1_1381334737826_9114\"><a href=\"http:\/\/bonheurdelire.over-blog.com\/article-le-jardin-de-l-aveugle-de-nadeem-aslam-le-seuil-119688030.html\">Au bonheur de lire <\/a>que je ne connaissais pas et voici l&rsquo;opinion de <a href=\"http:\/\/krolfranca.wordpress.com\/2013\/10\/09\/le-jardin-de-laveugle-de-nadeem-aslam\/comment-page-1\/#comment-465\">KROL<\/a> que je connais bien.<\/p>\n<\/div>\n","protected":false},"excerpt":{"rendered":"<p>&nbsp; \u00a0Traduit de l&rsquo;anglais par Claude et Jean DEMANUELLI J&rsquo;ai pass\u00e9 beaucoup de temps \u00e0 lire ce roman , tout simplement parce que ce qu&rsquo;il d\u00e9crit est \u00e0 peine supportable.\u00a0La guerre en Afghanistan vu du c\u00f4t\u00e9 pakistanais est une horreur et quand un \u00e9crivain sait tr\u00e8s bien \u00e9crire et captive son lecteur, cela devient tragique <span class=\"ellipsis\">&hellip;<\/span> <span class=\"more-link-wrap\"><a href=\"https:\/\/luocine.fr\/?p=182\" class=\"more-link\"><span>Read More &rarr;<\/span><\/a><\/span><\/p>\n","protected":false},"author":822092,"featured_media":0,"comment_status":"open","ping_status":"open","sticky":false,"template":"","format":"standard","meta":{"footnotes":""},"categories":[45,18,4,49,61],"tags":[],"class_list":["post-182","post","type-post","status-publish","format-standard","hentry","category-4-coquillages","category-litterature-britannique","category-mes-preferences","category-roman","category-roman-de-guerre"],"_links":{"self":[{"href":"https:\/\/luocine.fr\/index.php?rest_route=\/wp\/v2\/posts\/182","targetHints":{"allow":["GET"]}}],"collection":[{"href":"https:\/\/luocine.fr\/index.php?rest_route=\/wp\/v2\/posts"}],"about":[{"href":"https:\/\/luocine.fr\/index.php?rest_route=\/wp\/v2\/types\/post"}],"author":[{"embeddable":true,"href":"https:\/\/luocine.fr\/index.php?rest_route=\/wp\/v2\/users\/822092"}],"replies":[{"embeddable":true,"href":"https:\/\/luocine.fr\/index.php?rest_route=%2Fwp%2Fv2%2Fcomments&post=182"}],"version-history":[{"count":0,"href":"https:\/\/luocine.fr\/index.php?rest_route=\/wp\/v2\/posts\/182\/revisions"}],"wp:attachment":[{"href":"https:\/\/luocine.fr\/index.php?rest_route=%2Fwp%2Fv2%2Fmedia&parent=182"}],"wp:term":[{"taxonomy":"category","embeddable":true,"href":"https:\/\/luocine.fr\/index.php?rest_route=%2Fwp%2Fv2%2Fcategories&post=182"},{"taxonomy":"post_tag","embeddable":true,"href":"https:\/\/luocine.fr\/index.php?rest_route=%2Fwp%2Fv2%2Ftags&post=182"}],"curies":[{"name":"wp","href":"https:\/\/api.w.org\/{rel}","templated":true}]}}