{"id":17941,"date":"2024-04-19T06:33:19","date_gmt":"2024-04-19T04:33:19","guid":{"rendered":"https:\/\/luocine.fr\/?p=17941"},"modified":"2024-02-16T13:53:10","modified_gmt":"2024-02-16T12:53:10","slug":"du-meme-bois-marion-fayolle","status":"publish","type":"post","link":"https:\/\/luocine.fr\/?p=17941","title":{"rendered":"Du m\u00eame bois     &#8211; Marion FAYOLLE"},"content":{"rendered":"<p>&nbsp;<\/p>\n<p><em><a href=\"http:\/\/luocine.fr\/wp-content\/uploads\/2024\/04\/IMG_0472-scaled.jpeg\"><img loading=\"lazy\" decoding=\"async\" class=\"alignnone size-full wp-image-17945\" src=\"http:\/\/luocine.fr\/wp-content\/uploads\/2024\/04\/IMG_0472-scaled.jpeg\" alt=\"\" width=\"2560\" height=\"1920\" srcset=\"https:\/\/luocine.fr\/wp-content\/uploads\/2024\/04\/IMG_0472-scaled.jpeg 2560w, https:\/\/luocine.fr\/wp-content\/uploads\/2024\/04\/IMG_0472-300x225.jpeg 300w, https:\/\/luocine.fr\/wp-content\/uploads\/2024\/04\/IMG_0472-1024x768.jpeg 1024w, https:\/\/luocine.fr\/wp-content\/uploads\/2024\/04\/IMG_0472-768x576.jpeg 768w, https:\/\/luocine.fr\/wp-content\/uploads\/2024\/04\/IMG_0472-1536x1152.jpeg 1536w, https:\/\/luocine.fr\/wp-content\/uploads\/2024\/04\/IMG_0472-2048x1536.jpeg 2048w\" sizes=\"auto, (max-width: 2560px) 100vw, 2560px\" \/><\/a><br \/>\n\u00c9dition Gallimard janvier 2024<\/em><\/p>\n<p><em>Lu dans le cadre du club de lecture de la\u00a0<a href=\"https:\/\/mediatheques.cote-emeraude.fr\/l-ourse\">m\u00e9diath\u00e8que de Dinard<\/a><\/em><\/p>\n<p>&nbsp;<\/p>\n<p><a href=\"http:\/\/luocine.fr\/wp-content\/uploads\/2014\/10\/3.jpg\"><img loading=\"lazy\" decoding=\"async\" class=\"size-full wp-image-724 alignleft\" src=\"http:\/\/luocine.fr\/wp-content\/uploads\/2014\/10\/3.jpg\" alt=\"\" width=\"200\" height=\"58\" \/><\/a>Voici un livre vite lu et vite oubli\u00e9. Est-ce une tr\u00e8s critique tr\u00e8s grave&#160;? Non pas tant que \u00e7a, car le temps que l&rsquo;on passe avec Marion Fayolle est agr\u00e9able. Elle raconte bien d&rsquo;o\u00f9 sa narratrice est originaire. D&rsquo;une ferme en montagne, o\u00f9 des g\u00e9n\u00e9rations de paysans se sont succ\u00e9d\u00e9es en soignant avec amour leur b\u00eates.<\/p>\n<p>On sent aussi que l&rsquo;autrice veut raconter cela sans s&rsquo;impliquer, l&rsquo;enfant s&rsquo;appelle \u00ab&#160;la gamine&#160;\u00bb et c&rsquo;est un personnage comme \u00ab&#160;la ferme&#160;\u00bb , \u00ab&#160;la m\u00e9m\u00e9&#160;\u00bb , \u00ab&#160;les buissons&#160;\u00bb, \u00ab&#160;les b\u00eates&#160;\u00bb &#8230;<\/p>\n<p>On feuillette un livre d&rsquo;images avec des personnages qui passent dans un beau d\u00e9cor.<\/p>\n<p>Difficile d&rsquo;en dire plus, sauf que ce monde n&rsquo;existe plus et qu&rsquo;il valait bien sans doute ce t\u00e9moignage.<\/p>\n<h1>Extraits<\/h1>\n<h3>D\u00e9but .<\/h3>\n<blockquote>\n<div><em>La b\u00e2tisse est tout en longueur, une habitation d&rsquo;un c\u00f4t\u00e9, une de l&rsquo;autre, et au milieu une \u00e9table. Le c\u00f4t\u00e9 gauche pour les jeunes, ceux qui reprennent la ferme, le droit pour les vieux. On travaille, on s&rsquo;\u00e9puise, et un jour on glisse vers l&rsquo;autre bout.<\/em><\/div>\n<\/blockquote>\n<div><\/div>\n<h3>La gamine qui ne mange pas.<\/h3>\n<div>\n<blockquote>\n<div>\u00a0<em>On n&rsquo;a jamais vu une gamine comme \u00e7a, qui ne veut rien avaler, \u00e0 qui aucun plat ne fait plaisir, m\u00eame ceux avec des patates, avec du fromage fondu, avec du sucre. Pour la m\u00e9m\u00e9, manger c&rsquo;est qu&rsquo;il y a de plus important&#160;; cuisiner c&rsquo;est une preuve d&rsquo;amour. Alors \u00e7a la d\u00e9sole de voir la gamine rester des heures devant son assiette, \u00e0 tout trier, \u00e0 tailler les bords de sa viande parce qu&rsquo;elle le trouve trop durs, \u00e0 retirer chaque minuscule nerf. Une bonne viande comme \u00e7a, des b\u00eates de la ferme, qui ont grandi l\u00e0, qui ont tout un paysage \u00e0 brouter, une vie de travail.<\/em><\/div>\n<\/blockquote>\n<\/div>\n<h3>La jeunesse .<\/h3>\n<div>\n<blockquote>\n<div><em>Au lyc\u00e9e, les jeunes apprennent l&rsquo;anglais et l&rsquo;espagnol. C&rsquo;est pas facile d&rsquo;ailleurs, avec des g\u00e8nes qui n&rsquo;ont jamais quitt\u00e9 le village, de r\u00e9ussir \u00e0 prononcer les sons d&rsquo;un autre pays. Ils ont envie de partir, de d\u00e9brider leur mobylette, de conna\u00eetre ce qui existe derri\u00e8re les montagnes, apr\u00e8s les vall\u00e9es, de l&rsquo;autre c\u00f4t\u00e9 des fronti\u00e8res. Ils ont eu un paysage entier pour grandir mais \u00e7a ne leur suffit pas. Au del\u00e0 de la ligne d&rsquo;horizon, ils sont convaincus que c&rsquo;est mieux. Ils n&rsquo;auront pas de b\u00eates. Les b\u00eates, ils le savent \u00e7a emprisonnent. Regardez les parents, ils ne peuvent pas bouger, il faut qu&rsquo;ils soient l\u00e0 chaque matin, chaque soir, pour nourrir les vaches, les poules, les chiens et les chats. M\u00eame les week-ends.<\/em><\/div>\n<\/blockquote>\n<\/div>\n","protected":false},"excerpt":{"rendered":"<p>&nbsp; \u00c9dition Gallimard janvier 2024 Lu dans le cadre du club de lecture de la\u00a0m\u00e9diath\u00e8que de Dinard &nbsp; Voici un livre vite lu et vite oubli\u00e9. Est-ce une tr\u00e8s critique tr\u00e8s grave&#160;? Non pas tant que \u00e7a, car le temps que l&rsquo;on passe avec Marion Fayolle est agr\u00e9able. Elle raconte bien d&rsquo;o\u00f9 sa narratrice est <span class=\"ellipsis\">&hellip;<\/span> <span class=\"more-link-wrap\"><a href=\"https:\/\/luocine.fr\/?p=17941\" class=\"more-link\"><span>Read More &rarr;<\/span><\/a><\/span><\/p>\n","protected":false},"author":822092,"featured_media":0,"comment_status":"open","ping_status":"open","sticky":false,"template":"","format":"standard","meta":{"footnotes":""},"categories":[44,277,24,254,198,49],"tags":[],"class_list":["post-17941","post","type-post","status-publish","format-standard","hentry","category-3-coquillages","category-club-de-lecture-dinard","category-france","category-monde-rural","category-rapport-familaux","category-roman"],"_links":{"self":[{"href":"https:\/\/luocine.fr\/index.php?rest_route=\/wp\/v2\/posts\/17941","targetHints":{"allow":["GET"]}}],"collection":[{"href":"https:\/\/luocine.fr\/index.php?rest_route=\/wp\/v2\/posts"}],"about":[{"href":"https:\/\/luocine.fr\/index.php?rest_route=\/wp\/v2\/types\/post"}],"author":[{"embeddable":true,"href":"https:\/\/luocine.fr\/index.php?rest_route=\/wp\/v2\/users\/822092"}],"replies":[{"embeddable":true,"href":"https:\/\/luocine.fr\/index.php?rest_route=%2Fwp%2Fv2%2Fcomments&post=17941"}],"version-history":[{"count":4,"href":"https:\/\/luocine.fr\/index.php?rest_route=\/wp\/v2\/posts\/17941\/revisions"}],"predecessor-version":[{"id":17946,"href":"https:\/\/luocine.fr\/index.php?rest_route=\/wp\/v2\/posts\/17941\/revisions\/17946"}],"wp:attachment":[{"href":"https:\/\/luocine.fr\/index.php?rest_route=%2Fwp%2Fv2%2Fmedia&parent=17941"}],"wp:term":[{"taxonomy":"category","embeddable":true,"href":"https:\/\/luocine.fr\/index.php?rest_route=%2Fwp%2Fv2%2Fcategories&post=17941"},{"taxonomy":"post_tag","embeddable":true,"href":"https:\/\/luocine.fr\/index.php?rest_route=%2Fwp%2Fv2%2Ftags&post=17941"}],"curies":[{"name":"wp","href":"https:\/\/api.w.org\/{rel}","templated":true}]}}