{"id":17917,"date":"2024-04-15T06:34:07","date_gmt":"2024-04-15T04:34:07","guid":{"rendered":"https:\/\/luocine.fr\/?p=17917"},"modified":"2024-04-15T15:39:49","modified_gmt":"2024-04-15T13:39:49","slug":"les-monuments-de-paris-violaine-huisman","status":"publish","type":"post","link":"https:\/\/luocine.fr\/?p=17917","title":{"rendered":"Les monuments de Paris  &#8211; Violaine HUISMAN"},"content":{"rendered":"<p>&nbsp;<\/p>\n<p><em><a href=\"http:\/\/luocine.fr\/wp-content\/uploads\/2024\/04\/IMG_0468-scaled.jpeg\"><img loading=\"lazy\" decoding=\"async\" class=\"alignnone size-full wp-image-17927\" src=\"http:\/\/luocine.fr\/wp-content\/uploads\/2024\/04\/IMG_0468-scaled.jpeg\" alt=\"\" width=\"2560\" height=\"1920\" srcset=\"https:\/\/luocine.fr\/wp-content\/uploads\/2024\/04\/IMG_0468-scaled.jpeg 2560w, https:\/\/luocine.fr\/wp-content\/uploads\/2024\/04\/IMG_0468-300x225.jpeg 300w, https:\/\/luocine.fr\/wp-content\/uploads\/2024\/04\/IMG_0468-1024x768.jpeg 1024w, https:\/\/luocine.fr\/wp-content\/uploads\/2024\/04\/IMG_0468-768x576.jpeg 768w, https:\/\/luocine.fr\/wp-content\/uploads\/2024\/04\/IMG_0468-1536x1152.jpeg 1536w, https:\/\/luocine.fr\/wp-content\/uploads\/2024\/04\/IMG_0468-2048x1536.jpeg 2048w\" sizes=\"auto, (max-width: 2560px) 100vw, 2560px\" \/><\/a><br \/>\n\u00c9dition Gallimard novembre 2023<\/em><\/p>\n<p><em>Lu dans le cadre du club de lecture de la\u00a0<a href=\"https:\/\/mediatheques.cote-emeraude.fr\/l-ourse\">m\u00e9diath\u00e8que de Dinard<\/a><\/em><\/p>\n<p><a href=\"http:\/\/luocine.fr\/wp-content\/uploads\/2014\/10\/3.jpg\"><img loading=\"lazy\" decoding=\"async\" class=\"size-full wp-image-724 alignleft\" src=\"http:\/\/luocine.fr\/wp-content\/uploads\/2014\/10\/3.jpg\" alt=\"\" width=\"200\" height=\"58\" \/><\/a>D\u00e9cidemment dans la s\u00e9lection des nouveaut\u00e9s du club de lecture , il y a beaucoup de livres qui parlent de la Shoah en France. Est-ce un hasard, ou le fait que les souvenirs se r\u00e9veillent lib\u00e9r\u00e9s du poids des interdits du venant de ceux qui avaient v\u00e9cu ou particip\u00e9 \u00e0 ces terrible \u00e9v\u00e8nements&#160;? Violaine Huisman est pr\u00e8s de son p\u00e8re quand il d\u00e9c\u00e8de, elle veut trouver qui \u00e9tait Denis Huisman, que les gens de ma g\u00e9n\u00e9ration connaissent bien pour avoir travailler sur les manuel de philo \u00ab&#160;Huisman-Vergez&#160;\u00bb .<\/p>\n<p>Sa qu\u00eate de m\u00e9moire est douloureuse car ce p\u00e8re fantasque a \u00e9t\u00e9 un mari volage et n&rsquo;a pas su aider les deux filles qu&rsquo;il a eues avec un femme bipolaire. Elle se sent la fille de la \u00ab&#160;folle&#160;\u00bb, elle aime son p\u00e8re mais a peu d&rsquo;illusions sur ses qualit\u00e9s morales. (Sa m\u00e8re est l&rsquo;objet d&rsquo;un roman que je n&rsquo;ai pas lu). Le portrait de ce p\u00e8re haut en couleur est bien men\u00e9 et tr\u00e8s agr\u00e9able \u00e0 lire, tr\u00e8s vite l&rsquo;autrice se heurte \u00e0 la difficult\u00e9 de d\u00e9m\u00ealer ce qui est r\u00e9el de la mythologie familiale dans laquelle les personnages tiennent des positions qui font de beaux r\u00e9cits mais qui ne respectent pas toujours la v\u00e9rit\u00e9 historique. Une grande partie de sa recherche concerne Georges Huisman, l&rsquo;anc\u00eatre si glorieux de la famille et auquel la soci\u00e9t\u00e9 d&rsquo;apr\u00e8s guerre n&rsquo;a pas rendu les honneurs ni la place qui aurait d\u00fb lui revenir. On revit sa fuite lors de l&rsquo;invasion nazie et sa peur d&rsquo;\u00eatre d\u00e9port\u00e9 comme juif. L&rsquo;autrice nous fait revivre l&rsquo;\u00e9pisode du \u00ab&#160;Massilia&#160;\u00bb bateau dans lequel se sont embarqu\u00e9s des d\u00e9put\u00e9s et des membres du gouvernement&#160;: Mendes-France, Jean Say entre autre, respectant en cela les ordres de P\u00e9tain. Mais tous ceux qui sont juifs seront arr\u00eat\u00e9s et jug\u00e9s pour haute trahison. Tout cela est int\u00e9ressant et a certainement marqu\u00e9 le jeune gar\u00e7on (le p\u00e8re de la narratrice) qui a d\u00fb se cacher et craindre pour sa vie. Mais dans la m\u00e9moire familiale et il y a aussi Choute une jolie femme tr\u00e8s riche dont George Huisman aurait \u00e9t\u00e9 tr\u00e8s amoureux. Violaine Huisman s&#8217;empare de cette histoire et on ne sait absolument pas ce qui rel\u00e8ve du roman ou de la r\u00e9alit\u00e9.<\/p>\n<p>J&rsquo;ai aim\u00e9 lire cette biographie (m\u00eame ador\u00e9 la premi\u00e8re partie) et la fa\u00e7on que l&rsquo;auteur a de d\u00e9m\u00ealer tous les fils du pass\u00e9 qui arrivent vers elle comme une pelote souvent agressive qui brouillent tellement bien les cartes de la r\u00e9alit\u00e9 et de la narration familiale. Mais j&rsquo;ai trouv\u00e9 en ce qui concerne son grand-p\u00e8re que le m\u00e9lange historique et fiction litt\u00e9raire \u00e9tait g\u00eanante.<\/p>\n<h1>Extraits<\/h1>\n<h3>D\u00e9but.<\/h3>\n<blockquote>\n<div>\u00a0<em>Te voir avachi. devant la t\u00e9l\u00e9 en plein apr\u00e8s-midi me sid\u00e8re est me brise le c\u0153ur. Je coupe le son. Merci, silence. Le reflet des images diapre les murs comme les vitraux d&rsquo;une chapelle. Par la fen\u00eatre, \u00e0 gauche un rayon de soleil dessine autour de ta chevelure un halo d&rsquo;or. En arri\u00e8re-plan, des \u00e9tag\u00e8res de livres reli\u00e9s en cuir ch\u00e2tain forme un paysage vallonn\u00e9, des collines o\u00f9 se dressent en lettres scintillantes tes auteurs-phares.<\/em><\/div>\n<\/blockquote>\n<div><\/div>\n<div>\n<h3>J&rsquo;aime cette fa\u00e7on de raconter.<\/h3>\n<\/div>\n<div>\n<blockquote>\n<div><em>\u00a0Tu as la voix qui porte et le ton professoral&#160;; o\u00f9 que tu sois tu donnes un coup magistral, y compris en t\u00eate \u00e0 t\u00eate avec ton agonie. Tu peux de but en blanc d\u00e9clamer un po\u00e8me de Hugo ou une tirade de Corneille, en philosophie tu es incollable intarissable tu sembles avoir tout lu tout retenu(&#8230;)<\/em><\/div>\n<\/blockquote>\n<\/div>\n<div><\/div>\n<div>\n<h3>Un grand talent d&rsquo;\u00e9criture.<\/h3>\n<\/div>\n<div>\n<blockquote>\n<div>\u00a0<em>Cette rosette rouge sur le revers de ton veston intrigu\u00e9 \u00e9norm\u00e9ment les enfants, toutes g\u00e9n\u00e9rations confondues. \u00c0 quoi \u00e7a sert&#160;? Te demandait-on \u00e0 tour de r\u00f4le. \u00c0 rien mon pauvre amour&#160;! Strictement \u00e0 rien, sinon \u00e0 flatter la vanit\u00e9 des vieux croulants comme moi. Ou plut\u00f4t si, \u00e7a sert \u00e0 une chose \u00e0 partir du grade de grand officier, un vulgaire gendarme ne peut pas vous convoquer au poste, c&rsquo;est le commissaire de police en personne qui doit se rendre \u00e0 votre domicile pour vous arr\u00eater. Je ne voyais pas en quoi ce privil\u00e8ge t&rsquo;aurait \u00e9t\u00e9 utile.<\/em><\/div>\n<\/blockquote>\n<\/div>\n<div><\/div>\n<div>\n<h3>Le rituel de la nouvelle cuisine.<\/h3>\n<\/div>\n<div>\n<blockquote>\n<div>\u00a0<em>Le rituel protocolaire des \u00e9tablissements \u00e9toil\u00e9s t&#8217;emmerdait au plus haut point, mais tu en raffolais. Tu trouvais la nouvelle cuisine chichiteuse et ces portions mesquines. Quand un serveur entamait le r\u00e9citatif des produits pr\u00e9par\u00e9s dans ton assiette, tu accueillais sa s\u00e9r\u00e9nade en b\u00e2frant avec une telle voracit\u00e9 que tu avais r\u00e9guli\u00e8rement fini avant qu&rsquo;il ait conclu son c\u00e9r\u00e9monial en nous souhaitant une bonne d\u00e9gustation.<\/em><\/div>\n<\/blockquote>\n<\/div>\n<div><\/div>\n<div>\n<h3>Son h\u00e9ritage \u00e0 Paris.<\/h3>\n<\/div>\n<div>\n<blockquote>\n<div><em>\u00a0Paris \u00e9tait le foyer ancestral o\u00f9 j&rsquo;\u00e9tais la fille de&#160;: la fille de ma m\u00e8re-la-folle, la fille de mon p\u00e8re, la petite fille d&rsquo;un grand-p\u00e8re illustre, f\u00fbt-il injustement oubli\u00e9. Je m&rsquo;\u00e9tais construite ailleurs car \u00e0 Paris, j&rsquo;avais l&rsquo;impression \u00e0 chaque carrefour de tr\u00e9bucher sur un pav\u00e9.<\/em><\/div>\n<\/blockquote>\n<\/div>\n<div><\/div>\n<div>\n<h3>Son p\u00e8re et les femmes.<\/h3>\n<\/div>\n<div>\n<blockquote>\n<div>\u00a0<em>Dans ces r\u00e9cits une femme \u00e9tait avant tout incarn\u00e9e, et son potentiel de s\u00e9duction primait sur toute autre qualit\u00e9. Une femme \u00e9tait soit vieille et moche, soit jeune et fra\u00eeche. D\u00e9cid\u00e9ment, mon p\u00e8re n&rsquo;\u00e9tait pas un f\u00e9ministe tout \u00e0 fait hors pair&#160;!<\/em><\/div>\n<\/blockquote>\n<\/div>\n<div><\/div>\n<div>\n<h3>Vision de Haussman par Georges Huisman.<\/h3>\n<\/div>\n<div>\n<blockquote>\n<div><em>\u00a0L\u00e0 on l&rsquo;entend marmonner son courroux sous son inlassable moustache en p\u00e9n\u00e9trant dans ces monuments du second Empire&#160;: ces \u00ab&#160;vandales&#160;\u00bb qui ont d\u00e9figur\u00e9 Paris&#160;! Haussmann -le pire ce qu&rsquo;on a appel\u00e9 les \u00ab&#160;embellissements&#160;\u00bb de Paris n&rsquo;est qu&rsquo;un syst\u00e8me g\u00e9n\u00e9rale d&rsquo;armement contre l&rsquo;\u00e9meute. l&rsquo;Attila de la ligne droite&#160;!<\/em><\/div>\n<\/blockquote>\n<\/div>\n<div><\/div>\n<div><\/div>\n<div><\/div>\n<p>&nbsp;<\/p>\n<p>&nbsp;<\/p>\n<p>&nbsp;<\/p>\n","protected":false},"excerpt":{"rendered":"<p>&nbsp; \u00c9dition Gallimard novembre 2023 Lu dans le cadre du club de lecture de la\u00a0m\u00e9diath\u00e8que de Dinard D\u00e9cidemment dans la s\u00e9lection des nouveaut\u00e9s du club de lecture , il y a beaucoup de livres qui parlent de la Shoah en France. Est-ce un hasard, ou le fait que les souvenirs se r\u00e9veillent lib\u00e9r\u00e9s du poids <span class=\"ellipsis\">&hellip;<\/span> <span class=\"more-link-wrap\"><a href=\"https:\/\/luocine.fr\/?p=17917\" class=\"more-link\"><span>Read More &rarr;<\/span><\/a><\/span><\/p>\n","protected":false},"author":822092,"featured_media":0,"comment_status":"open","ping_status":"open","sticky":false,"template":"","format":"standard","meta":{"footnotes":""},"categories":[44,133,106,22,277,331,24,96,83,49],"tags":[],"class_list":["post-17917","post","type-post","status-publish","format-standard","hentry","category-3-coquillages","category-amour-et-couple","category-antisemitisme","category-biographie","category-club-de-lecture-dinard","category-famille","category-france","category-guerre-3945","category-nazisme","category-roman"],"_links":{"self":[{"href":"https:\/\/luocine.fr\/index.php?rest_route=\/wp\/v2\/posts\/17917","targetHints":{"allow":["GET"]}}],"collection":[{"href":"https:\/\/luocine.fr\/index.php?rest_route=\/wp\/v2\/posts"}],"about":[{"href":"https:\/\/luocine.fr\/index.php?rest_route=\/wp\/v2\/types\/post"}],"author":[{"embeddable":true,"href":"https:\/\/luocine.fr\/index.php?rest_route=\/wp\/v2\/users\/822092"}],"replies":[{"embeddable":true,"href":"https:\/\/luocine.fr\/index.php?rest_route=%2Fwp%2Fv2%2Fcomments&post=17917"}],"version-history":[{"count":13,"href":"https:\/\/luocine.fr\/index.php?rest_route=\/wp\/v2\/posts\/17917\/revisions"}],"predecessor-version":[{"id":18272,"href":"https:\/\/luocine.fr\/index.php?rest_route=\/wp\/v2\/posts\/17917\/revisions\/18272"}],"wp:attachment":[{"href":"https:\/\/luocine.fr\/index.php?rest_route=%2Fwp%2Fv2%2Fmedia&parent=17917"}],"wp:term":[{"taxonomy":"category","embeddable":true,"href":"https:\/\/luocine.fr\/index.php?rest_route=%2Fwp%2Fv2%2Fcategories&post=17917"},{"taxonomy":"post_tag","embeddable":true,"href":"https:\/\/luocine.fr\/index.php?rest_route=%2Fwp%2Fv2%2Ftags&post=17917"}],"curies":[{"name":"wp","href":"https:\/\/api.w.org\/{rel}","templated":true}]}}