{"id":17734,"date":"2024-03-16T06:37:07","date_gmt":"2024-03-16T05:37:07","guid":{"rendered":"https:\/\/luocine.fr\/?p=17734"},"modified":"2024-03-09T15:51:34","modified_gmt":"2024-03-09T14:51:34","slug":"la-colere-et-lenvie-alice-renard","status":"publish","type":"post","link":"https:\/\/luocine.fr\/?p=17734","title":{"rendered":"La Col\u00e8re et l&rsquo;Envie    &#8211; Alice RENARD"},"content":{"rendered":"<p><a href=\"http:\/\/luocine.fr\/wp-content\/uploads\/2024\/03\/IMG_0439-scaled.jpeg\"><img loading=\"lazy\" decoding=\"async\" class=\"alignnone size-full wp-image-17740\" src=\"http:\/\/luocine.fr\/wp-content\/uploads\/2024\/03\/IMG_0439-scaled.jpeg\" alt=\"\" width=\"2560\" height=\"1920\" srcset=\"https:\/\/luocine.fr\/wp-content\/uploads\/2024\/03\/IMG_0439-scaled.jpeg 2560w, https:\/\/luocine.fr\/wp-content\/uploads\/2024\/03\/IMG_0439-300x225.jpeg 300w, https:\/\/luocine.fr\/wp-content\/uploads\/2024\/03\/IMG_0439-1024x768.jpeg 1024w, https:\/\/luocine.fr\/wp-content\/uploads\/2024\/03\/IMG_0439-768x576.jpeg 768w, https:\/\/luocine.fr\/wp-content\/uploads\/2024\/03\/IMG_0439-1536x1152.jpeg 1536w, https:\/\/luocine.fr\/wp-content\/uploads\/2024\/03\/IMG_0439-2048x1536.jpeg 2048w\" sizes=\"auto, (max-width: 2560px) 100vw, 2560px\" \/><\/a><\/p>\n<p><em><br \/>\n\u00c9dition H\u00e9lo\u00efse d&rsquo;Ormesson\u00a0<\/em><\/p>\n<p><em>Lu dans le cadre du\u00a0<a href=\"https:\/\/mediatheques.cote-emeraude.fr\/club-de-lecture-de-dinard\">club de lecture<\/a>\u00a0de la m\u00e9diath\u00e8que de Dinard.<\/em><\/p>\n<p>&nbsp;<\/p>\n<p><a href=\"http:\/\/luocine.fr\/wp-content\/uploads\/2014\/10\/3.jpg\"><img loading=\"lazy\" decoding=\"async\" class=\"size-full wp-image-724 alignleft\" src=\"http:\/\/luocine.fr\/wp-content\/uploads\/2014\/10\/3.jpg\" alt=\"\" width=\"200\" height=\"58\" \/><\/a>Un livre surprenant pour un premier roman d&rsquo;une jeune \u00e9crivaine, il est compos\u00e9 en trois parties dont l&rsquo;int\u00e9r\u00eat est all\u00e9 en diminuant (pour moi&#160;!).<\/p>\n<p>La premi\u00e8re partie est \u00e0 deux voix&#160;: celle du p\u00e8re et de la m\u00e8re d&rsquo;Isor une enfant qui ne parle pas et dont aucun m\u00e9decin ne peut dire exactement ce qu&rsquo;elle a. On retrouve dans cette partie le d\u00e9sarroi des parents d&rsquo;une enfant \u00ab&#160;pas comme les autres&#160;\u00bb. Sa m\u00e8re sent que cette petite fille, sa fille, a des capacit\u00e9s qu&rsquo;elle ne veut (ou ne peut) pas montrer, comme si elle avait peur du monde. Son p\u00e8re est souvent plus agac\u00e9 par sa fille mais finit par trouver un lien avec elle \u00e0 travers les DVD, ensemble ils regardent des reportages animaliers ou des films en langue \u00e9trang\u00e8re. Elle imite tr\u00e8s bien les animaux ou semble parler chinois ou arabe. Alors qu\u2019elle ne dit pas un mot en fran\u00e7ais.<\/p>\n<p>J&rsquo;ai trouv\u00e9 triste mais tr\u00e8s bien d\u00e9crite leurs d\u00e9marches aupr\u00e8s du corps m\u00e9dical pour comprendre et aider leur fille. Tant de parents t\u00e9moignent des m\u00eames errances quand ils veulent comprendre pourquoi leur enfant ne r\u00e9agit pas comme tous les autres. Ils d\u00e9cident donc de s&rsquo;en sortir seuls. Isore grandit et un jour elle veut faire ses propres d\u00e9couvertes, nous sommes dans la deuxi\u00e8me partie quand elle rencontre Lucien un vieil homme avec qui elle se sent bien. Dans la deuxi\u00e8me partie nous entendons la voix de Lucien, et je n&rsquo;ai vraiment pas compris grand chose \u00e0 cet amour absolu de Lucien pour Isore. Ce que la petite n&rsquo;a jamais donn\u00e9 \u00e0 ses parents (la communication) elle le donnera \u00e0 cet homme qui partagera son secret avec elle&#160;: l&rsquo;\u00e9loignement en Italie de sa fille Anellia ou Ani. Enfin, dans la troisi\u00e8me partie (un grand n&rsquo;importe quoi &#8211; toujours pour moi) gr\u00e2ce \u00e0 une correspondance fournie , Isor raconte \u00e0 ses parents sa nouvelle vie en Sicile avec Aniella. Bref cette enfant qui n&rsquo;a jamais eu aucune autonomie, n&rsquo;a jamais parl\u00e9 peut \u00e9crire est capable de se rendre seule en Sicile pour retrouver et vivre avec la fille de Lucien .<\/p>\n<p>Une d\u00e9ception, apr\u00e8s un bon d\u00e9but, pour ce roman qui visiblement pla\u00eet beaucoup. Cette toute jeune \u00e9crivaine a le temps pour \u00e9crire des romans qui, peut-\u00eatre, me plairont davantage.<\/p>\n<p>&nbsp;<\/p>\n<h1>Extraits<\/h1>\n<h3>D\u00e9but .<\/h3>\n<blockquote>\n<div><em>\u00a0M\u00e8re\u00a0<\/em><\/div>\n<div><\/div>\n<div><em>Mon poussin, ma toute petite, moi qui t&rsquo;ai form\u00e9 au rythme des secrets de mon ventre, je t&rsquo;ai vue finalement grandir en d\u00e9pit de tout. Detoutes ces choses incompr\u00e9hensibles et qui t&rsquo;\u00e9taient contraires.<\/em><\/div>\n<\/blockquote>\n<div><\/div>\n<div><\/div>\n<h3>Floril\u00e8ge d&rsquo;avis divers et vari\u00e9s sur leur fille,( j&rsquo;en cite 2 sur 10).<\/h3>\n<div>\n<blockquote>\n<div><em>Alexandre Petit (interne) ORL&#160;:&#160;\u00bb L&rsquo;hypoth\u00e8se d&rsquo;un syndrome rare touchant les canaux lacrymaux n&rsquo;est pas exclue&#160;: votre fille s\u00e9cr\u00e9terait trop de larmes. On a relev\u00e9 un cas similaire en Birmanie il y a deux ans&#160;\u00bb.<\/em><\/div>\n<div><\/div>\n<div>\n<p><em>\u00a0<\/em><\/p>\n<div><em>Docteur Amandine Blanc, psychiatre&#160;:&#160;\u00bb Partez donc un peu en vacances, prenez du temps pour vous cela devient UR-GENT&#160;! Isor a besoin de voir sa famille unie et heureuse. On continue de se voir tous les deux jours&#160;?&#160;\u00bb<\/em><\/div>\n<\/div>\n<\/blockquote>\n<\/div>\n<blockquote><p>&nbsp;<\/p><\/blockquote>\n","protected":false},"excerpt":{"rendered":"<p>\u00c9dition H\u00e9lo\u00efse d&rsquo;Ormesson\u00a0 Lu dans le cadre du\u00a0club de lecture\u00a0de la m\u00e9diath\u00e8que de Dinard. &nbsp; Un livre surprenant pour un premier roman d&rsquo;une jeune \u00e9crivaine, il est compos\u00e9 en trois parties dont l&rsquo;int\u00e9r\u00eat est all\u00e9 en diminuant (pour moi&#160;!). La premi\u00e8re partie est \u00e0 deux voix&#160;: celle du p\u00e8re et de la m\u00e8re d&rsquo;Isor une <span class=\"ellipsis\">&hellip;<\/span> <span class=\"more-link-wrap\"><a href=\"https:\/\/luocine.fr\/?p=17734\" class=\"more-link\"><span>Read More &rarr;<\/span><\/a><\/span><\/p>\n","protected":false},"author":822092,"featured_media":0,"comment_status":"open","ping_status":"open","sticky":false,"template":"","format":"standard","meta":{"footnotes":""},"categories":[44,290,277,232,24,98,343,49],"tags":[],"class_list":["post-17734","post","type-post","status-publish","format-standard","hentry","category-3-coquillages","category-amour-filial","category-club-de-lecture-dinard","category-enfance","category-france","category-le-handicap","category-maladie-mentale","category-roman"],"_links":{"self":[{"href":"https:\/\/luocine.fr\/index.php?rest_route=\/wp\/v2\/posts\/17734","targetHints":{"allow":["GET"]}}],"collection":[{"href":"https:\/\/luocine.fr\/index.php?rest_route=\/wp\/v2\/posts"}],"about":[{"href":"https:\/\/luocine.fr\/index.php?rest_route=\/wp\/v2\/types\/post"}],"author":[{"embeddable":true,"href":"https:\/\/luocine.fr\/index.php?rest_route=\/wp\/v2\/users\/822092"}],"replies":[{"embeddable":true,"href":"https:\/\/luocine.fr\/index.php?rest_route=%2Fwp%2Fv2%2Fcomments&post=17734"}],"version-history":[{"count":7,"href":"https:\/\/luocine.fr\/index.php?rest_route=\/wp\/v2\/posts\/17734\/revisions"}],"predecessor-version":[{"id":17743,"href":"https:\/\/luocine.fr\/index.php?rest_route=\/wp\/v2\/posts\/17734\/revisions\/17743"}],"wp:attachment":[{"href":"https:\/\/luocine.fr\/index.php?rest_route=%2Fwp%2Fv2%2Fmedia&parent=17734"}],"wp:term":[{"taxonomy":"category","embeddable":true,"href":"https:\/\/luocine.fr\/index.php?rest_route=%2Fwp%2Fv2%2Fcategories&post=17734"},{"taxonomy":"post_tag","embeddable":true,"href":"https:\/\/luocine.fr\/index.php?rest_route=%2Fwp%2Fv2%2Ftags&post=17734"}],"curies":[{"name":"wp","href":"https:\/\/api.w.org\/{rel}","templated":true}]}}