{"id":17552,"date":"2024-02-05T06:39:57","date_gmt":"2024-02-05T05:39:57","guid":{"rendered":"https:\/\/luocine.fr\/?p=17552"},"modified":"2023-12-18T08:50:41","modified_gmt":"2023-12-18T07:50:41","slug":"le-chateau-des-rentiers-agnes-desarthe","status":"publish","type":"post","link":"https:\/\/luocine.fr\/?p=17552","title":{"rendered":"Le ch\u00e2teau des Rentiers   &#8211; Agn\u00e8s DESARTHE"},"content":{"rendered":"<p>&nbsp;<\/p>\n<p><a href=\"http:\/\/luocine.fr\/wp-content\/uploads\/2024\/02\/IMG_0424-scaled.jpeg\"><img loading=\"lazy\" decoding=\"async\" class=\"alignnone size-full wp-image-17561\" src=\"http:\/\/luocine.fr\/wp-content\/uploads\/2024\/02\/IMG_0424-scaled.jpeg\" alt=\"\" width=\"2560\" height=\"1920\" srcset=\"https:\/\/luocine.fr\/wp-content\/uploads\/2024\/02\/IMG_0424-scaled.jpeg 2560w, https:\/\/luocine.fr\/wp-content\/uploads\/2024\/02\/IMG_0424-300x225.jpeg 300w, https:\/\/luocine.fr\/wp-content\/uploads\/2024\/02\/IMG_0424-1024x768.jpeg 1024w, https:\/\/luocine.fr\/wp-content\/uploads\/2024\/02\/IMG_0424-768x576.jpeg 768w, https:\/\/luocine.fr\/wp-content\/uploads\/2024\/02\/IMG_0424-1536x1152.jpeg 1536w, https:\/\/luocine.fr\/wp-content\/uploads\/2024\/02\/IMG_0424-2048x1536.jpeg 2048w\" sizes=\"auto, (max-width: 2560px) 100vw, 2560px\" \/><\/a><br \/>\n\u00c9ditions de l&rsquo;Olivier<\/p>\n<blockquote>\n<h3 style=\"text-align: center;\"><strong><em>L&rsquo;exp\u00e9rience concentrationnaire est incommunicable.<\/em><\/strong><\/h3>\n<h3 style=\"text-align: center;\"><strong><em>C&rsquo;est c&rsquo;est une histoire racont\u00e9e \u00e0 des sourds par des muets<\/em><\/strong><\/h3>\n<\/blockquote>\n<p><a href=\"http:\/\/luocine.fr\/wp-content\/uploads\/2014\/10\/4.jpg\"><img loading=\"lazy\" decoding=\"async\" class=\"size-full wp-image-725 alignleft\" src=\"http:\/\/luocine.fr\/wp-content\/uploads\/2014\/10\/4.jpg\" alt=\"\" width=\"200\" height=\"58\" \/><\/a>Quatri\u00e8me livre de cette auteure sur Luocine, c&rsquo;est visiblement une \u00e9crivaine que j&rsquo;appr\u00e9cie sans jamais \u00eatre totalement enthousiaste , petit rappel&#160;: <a href=\"https:\/\/luocine.fr\/?p=1171\">le rempla\u00e7ant<\/a>, <a href=\"https:\/\/luocine.fr\/?p=5522\">Ce Coeur changeant,<\/a> <a href=\"https:\/\/luocine.fr\/?p=13973\">les bonnes intentions<\/a>.<\/p>\n<p>Ce roman est , une fois encore, agr\u00e9able \u00e0 lire mais la construction est surprenante, on a l&rsquo;impression, certainement fausse, que l&rsquo;\u00e9crivaine \u00e9crit au fil des jours sans savoir tr\u00e8s bien o\u00f9 elle va et o\u00f9 elle m\u00e8ne son lecteur.<br \/>\nAu d\u00e9part, il y a un projet assez vague de cr\u00e9er un lieu pour vieillir avec ses amis, un peu comme ses grands-parents, rescap\u00e9s d&rsquo;Auschwitz l&rsquo;avait fait dans une tour du 13\u00b0. Elle revisite donc ses souvenirs, tr\u00e8s marqu\u00e9s \u00e9videmment par le poids de la Shoah, mais aussi, de ce que repr\u00e9sente pour elle, le vieillissement. Son livre est comme un kal\u00e9idoscope, avec des petites p\u00e9pites lumineuses mais qui ne se raccrochent pas \u00e0 un ensemble.<br \/>\nComme je suis, parfois, un peu comme la vieille femme \u00e9cossaise qui l&rsquo;avait interpell\u00e9e lors d&rsquo;un colloque en lui demandant de quel droit elle parlait de la vieillesse et de la guerre, elle qui ne l&rsquo;\u00e9tait pas, vieille, et qui ne l&rsquo;avait pas v\u00e9cue, la guerre, en regardant la tr\u00e8s joie femme de soixante ans qui a \u00e9crit ce livre, je me suis plusieurs fois demand\u00e9 ce qu&rsquo;elle connaissait de la vieillesse physique, qui arrive vers 80 ou 90 ans. Et toujours avec mon esprit mal plac\u00e9, j&rsquo;ai pens\u00e9 que cela lui permettrait d&rsquo;\u00e9crire un autre livre dont le sujet serait \u00ab&#160;la vieillesse physique commence plus tard que je ne l&rsquo;imaginais&#160;\u00bb.<\/p>\n<p>Stop, pour mon mauvais esprit&#160;! Cette \u00e9crivaine ne saurait totalement me d\u00e9plaire car nous avons un auteur f\u00e9tiche commun&#160;: <a href=\"https:\/\/luocine.fr\/?p=1274\">Jean Pierre Minaudier<\/a>. Et puis, lorsque l&rsquo;on passe plusieurs soir\u00e9es avec ce livre, en \u00e9tant parfois , amus\u00e9e , triste ou le plus souvent \u00e9tonn\u00e9e, on ne peut pas \u00eatre trop s\u00e9v\u00e8re. Pourtant, je sais que j&rsquo;oublierai ce roman, cette longue d\u00e9ambulation dans sa m\u00e9moire et tous les gens qui la peuplent.<br \/>\nSa grand-m\u00e8re qui lui donne la recette d&rsquo;un g\u00e2teau dans son accent qui la rend si attachante. Sa m\u00e8re qu&rsquo;elle a tant aim\u00e9e et elle qui sait qu&rsquo;elle porte en elle m\u00eame la petite fille, l&rsquo;adolescente, la femme et la m\u00e8re .<\/p>\n<p>Je ne pense pas qu&rsquo;elle construira son phalanst\u00e8re pour vieillir avec ses amis, mas elle a d\u00e9j\u00e0 r\u00e9ussi \u00e0 les r\u00e9unir dans son livre<\/p>\n<p>&nbsp;<\/p>\n<h1>Extraits<\/h1>\n<p>&nbsp;<\/p>\n<h3>Le D\u00e9but.<\/h3>\n<blockquote>\n<div>\u00a0<em>Mes grands parents maternels, Boris et Tsila Jampolski, avaient 65 ans lorsqu&rsquo;ils ont achet\u00e9 sur plan, un appartement de deux pi\u00e8ces avec balcon au huiti\u00e8me \u00e9tage d&rsquo;une tour dans le XIII\u00b0 arrondissement de Paris. J&rsquo;ai \u00e9crit leur adresse -194 rue du Ch\u00e2teau des Rentiers 75013 Paris- sur des enveloppes et des cartes postales pendant pr\u00e8s de trente ans.<\/em><\/div>\n<\/blockquote>\n<div><\/div>\n<div>\n<h3>J&rsquo;aime cette fa\u00e7on de raconter.<\/h3>\n<\/div>\n<div>\n<blockquote>\n<div><em>\u00a0\u00c0 17 ans et un jour j&rsquo;ai model\u00e9 un nouvel id\u00e9al en m&rsquo;inspirant cette fois d&rsquo;une amie que je trouvais plus jolie, plus intelligente et plus m\u00fbre que moi. Je m&rsquo;achetais les m\u00eames v\u00eatements qu&rsquo;elle. Toutefois comme nos morphologies diff\u00e9raient ce qui la sublimait -faisant d&rsquo;elle tant\u00f4t une princesse bulgare tant\u00f4t une ballerine de Degas- faisait de moi une brave une brave fille de ferme. Le constat de ce nouvel \u00e9chec aurait pu mettre fin \u00e0 ma manie de l&rsquo;id\u00e9alisation. Mais non. J&rsquo;aimais et j&rsquo;aime toujours admirer. C&rsquo;est mon moyen de transport f\u00e9tiche. Je veux \u00eatre ce que je ne suis pas. Je veux \u00eatre l\u00e0 o\u00f9 je ne suis pas. Peu importe que j&rsquo;y parvienne ou non, car le plaisir est garanti par le trajet.<\/em><\/div>\n<\/blockquote>\n<\/div>\n<div><\/div>\n<div>\n<h3>La recette de cuisine du g\u00e2teau de sa grand-m\u00e8re.<\/h3>\n<\/div>\n<div>\n<div>\n<blockquote>\n<div><em>\u00ab&#160;Combien tu mets de farine&#160;?&#160;\u00bb lui ai-je demand\u00e9. \u00ab&#160;Un p\u00e9\u00ef&#160;\u00bb,a-t-elle r\u00e9pondu. \u00ab&#160;Et combien de sucre&#160;?&#160;\u00bb \u00ab&#160;Un p\u00e9\u00ef.&#160;\u00bb \u00ab&#160;Comme la farine alors&#160;?&#160;\u00bb &#160;\u00bb Non, pas comme la farine,. Un p\u00e9\u00ef.&#160;\u00bb J&rsquo;ai laiss\u00e9 tomber. Elle a ajout\u00e9 l&rsquo;hile, \u00e0 batti avec le batt\u00e8r, elle a kisin\u00e9\u00ef, dans sa kisine, \u00e0 sa fa\u00e7on qui ne serait jamais la mienne, et j&rsquo;ai accept\u00e9 de perdre pour toujours la saveur de mon g\u00e2teau pr\u00e9f\u00e9r\u00e9. J&rsquo;ai accept\u00e9 l&rsquo;id\u00e9e que quand elle mourrait, le g\u00e2teau mourrait avec elle.<\/em><\/div>\n<\/blockquote>\n<\/div>\n<\/div>\n<div><\/div>\n<div><\/div>\n<div>\n<h3>Vieillir.<\/h3>\n<\/div>\n<div>\n<blockquote>\n<div><em>-C&rsquo;est quoi, le pire, pour toi dans le fait de vieillir&#160;?<\/em><\/div>\n<div><em>&#8211; La douleur. Le mouvement entrav\u00e9. La fin de la souplesse. La laideur. J&rsquo;ai j&rsquo;ai honte de tout, de mes cheveux, de mon visage, de mes mains, de mes pieds (je ne parle pas du reste). C&rsquo;est comme si je polluais l&rsquo;espace visuel collectif. Cela me rend malade de timidit\u00e9. Je ne sais pas comment m&rsquo;habiller, comment m&rsquo;asseoir, comment me relever. J&rsquo;ai l&rsquo;impression de m&rsquo;\u00eatre endormie dans un corps et de m&rsquo;\u00eatre r\u00e9veill\u00e9e dans un autre.<\/em><\/div>\n<\/blockquote>\n<\/div>\n<div><\/div>\n<div><\/div>\n<div>\n<h3>Je comprends sa m\u00e8re.<\/h3>\n<\/div>\n<div>\n<blockquote>\n<div><em>Ce qui ressemble \u00e0 un paradoxe n&rsquo;en est pas un&#160;: indisponible elle l&rsquo;\u00e9tait, pour boire un caf\u00e9, se promener bavarder au t\u00e9l\u00e9phone. Mais fiable et pr\u00e9sente, elle l&rsquo;\u00e9tait aussi, pour s&rsquo;occuper des enfants, me conduire en voiture, m&rsquo;aider \u00e0 pr\u00e9parer un repas. Autrement dit, si c&rsquo;\u00e9tait pour le plaisir -le sien en particulier-, c&rsquo;\u00e9tait souvent non. Si c&rsquo;\u00e9tait pour se rendre utile c&rsquo;\u00e9tait toujours oui.<\/em><\/div>\n<\/blockquote>\n<\/div>\n<div><\/div>\n<div>\n<h3>Le brouillon et la vie.<\/h3>\n<\/div>\n<div>\n<blockquote>\n<div><em> \u00c0\u00a0l&rsquo;\u00e9cole, on nous apprend \u00e0 faire un brouillon. Cette m\u00e9thode qui consiste \u00e0 essayer, \u00e0 s&rsquo;entra\u00eener avant de \u00ab&#160;faire pour de bon&#160;\u00bb structure notre existence. Et pourtant, nous ne vivrons qu&rsquo;une fois. Le brouillon sera la seule tentative et co\u00efncider avec la version d\u00e9finitive.<\/em><\/div>\n<\/blockquote>\n<\/div>\n<div><\/div>\n<div><\/div>\n<div>\n<h3>C&rsquo;est aussi une de mes idoles.<\/h3>\n<\/div>\n<div>\n<blockquote><p><em>Cela m&rsquo;\u00e9voque la f\u00e9licit\u00e9 grammaticale que j&rsquo;ai \u00e9prouv\u00e9e en lisant ce que <a href=\"https:\/\/www.youtube.com\/watch?v=yDmse3IheJQ\">Jean-Pierre Minaudie<\/a>r, historien reconverti en linguiste et traducteur du basque et de l&rsquo;estonien, \u00e9crit concernant un suffixe pr\u00e9sent dans la langue guarani. Cette particule que l&rsquo;on ajoute \u00e0 la fin de l&rsquo;ann\u00e9e permet d&rsquo;en modifier la modalit\u00e9, et d&rsquo;indiquer ainsi diff\u00e9rents \u00e9tats d&rsquo;un m\u00eame objet ou d&rsquo;un m\u00eame \u00eatre.&#160;\u00bb En guarani, note-t-il, il y a non seulement un pass\u00e9, mais un futur et un \u00ab&#160;frustratif&#160;\u00bb nominaux. \u00ab&#160;<strong>Cheman\u00e9kue<\/strong>&#160;\u00bb veut dire \u00ab&#160;celui qui \u00e9tait mon \u00e9poux, \u00ab&#160;<strong>ch\u00e9m\u00e9nar\u00e3<\/strong>&#160;\u00bb \u00ab&#160;mon futur \u00e9poux, et \u00ab&#160;<strong>ch\u00e9m\u00e9nar\u00e3ngue<\/strong>&#160;\u00bb \u00ab&#160;celui qui devait \u00eatre mon \u00e9poux mais ne l&rsquo;est pas devenu. Je me rappelle avoir \u00e9t\u00e9 \u00e9bahie en entendant cette d\u00e9clinaison. Le g\u00e9nie de Minaudier n&rsquo;y \u00e9tait pas pour rien. Avoir l&rsquo;id\u00e9e, pour nommer un mode grammatical, de forger le n\u00e9ologisme \u00ab&#160;frustratif&#160;\u00bb \u00e0 fait de lui une de mes idoles.<\/em><\/p><\/blockquote>\n<\/div>\n<p>&nbsp;<\/p>\n","protected":false},"excerpt":{"rendered":"<p>&nbsp; \u00c9ditions de l&rsquo;Olivier L&rsquo;exp\u00e9rience concentrationnaire est incommunicable. C&rsquo;est c&rsquo;est une histoire racont\u00e9e \u00e0 des sourds par des muets Quatri\u00e8me livre de cette auteure sur Luocine, c&rsquo;est visiblement une \u00e9crivaine que j&rsquo;appr\u00e9cie sans jamais \u00eatre totalement enthousiaste , petit rappel&#160;: le rempla\u00e7ant, Ce Coeur changeant, les bonnes intentions. Ce roman est , une fois encore, <span class=\"ellipsis\">&hellip;<\/span> <span class=\"more-link-wrap\"><a href=\"https:\/\/luocine.fr\/?p=17552\" class=\"more-link\"><span>Read More &rarr;<\/span><\/a><\/span><\/p>\n","protected":false},"author":822092,"featured_media":0,"comment_status":"open","ping_status":"open","sticky":false,"template":"","format":"standard","meta":{"footnotes":""},"categories":[45,46,321,354,133,7,232,24,83,49,195,132],"tags":[],"class_list":["post-17552","post","type-post","status-publish","format-standard","hentry","category-4-coquillages","category-5-coquillages","category-amitie","category-amour","category-amour-et-couple","category-autobiographie","category-enfance","category-france","category-nazisme","category-roman","category-shoah","category-vieillesse"],"_links":{"self":[{"href":"https:\/\/luocine.fr\/index.php?rest_route=\/wp\/v2\/posts\/17552","targetHints":{"allow":["GET"]}}],"collection":[{"href":"https:\/\/luocine.fr\/index.php?rest_route=\/wp\/v2\/posts"}],"about":[{"href":"https:\/\/luocine.fr\/index.php?rest_route=\/wp\/v2\/types\/post"}],"author":[{"embeddable":true,"href":"https:\/\/luocine.fr\/index.php?rest_route=\/wp\/v2\/users\/822092"}],"replies":[{"embeddable":true,"href":"https:\/\/luocine.fr\/index.php?rest_route=%2Fwp%2Fv2%2Fcomments&post=17552"}],"version-history":[{"count":8,"href":"https:\/\/luocine.fr\/index.php?rest_route=\/wp\/v2\/posts\/17552\/revisions"}],"predecessor-version":[{"id":17665,"href":"https:\/\/luocine.fr\/index.php?rest_route=\/wp\/v2\/posts\/17552\/revisions\/17665"}],"wp:attachment":[{"href":"https:\/\/luocine.fr\/index.php?rest_route=%2Fwp%2Fv2%2Fmedia&parent=17552"}],"wp:term":[{"taxonomy":"category","embeddable":true,"href":"https:\/\/luocine.fr\/index.php?rest_route=%2Fwp%2Fv2%2Fcategories&post=17552"},{"taxonomy":"post_tag","embeddable":true,"href":"https:\/\/luocine.fr\/index.php?rest_route=%2Fwp%2Fv2%2Ftags&post=17552"}],"curies":[{"name":"wp","href":"https:\/\/api.w.org\/{rel}","templated":true}]}}