{"id":17442,"date":"2024-01-11T06:43:06","date_gmt":"2024-01-11T05:43:06","guid":{"rendered":"https:\/\/luocine.fr\/?p=17442"},"modified":"2024-01-11T09:28:17","modified_gmt":"2024-01-11T08:28:17","slug":"les-exportes-sonia-devillers","status":"publish","type":"post","link":"https:\/\/luocine.fr\/?p=17442","title":{"rendered":"Les Export\u00e9s   &#8211; Sonia DEVILLERS"},"content":{"rendered":"<p><a href=\"http:\/\/luocine.fr\/wp-content\/uploads\/2024\/01\/IMG_0414-scaled.jpeg\"><img loading=\"lazy\" decoding=\"async\" class=\"alignnone size-full wp-image-17449\" src=\"http:\/\/luocine.fr\/wp-content\/uploads\/2024\/01\/IMG_0414-scaled.jpeg\" alt=\"\" width=\"2560\" height=\"1920\" srcset=\"https:\/\/luocine.fr\/wp-content\/uploads\/2024\/01\/IMG_0414-scaled.jpeg 2560w, https:\/\/luocine.fr\/wp-content\/uploads\/2024\/01\/IMG_0414-300x225.jpeg 300w, https:\/\/luocine.fr\/wp-content\/uploads\/2024\/01\/IMG_0414-1024x768.jpeg 1024w, https:\/\/luocine.fr\/wp-content\/uploads\/2024\/01\/IMG_0414-768x576.jpeg 768w, https:\/\/luocine.fr\/wp-content\/uploads\/2024\/01\/IMG_0414-1536x1152.jpeg 1536w, https:\/\/luocine.fr\/wp-content\/uploads\/2024\/01\/IMG_0414-2048x1536.jpeg 2048w\" sizes=\"auto, (max-width: 2560px) 100vw, 2560px\" \/><\/a><\/p>\n<p>&nbsp;<\/p>\n<p><em>\u00c9dition J&rsquo;ai Lu<\/em><\/p>\n<blockquote>\n<h3 style=\"text-align: center;\"><strong><em>Apr\u00e8s les d\u00e9portations de masse, l&rsquo;exportation de masse. Face \u00e0 des chiffres spectaculaires, comment ne pas consid\u00e9rer que les communistes ont, dans les faits, achev\u00e9 l&rsquo;oeuvre des fascistes&#160;? En d\u00e9barrassant la Roumanie de ses juifs, ils sont parvenus enfin \u00e0 ce que le mar\u00e9chal Antonescu et son clan d\u00e9signaient, en 1940, comme \u00ab&#160;le moment tant attendu de la d\u00e9livrance ethnique&#160;\u00bb. une d\u00e9livrance sans effusion de sans&#160;; Un effacement corps et \u00e2me, doubl\u00e9 d&rsquo;un juteux trafic.<\/em><\/strong><\/h3>\n<\/blockquote>\n<p><a href=\"http:\/\/luocine.fr\/wp-content\/uploads\/2014\/10\/5.jpg\"><img loading=\"lazy\" decoding=\"async\" class=\"size-full wp-image-726 alignleft\" src=\"http:\/\/luocine.fr\/wp-content\/uploads\/2014\/10\/5.jpg\" alt=\"\" width=\"200\" height=\"58\" \/><\/a>Quel livre&#160;! La journaliste a men\u00e9 une enqu\u00eate fouill\u00e9e pour comprendre le sort des juifs en Roumanie. Elle m\u00eale de fa\u00e7on tr\u00e8s judicieuse la vie de sa propre famille d&rsquo;origine juive roumaine et l&rsquo;histoire du pays. Il faut vraiment lire jusqu&rsquo;au bout ce livre, car les questions qu&rsquo;elle se pose dans le dernier chapitre je me les posais tout le long du livre.<\/p>\n<p><a href=\"http:\/\/monbiblioblog.revolublog.com\/sonia-devillers-les-exportes-j-ai-lu-a214944449\">Anna Yes<\/a> a aussi chroniqu\u00e9 ce livre et elle pourra voir combien ce livre m&rsquo;a plu, (je l&rsquo;avais lu une premi\u00e8re fois sans mettre de billet )<\/p>\n<p>Rappel historique, la Roumanie s&rsquo;est retrouv\u00e9e avec une forte minorit\u00e9 juive apr\u00e8s la guerre 14\/18 , car \u00e9tant du c\u00f4t\u00e9 des vainqueurs son territoire a \u00e9t\u00e9 augment\u00e9 de provinces o\u00f9 vivaient de fortes minorit\u00e9s juives. Pendant la mont\u00e9e des nationalismes fascistes avant la guerre 39\/45, ces minorit\u00e9s juives posent un probl\u00e8me important au r\u00e9gime nationaliste roumain. L&rsquo;originalit\u00e9 de ce pays est de n&rsquo;avoir pas d\u00e9port\u00e9 sa population juive de Bucarest. Ce que les archives montrent c&rsquo;est que leur extermination \u00e9tait pr\u00e9vue mais le dirigeant de la Roumanie a compris que les Allemands pouvaient perdre la guerre , donc les neuf derniers mois de guerre ils ont chang\u00e9 de bord. La famille Deleanu, grands-parents de Sonia Devillers, \u00e9tait une famille juive tr\u00e8s influente de Bucarest. Ils ont perdu tous leurs droits pendant la guerre mais pas la vie&#160;! Ils \u00e9pousent avec enthousiasme la cause communiste, et ne parlent jamais des exterminations qui ont eu lieu dans d&rsquo;autres r\u00e9gions roumaines. Il faudra beaucoup de temps pour que ce pays accepte ses responsabilit\u00e9s sur l&rsquo;extermination qu&rsquo;elle voulue et organis\u00e9e. Officiellement, la Roumanie voulait \u00eatre le pays qui a d\u00e9fendu ses juifs.<\/p>\n<p>Et puis, le communisme, a referm\u00e9 le pays sur lui-m\u00eame et la chasse aux juifs a recommenc\u00e9. Mais, et c&rsquo;est l\u00e0 le sujet du livre, il a su en faire une monnaie d&rsquo;\u00e9change pour renflouer les caisses de cet \u00e9tat qui \u00e9tait tr\u00e8s pauvre, car l&rsquo;URSS leur a fait payer leur solidarit\u00e9 avec l&rsquo;Allemagne. Le r\u00e9gime a donc \u00e9chang\u00e9 les juifs roumains contre ce qui manquait tant \u00e0 ce pays&#160;: des cochons, des vaches, des fermes, des abattoirs &#8230;<\/p>\n<p>Ainsi chaque juif qui est parti de ce pays peut savoir ce qu&rsquo;il valait , car les comptes sont tr\u00e8s bien tenus&#160;: tant de porcs pour le d\u00e9part d&rsquo;un juif.<\/p>\n<p>\u00c0 la t\u00eate de ce trafic humain, un passeur qui fait tout ce qu&rsquo;il peut pour permettre aux juifs de sortir, Sonia Devillers essaie de cerner la personnalit\u00e9 de ce passeur, est-il un mafieux ou un sauveur&#160;? Elle ne peut pas r\u00e9pondre \u00e0 cette question.<\/p>\n<p>La question qu&rsquo;elle pose aussi \u00e0 la fin de ce livre, qui lui a \u00e9t\u00e9 sugg\u00e9r\u00e9e par des lettres de Roumains, on peut \u00eatre, choqu\u00e9 de voir que la vie de ses parents valait tant de porcs, ou de vaches, mais comme le disent les pauvres Roumains au moins, vous, vous pouviez sortir et vivre.<\/p>\n<p>Ce qui est choquant aussi, c&rsquo;est que tous ces faits ont \u00e9t\u00e9 r\u00e9v\u00e9l\u00e9s depuis longtemps mais la presse fran\u00e7aise (elle cite Lib\u00e9ration et le Monde) ne voulaient pas le dire car il y a eu si longtemps une Omerta sur la d\u00e9nonciation de l&rsquo;antis\u00e9mitisme communiste. Il a fallu l&rsquo;ouverture des archives de Roumanie, pour que ces faits choquants soient enfin r\u00e9v\u00e9l\u00e9s pour l&rsquo;opinion publique europ\u00e9enne.<\/p>\n<p>Il me reste aussi une question , \u00e9changer des \u00eatres humains contre de l&rsquo;argent que ce soit sous forme d&rsquo;animaux ou de dollars, n&rsquo;est ce pas ce que fait tout \u00e9tat pour r\u00e9cup\u00e9rer des otages&#160;? Il est vrai que ce qui est diff\u00e9rent c&rsquo;est qu&rsquo;il s&rsquo;agissait de Roumains pers\u00e9cut\u00e9s parce que juifs donc otages dans leurs propres pays par leurs compatriotes.<\/p>\n<p>Le livre est passionnant, et se lit tr\u00e8s facilement mais il faut aussi savoir que c&rsquo;est souvent insupportable en particulier les exterminations par les Roumains de la population juive sans aucune d\u00e9fense.<\/p>\n<p>&nbsp;<\/p>\n<h1>Extraits<\/h1>\n<h3>D\u00e9but.<\/h3>\n<blockquote>\n<div>\u00a0<em>Ils n&rsquo;ont pas fui, on les a laiss\u00e9s partir. Ils ont pay\u00e9 pour cela une fortune. Des papiers leur ont \u00e9t\u00e9 accord\u00e9s, puis retir\u00e9s, puis finalement accord\u00e9s. Ils ne voulaient pas quitter leur pays. ils ne voulaient pas mais ils n&rsquo;avaient plus le choix.<\/em><\/div>\n<\/blockquote>\n<div>\n<div><\/div>\n<div><\/div>\n<div>\n<h3>La jeunesse de sa grand-m\u00e8re.<\/h3>\n<\/div>\n<\/div>\n<div>\n<div>\n<blockquote>\n<div><em>La jeunesse de Gabriela, en revanche, on y avait droit, avec emphase et tr\u00e9pidation&#160;: sa famille remarquable, sa ville pimpante Bucarest dite le \u00ab&#160;petit Paris des Balkans&#160;\u00bb dans l&rsquo;entre-deux-guerres. Ma grand-m\u00e8re se targuer de trouver dans les librairies les romans fran\u00e7ais \u00ab&#160;,le lendemain de leur sortie \u00e0 Saint-Germain.&#160;\u00bb<\/em><\/div>\n<\/blockquote>\n<\/div>\n<\/div>\n<div><\/div>\n<h3>En 1940 .<\/h3>\n<blockquote>\n<div><em>En 1940, la Roumanie en proie \u00e0 un immense d\u00e9sordre, subit la pire des humiliations. Les belles provinces qui lui avaient \u00e9t\u00e9 rattach\u00e9es \u00e0 l&rsquo;issue de la Premi\u00e8re Guerre mondiale lui furent brutalement retir\u00e9es par le pacte germano-sovi\u00e9tique. Ces territoires largement peupl\u00e9s de juifs, allaient donc passer aux mains des Russes. Et cela, on ne le pardonnerait pas aux juifs, trait\u00e9s de vermine invasive d&rsquo;abord, de tra\u00eetres par la suite. Les youpins et les rouges allaient pactiser, c&rsquo;\u00e9tait certain. L&rsquo;exasp\u00e9ration nationalistes n&rsquo;avait alors d&rsquo;\u00e9gale que la d\u00e9testation du \u00ab&#160;jud\u00e9o-bolchevisme&#160;\u00bb. La nation semblait menacer de d\u00e9sint\u00e9gration. La psychose battait son plein.<\/em><\/div>\n<\/blockquote>\n<div><\/div>\n<div><\/div>\n<div>\n<h3>Le silence de ses grands parents.<\/h3>\n<\/div>\n<div>\n<blockquote>\n<div><em>J&rsquo;aurais voulu l&rsquo;entendre de la bouche de mes grands parents. Obtenir une bribe, ne serait-ce qu&rsquo;une bribe, de ce qu&rsquo;ils avaient ressenti face \u00e0 une telle d\u00e9monstration de force, une telle l\u00e9gitimation de la rage antis\u00e9mite. J&rsquo;ai entendu parler un peu, enfant, de la Garde de fer, de sa r\u00e9volte, de la rafle de mon grand-p\u00e8re. Mais les mots \u00e9taient lisses. Les mots \u00e9taient vides. Les mots \u00e9taient prononc\u00e9s d&rsquo;un ton d\u00e9tach\u00e9. Ils plantaient le d\u00e9cor sans autre \u00e9motion. Une anecdote de plus. Sans plus mes grands-parents ont tous v\u00e9cu, presque tout dit, mais c&rsquo;est comme s&rsquo;ils n&rsquo;avaient rien senti.<\/em><\/div>\n<\/blockquote>\n<\/div>\n<div><\/div>\n<div>\n<h3>La Shoa organis\u00e9e par les Roumains (les moyens d&rsquo;ex\u00e9cution sont insoutenables).<\/h3>\n<\/div>\n<div>\n<blockquote>\n<div>\u00a0<em>Enfin la tuerie du camp de Bogdanovka reste une des plus impressionnantes de toute la Seconde Guerre mondiale. En fait de camp, il s&rsquo;agissait encore de batteries de porcs d\u00e9labr\u00e9es ouverte \u00e0 tous les vents. Mais comme le disait le commandant alors qu&rsquo;il gelait \u00e0 pierre fendre&#160;: \u00ab&#160;la paille c&rsquo;est pour les cochons pas pour les youpins&#160;!&#160;\u00bb la d\u00e9cision d&rsquo;en finir avec les huit mille d\u00e9tenus juifs fut prise en d\u00e9cembre 1941.<\/em><\/div>\n<\/blockquote>\n<\/div>\n<div><\/div>\n<div>\n<h3>N\u00e9gation de la Shoa sous le r\u00e9gime communiste.<\/h3>\n<\/div>\n<div>\n<blockquote>\n<div>\u00a0<em>Au del\u00e0 des proc\u00e8s, la Roumanie communiste avait proscrit le mot \u00ab&#160;juif&#160;\u00bb. L&rsquo;ethnologue Andrei Osteanu constate qu&rsquo;\u00e0 l&rsquo;\u00e9poque le terme a \u00e9t\u00e9 \u00e9radiqu\u00e9 des romans comme des textes de sciences sociales. Sous pr\u00e9texte de prendre le contre-pied de la litt\u00e9rature et de la presse d&rsquo;avant-guerre, obs\u00e9d\u00e9es par le p\u00e9ril juif, le Parti refuse de nommer les juifs pour ne pas les stigmatiser. Mais ce faisant, il finit par les effacer. Et Andrei Osteanu de rappeler qu&rsquo;en r\u00e9gime totalitaire, \u00ab&#160;si on en parle pas, c&rsquo;est que \u00e7a n&rsquo;existe pas&#160;\u00bb.<\/em><\/div>\n<\/blockquote>\n<\/div>\n<div><\/div>\n<div><\/div>\n<div>\n<h3>La situation de sa grand-m\u00e8re \u00e0 Paris.<\/h3>\n<\/div>\n<div>\n<blockquote>\n<div>\u00a0<em>Les exil\u00e9s romains riches ne la recevaient pas parce qu&rsquo;elle avait \u00e9t\u00e9 communiste. Les intellectuels fran\u00e7ais, non plus. Ils \u00e9taient tous de gauche dans les ann\u00e9es 1960 et 1970. Ils consid\u00e9raient les communistes qui avaient fui comme des tra\u00eetres ou des fascistes d\u00e9guis\u00e9s. Gabriela ne se sentait aucune affinit\u00e9 avec une quelconque diaspora juive. Immigr\u00e9e et sans travail, il \u00e9tait difficile de s&rsquo;int\u00e9grer \u00e0 la bourgeoisie parisienne. Gabriela n&rsquo;avait sa place nulle part<\/em><\/div>\n<\/blockquote>\n<\/div>\n<div><\/div>\n<div>\n<h3>Le troc.<\/h3>\n<\/div>\n<div>\n<div>\n<blockquote><p>\u00a0<em>L&rsquo;argent, tout l&rsquo;argent des familles roumaines qui voulaient s&rsquo;enfuir, les douze mille dollars que mes grands-parents mettraient une vie \u00e0 rembourser, avait servi \u00e0 acheter des porcs. Des bataillons de porcs, des \u00e9levages entiers de porcs. Attention, pas n&rsquo;importe quels porcs, des porcs de comp\u00e9tition, plus pr\u00e9cieux, plus productifs, plus rentables que es citoyens qui quittaient le pays. Depuis la nuit des temps, ceux-l\u00e0 profitaient beaucoup et rapportaient peu&#160;: les juifs<\/em><\/p><\/blockquote>\n<div id=\"yiv0664844771ymail_android_signature\">\n<h3>Perec en 1981 dit ce que c&rsquo;est \u00eatre juif pour lui.<\/h3>\n<\/div>\n<\/div>\n<\/div>\n<div>\n<div>\n<div id=\"yiv0664844771ymail_android_signature\">\n<blockquote>\n<div><em>\u00a0\u00ab&#160;Je ne sais pas tr\u00e8s pr\u00e9cis\u00e9ment ce que c&rsquo;est qu&rsquo;\u00eatre juif, ce que \u00e7a me fait d&rsquo;\u00eatre juif. C&rsquo;est une \u00e9vidence, si l&rsquo;on veut, mais une \u00e9vidence m\u00e9diocre, qui ne me rattache \u00e0 rien. Ce n&rsquo;est pas un signe d&rsquo;appartenance, ce n&rsquo;est pas li\u00e9 \u00e0 une croyance, \u00e0 une religion, ou \u00e0 une pratique, \u00e0 un folklore, \u00e0 une langue. Ce serait plut\u00f4t un silence, une absence, une question, une mise en question, un flottement, une inqui\u00e9tude. Une certitude inqui\u00e8te derri\u00e8re laquelle se profile une autre certitude, abstraite, lourde, insupportable&#160;: celle d&rsquo;avoir \u00e9t\u00e9 d\u00e9sign\u00e9 comme juif, et parce que juif victime, de ne devoir la vie qu&rsquo;au hasard et \u00e0 l&rsquo;exil.&#160;\u00bb<\/em><\/div>\n<\/blockquote>\n<\/div>\n<\/div>\n<\/div>\n<div>\n<div><\/div>\n<\/div>\n","protected":false},"excerpt":{"rendered":"<p>&nbsp; \u00c9dition J&rsquo;ai Lu Apr\u00e8s les d\u00e9portations de masse, l&rsquo;exportation de masse. Face \u00e0 des chiffres spectaculaires, comment ne pas consid\u00e9rer que les communistes ont, dans les faits, achev\u00e9 l&rsquo;oeuvre des fascistes&#160;? En d\u00e9barrassant la Roumanie de ses juifs, ils sont parvenus enfin \u00e0 ce que le mar\u00e9chal Antonescu et son clan d\u00e9signaient, en 1940, <span class=\"ellipsis\">&hellip;<\/span> <span class=\"more-link-wrap\"><a href=\"https:\/\/luocine.fr\/?p=17442\" class=\"more-link\"><span>Read More &rarr;<\/span><\/a><\/span><\/p>\n","protected":false},"author":822092,"featured_media":0,"comment_status":"open","ping_status":"open","sticky":false,"template":"","format":"standard","meta":{"footnotes":""},"categories":[46,106,22,85,298,24,96,104,363,195],"tags":[],"class_list":["post-17442","post","type-post","status-publish","format-standard","hentry","category-5-coquillages","category-antisemitisme","category-biographie","category-communisme","category-crime-de-guerre","category-france","category-guerre-3945","category-racisme","category-roumanie-theme","category-shoah"],"_links":{"self":[{"href":"https:\/\/luocine.fr\/index.php?rest_route=\/wp\/v2\/posts\/17442","targetHints":{"allow":["GET"]}}],"collection":[{"href":"https:\/\/luocine.fr\/index.php?rest_route=\/wp\/v2\/posts"}],"about":[{"href":"https:\/\/luocine.fr\/index.php?rest_route=\/wp\/v2\/types\/post"}],"author":[{"embeddable":true,"href":"https:\/\/luocine.fr\/index.php?rest_route=\/wp\/v2\/users\/822092"}],"replies":[{"embeddable":true,"href":"https:\/\/luocine.fr\/index.php?rest_route=%2Fwp%2Fv2%2Fcomments&post=17442"}],"version-history":[{"count":15,"href":"https:\/\/luocine.fr\/index.php?rest_route=\/wp\/v2\/posts\/17442\/revisions"}],"predecessor-version":[{"id":17774,"href":"https:\/\/luocine.fr\/index.php?rest_route=\/wp\/v2\/posts\/17442\/revisions\/17774"}],"wp:attachment":[{"href":"https:\/\/luocine.fr\/index.php?rest_route=%2Fwp%2Fv2%2Fmedia&parent=17442"}],"wp:term":[{"taxonomy":"category","embeddable":true,"href":"https:\/\/luocine.fr\/index.php?rest_route=%2Fwp%2Fv2%2Fcategories&post=17442"},{"taxonomy":"post_tag","embeddable":true,"href":"https:\/\/luocine.fr\/index.php?rest_route=%2Fwp%2Fv2%2Ftags&post=17442"}],"curies":[{"name":"wp","href":"https:\/\/api.w.org\/{rel}","templated":true}]}}