{"id":17397,"date":"2024-01-08T06:15:43","date_gmt":"2024-01-08T05:15:43","guid":{"rendered":"https:\/\/luocine.fr\/?p=17397"},"modified":"2023-11-06T13:50:56","modified_gmt":"2023-11-06T12:50:56","slug":"la-meduse-martine-desjardins","status":"publish","type":"post","link":"https:\/\/luocine.fr\/?p=17397","title":{"rendered":"M\u00e9duse    &#8211; Martine DESJARDINS"},"content":{"rendered":"<p><a href=\"http:\/\/luocine.fr\/wp-content\/uploads\/2024\/01\/IMG_0410-scaled.jpeg\"><img loading=\"lazy\" decoding=\"async\" class=\"alignnone size-full wp-image-17404\" src=\"http:\/\/luocine.fr\/wp-content\/uploads\/2024\/01\/IMG_0410-scaled.jpeg\" alt=\"\" width=\"2560\" height=\"1920\" srcset=\"https:\/\/luocine.fr\/wp-content\/uploads\/2024\/01\/IMG_0410-scaled.jpeg 2560w, https:\/\/luocine.fr\/wp-content\/uploads\/2024\/01\/IMG_0410-300x225.jpeg 300w, https:\/\/luocine.fr\/wp-content\/uploads\/2024\/01\/IMG_0410-1024x768.jpeg 1024w, https:\/\/luocine.fr\/wp-content\/uploads\/2024\/01\/IMG_0410-768x576.jpeg 768w, https:\/\/luocine.fr\/wp-content\/uploads\/2024\/01\/IMG_0410-1536x1152.jpeg 1536w, https:\/\/luocine.fr\/wp-content\/uploads\/2024\/01\/IMG_0410-2048x1536.jpeg 2048w\" sizes=\"auto, (max-width: 2560px) 100vw, 2560px\" \/><\/a><\/p>\n<p><em><br \/>\n\u00c9dition l&rsquo;Atalante\u00a0<\/em><\/p>\n<p><em>Lu dans le cadre du\u00a0<a href=\"https:\/\/mediatheques.cote-emeraude.fr\/club-de-lecture-de-dinard\">club de lecture<\/a>\u00a0de la m\u00e9diath\u00e8que de Dinard.<\/em><\/p>\n<p>&nbsp;<\/p>\n<p><a href=\"http:\/\/luocine.fr\/wp-content\/uploads\/2014\/10\/2.jpg\"><img loading=\"lazy\" decoding=\"async\" class=\"size-full wp-image-723 alignleft\" src=\"http:\/\/luocine.fr\/wp-content\/uploads\/2014\/10\/2.jpg\" alt=\"\" width=\"200\" height=\"58\" \/><\/a>Il est rare que je d\u00e9teste autant un roman et pourtant cette auteure a une belle plume (ce qui explique les deux coquillages, j&rsquo;en aurais bien mis qu&rsquo;un sans le style). Mais voil\u00e0 pour faire comprendre, c&rsquo;est elle qui le dit que chacun doit pouvoir vivre sa vie sans accepter les normes sociales , ni les r\u00e8gles qui p\u00e8sent sur lui, elle nous entra\u00eene dans une fable o\u00f9 toutes les pires horreurs sont permises.<\/p>\n<p>Une jeune femme a des yeux si laids que toutes les personnes qu&rsquo;elle regarde en sont horrifi\u00e9es, ses parents ont tellement honte d&rsquo;elle qu&rsquo;il la mettent dans une institution o\u00f9 on cache des femmes porteuses de tares plus ou moins monstrueuses. Peu \u00e0 peu cette enfant appel\u00e9e \u00ab&#160;M\u00e9duse&#160;\u00bb va se rendre compte qu&rsquo;elle a des pouvoirs pour se d\u00e9fendre.<\/p>\n<p>Voil\u00e0 en gros l&rsquo;histoire, mais ce que je reproche \u00e0 ce roman c&rsquo;est la complaisance avec laquelle l&rsquo;auteure nous d\u00e9crit les s\u00e9vices subis par les pensionnaires (et elle-m\u00eame) par des hommes libidineux.<\/p>\n<p>&nbsp;<\/p>\n<h1>Extraits<\/h1>\n<p>&nbsp;<\/p>\n<h3>D\u00e9but.<\/h3>\n<blockquote><p><em>Je n&rsquo;ai jamais vers\u00e9 une larme de ma vie. Ni de tristesse, ni de col\u00e8re, ni de d\u00e9tresse, ni de douleur &#8211; encore moins de rire ou de bonheur. Pas la moindre petite larme de crocodile.<\/em><\/p><\/blockquote>\n<p>&nbsp;<\/p>\n<p>&nbsp;<\/p>\n<h3>Je ne connaissais pas le vert p\u00e9ridot .<\/h3>\n<blockquote>\n<div><em>\u00a0Mes deux s\u0153urs plus vieilles que moi de quelques ann\u00e9es avaient des yeux de biche, d&rsquo;un vert p\u00e9ridot ensorcelant, et des chevelures luxuriantes qui leur tombaient sur les reins en boucles soyeuses et lustr\u00e9e.<\/em><\/div>\n<\/blockquote>\n","protected":false},"excerpt":{"rendered":"<p>\u00c9dition l&rsquo;Atalante\u00a0 Lu dans le cadre du\u00a0club de lecture\u00a0de la m\u00e9diath\u00e8que de Dinard. &nbsp; Il est rare que je d\u00e9teste autant un roman et pourtant cette auteure a une belle plume (ce qui explique les deux coquillages, j&rsquo;en aurais bien mis qu&rsquo;un sans le style). Mais voil\u00e0 pour faire comprendre, c&rsquo;est elle qui le dit <span class=\"ellipsis\">&hellip;<\/span> <span class=\"more-link-wrap\"><a href=\"https:\/\/luocine.fr\/?p=17397\" class=\"more-link\"><span>Read More &rarr;<\/span><\/a><\/span><\/p>\n","protected":false},"author":822092,"featured_media":0,"comment_status":"open","ping_status":"open","sticky":false,"template":"","format":"standard","meta":{"footnotes":""},"categories":[43,277,330,102,24,353],"tags":[],"class_list":["post-17397","post","type-post","status-publish","format-standard","hentry","category-2-coquillages","category-club-de-lecture-dinard","category-conte","category-enfance-malheureuse","category-france","category-handicap"],"_links":{"self":[{"href":"https:\/\/luocine.fr\/index.php?rest_route=\/wp\/v2\/posts\/17397","targetHints":{"allow":["GET"]}}],"collection":[{"href":"https:\/\/luocine.fr\/index.php?rest_route=\/wp\/v2\/posts"}],"about":[{"href":"https:\/\/luocine.fr\/index.php?rest_route=\/wp\/v2\/types\/post"}],"author":[{"embeddable":true,"href":"https:\/\/luocine.fr\/index.php?rest_route=\/wp\/v2\/users\/822092"}],"replies":[{"embeddable":true,"href":"https:\/\/luocine.fr\/index.php?rest_route=%2Fwp%2Fv2%2Fcomments&post=17397"}],"version-history":[{"count":6,"href":"https:\/\/luocine.fr\/index.php?rest_route=\/wp\/v2\/posts\/17397\/revisions"}],"predecessor-version":[{"id":17419,"href":"https:\/\/luocine.fr\/index.php?rest_route=\/wp\/v2\/posts\/17397\/revisions\/17419"}],"wp:attachment":[{"href":"https:\/\/luocine.fr\/index.php?rest_route=%2Fwp%2Fv2%2Fmedia&parent=17397"}],"wp:term":[{"taxonomy":"category","embeddable":true,"href":"https:\/\/luocine.fr\/index.php?rest_route=%2Fwp%2Fv2%2Fcategories&post=17397"},{"taxonomy":"post_tag","embeddable":true,"href":"https:\/\/luocine.fr\/index.php?rest_route=%2Fwp%2Fv2%2Ftags&post=17397"}],"curies":[{"name":"wp","href":"https:\/\/api.w.org\/{rel}","templated":true}]}}