{"id":17362,"date":"2023-12-26T06:43:17","date_gmt":"2023-12-26T05:43:17","guid":{"rendered":"https:\/\/luocine.fr\/?p=17362"},"modified":"2023-12-26T08:34:09","modified_gmt":"2023-12-26T07:34:09","slug":"larrivee-benjamin-stora","status":"publish","type":"post","link":"https:\/\/luocine.fr\/?p=17362","title":{"rendered":"L&rsquo;arriv\u00e9e    &#8211; Benjamin STORA"},"content":{"rendered":"<p style=\"text-align: left;\"><a href=\"http:\/\/luocine.fr\/wp-content\/uploads\/2023\/12\/IMG_0406-scaled.jpeg\"><img loading=\"lazy\" decoding=\"async\" class=\"alignnone size-full wp-image-17375\" src=\"http:\/\/luocine.fr\/wp-content\/uploads\/2023\/12\/IMG_0406-scaled.jpeg\" alt=\"\" width=\"2560\" height=\"1920\" srcset=\"https:\/\/luocine.fr\/wp-content\/uploads\/2023\/12\/IMG_0406-scaled.jpeg 2560w, https:\/\/luocine.fr\/wp-content\/uploads\/2023\/12\/IMG_0406-300x225.jpeg 300w, https:\/\/luocine.fr\/wp-content\/uploads\/2023\/12\/IMG_0406-1024x768.jpeg 1024w, https:\/\/luocine.fr\/wp-content\/uploads\/2023\/12\/IMG_0406-768x576.jpeg 768w, https:\/\/luocine.fr\/wp-content\/uploads\/2023\/12\/IMG_0406-1536x1152.jpeg 1536w, https:\/\/luocine.fr\/wp-content\/uploads\/2023\/12\/IMG_0406-2048x1536.jpeg 2048w\" sizes=\"auto, (max-width: 2560px) 100vw, 2560px\" \/><\/a><\/p>\n<p><em><br \/>\n\u00c9dition Taillandier<\/em><\/p>\n<p>&nbsp;<\/p>\n<p><a href=\"http:\/\/luocine.fr\/wp-content\/uploads\/2014\/10\/5.jpg\"><img loading=\"lazy\" decoding=\"async\" class=\"size-full wp-image-726 alignleft\" src=\"http:\/\/luocine.fr\/wp-content\/uploads\/2014\/10\/5.jpg\" alt=\"\" width=\"200\" height=\"58\" \/><\/a>Je connaissais cet auteur \u00e0 travers des articles \u00e0 propos de l&rsquo;Alg\u00e9rie, j&rsquo;ai \u00e9t\u00e9 passionn\u00e9e par son effort de m\u00e9moire et le r\u00e9cit qu&rsquo;il nous livre sur son pass\u00e9. Il a douze ans quand, avec ses parents en 1962, il doit quitter Constantine car l&rsquo;Alg\u00e9rie ind\u00e9pendante ne semble pas vouloir faire de la place aux diff\u00e9rentes minorit\u00e9s religieuses, alors que la famille de Benjamin Stora vient d&rsquo;une famille juive qui est pr\u00e9sente en Alg\u00e9rie dans ce pays depuis deux mill\u00e9naires.<\/p>\n<p>Il raconte tr\u00e8s bien le d\u00e9chirement de ses parents qui se ne se retrouvent pas sous l&rsquo;appellation \u00ab&#160;pieds noirs&#160;\u00bb, et doivent supporter le m\u00e9pris des Fran\u00e7ais plus ou moins de gauche contre ces gens-l\u00e0 qui devaient \u00eatre tous des riches&#160;: colons exploiteurs de pauvres alg\u00e9riens. L&rsquo;enfant fera tout ce qu&rsquo;il peut pour cacher son origine, surtout que la premi\u00e8re ann\u00e9e, comme il vit dans un garage dans le XVI\u00b0 arrondissement, il fr\u00e9quente le lyc\u00e9e Janson de Sailly et l&rsquo;antis\u00e9mitisme est encore tr\u00e8s pr\u00e9sent chez les bourgeois de ce quartier . La famille obtiendra un logement HLM \u00e0 Sartrouville et le petit Benjamin d\u00e9couvrira le monde ouvrier et la chaleur des copains tous encadr\u00e9s par des animateurs communistes avec qui il se pla\u00eet bien mais \u00e0 qui il cache encore une fois ses origines pour ne pas \u00eatre consid\u00e9r\u00e9 comme \u00ab&#160;colonisateur&#160;\u00bb .<br \/>\nSes parents sont malheureux car ils se sentent trahis et la chaleur de la famille leur manque beaucoup. Ce sont des gens courageux son p\u00e8re a repris une carri\u00e8re de courtier d&rsquo;assurance \u00e0 50 ans, et sa m\u00e8re travaille comme ouvri\u00e8re chez Peugeot.<\/p>\n<p>Benjamin grandit, peu \u00e0 peu se politise et il trouve dans le mouvement trotskyste l&rsquo;id\u00e9ologie qui lui convient le mieux. Enfin, ses \u00e9tudes lui permettront de retrouver son identit\u00e9 gr\u00e2ce \u00e0 sa recherche universitaire sur la guerre d&rsquo;Alg\u00e9rie. Sa th\u00e8se sur le MNA de Messali Hadj lui permettront de revivre et de mieux comprendre la guerre d&rsquo;Alg\u00e9rie, du c\u00f4t\u00e9 d&rsquo;une minorit\u00e9 que le FLN a extermin\u00e9e. Le jeune \u00e9tudiant sera passionn\u00e9 par les \u00e9tudes historiques et il est tr\u00e8s reconnaissant \u00e0 ses professeure qu\u2019il a trouv\u00e9s remarquables. Mais ce ne sont pas ses \u00e9tudes qui lui permettront de renoncer \u00e0 son id\u00e9ologie mais plut\u00f4t le fait que, peu \u00e0 peu, il retrouve son identit\u00e9 et qu\u2019il perd le sentiment de honte qui l\u2019avait oblig\u00e9 \u00e0 refouler sa jud\u00e9it\u00e9.<\/p>\n<p>C&rsquo;est une p\u00e9riode que j&rsquo;ai bien connue et je me suis beaucoup retrouv\u00e9e dans ce qu&rsquo;il raconte sur la politisation de la jeunesse de cette \u00e9poque . C&rsquo;est un des aspect passionnant de cette biographie, mais l&rsquo;essentiel n&rsquo;est pas l\u00e0 mais sur l&rsquo;appartenance \u00e0 une identit\u00e9 qu&rsquo;on veuille en sortir ou non. Mais ce qui m&rsquo;a le plus interrog\u00e9e c&rsquo;est le r\u00f4le et l&rsquo;importance de l&rsquo;historien. Est ce qu&rsquo;un t\u00e9moin est le mieux plac\u00e9 pour \u00e9crire sur cette p\u00e9riode historique&#160;? Toutes ces questions Benjamin Stora se les pose et nous avec lui.<\/p>\n<p>&nbsp;<\/p>\n<p>&nbsp;<\/p>\n<h1>Extraits<\/h1>\n<h3>D\u00e9but.<\/h3>\n<blockquote>\n<div><em>J&rsquo;avais presque douze ans. L&rsquo;\u00e2ge o\u00f9 l&rsquo;on vous autorise parfois, exceptionnellement, \u00e0 assister aux conversations entre adultes. L&rsquo;\u00e2ge o\u00f9 l&rsquo;on imagine tout comprendre du monde des grands. L&rsquo;\u00e2ge o\u00f9, en r\u00e9alit\u00e9, on en saisit \u00e0 peine quelques bribes&#8230; et encore.<\/em><\/div>\n<\/blockquote>\n<div><\/div>\n<div>\n<h3>Son adolescence.<\/h3>\n<\/div>\n<div>\n<blockquote>\n<div>\u00a0<em>Mon adolescence a d&rsquo;abord \u00e9t\u00e9 marqu\u00e9e par la volont\u00e9 d&rsquo;une dissimulation entretenue, affirm\u00e9e. Apr\u00e8s le d\u00e9part de juin 1962, j&rsquo;ai cach\u00e9 mon histoire alg\u00e9rienne, parce qu&rsquo;il m&rsquo;est tr\u00e8s vite apparu que nous \u00e9tions du mauvais c\u00f4t\u00e9 de l&rsquo;histoire fran\u00e7aise. Tout n&rsquo;\u00e9tait pas encore tr\u00e8s clair dans mon esprit d&rsquo;enfant, mais je sentais confus\u00e9ment que nous \u00e9tions \u00e9tiquet\u00e9s dans le camp des \u00ab&#160;colons&#160;\u00bb et des exploiteurs (malgr\u00e9 le fait que nous habitions un petit appartement d&rsquo;\u00e0 peine cinquante m\u00e8tre carr\u00e9s et que mon p\u00e8re travaillait tous les jours dans sa petite boutique pour vendre de la semoule). Longtemps j&rsquo;ai \u00e9t\u00e9 contraint de vivre dans la dissimulation, voire dans l&rsquo;absence d&rsquo;histoires alg\u00e9riennes. Quelques ann\u00e9es plus tard, j&rsquo;ai d\u00e9couvert les grands appartements et des maisons particuli\u00e8res de mes camarades militants r\u00e9volutionnaires fran\u00e7ais qui regardaient tous les pieds noirs comme des \u00ab&#160;colons &#160;\u00bb et qui se lan\u00e7aient dans d&rsquo;interminables tirades \u00ab&#160;contre le colonialisme en Alg\u00e9rie et l&rsquo;imp\u00e9rialisme am\u00e9ricain&#160;\u00bb.<\/em><\/div>\n<\/blockquote>\n<\/div>\n<div><\/div>\n<div>\n<h3>Int\u00e9ressant.<\/h3>\n<blockquote>\n<div>\u00a0<em>De plus, la plupart des r\u00e9volutionnaires russes de 1917 \u00e9taient d&rsquo;origine juive. Les trois-quarts du comit\u00e9 central, les Zinoviev, Kamenev, Rakovski l&rsquo;\u00e9taient. D&rsquo;un coup sans que je l&rsquo;aie particuli\u00e8rement recherch\u00e9, j&rsquo;entrais dans un processus d&rsquo;identification. Je m&rsquo;ouvrais au monde sans pour autant renier mes origines. C&rsquo;\u00e9tait comme une forme de g\u00e9n\u00e9alogie retrouv\u00e9e. Un r\u00e9enracinement. La r\u00e9volution russe m&rsquo;offrait de surcro\u00eet une passerelle extraordinaire vers le monde de l&rsquo;Est. J&rsquo;\u00e9tais fier d&rsquo;entrer dans une culture port\u00e9es par des Juifs r\u00e9volutionnaires, les austro-marxistes inspir\u00e9s par les grands th\u00e9oriciens comme Rosa Luxemburg ou Otto Bauer. Ce dernier expliquait qu&rsquo;\u00e0 l&rsquo;int\u00e9rieur de l&rsquo;Empire, toutes les minorit\u00e9s doivent \u00eatre respect\u00e9es et trait\u00e9es \u00e0 \u00e9galit\u00e9 y compris les minorit\u00e9s religieuses.<\/em><\/div>\n<\/blockquote>\n<\/div>\n<div><\/div>\n<div><\/div>\n<div>\n<h3>Questions tellement importantes.<\/h3>\n<\/div>\n<div>\n<blockquote>\n<div><em>\u00a0Dans quelle mesure peut-on l\u00e9gif\u00e9rer sur la m\u00e9moire, le pardon, la r\u00e9conciliation&#160;? Faut-il d\u00e9fendre un droit \u00e0 l&rsquo;oubli, et qu&rsquo;en est-il d\u00e8s lors d&rsquo;un droit \u00e0 la m\u00e9moire&#160;? Quels r\u00f4les peuvent jouer les lois incitant \u00e0 reconna\u00eetre des crimes pass\u00e9s, dans la protection et la promotion des droits de l&rsquo;homme&#160;? Autant de questions qui envahissent le champ culturel, politique, m\u00e9diatique et d\u00e9passent, de loin la seule comp\u00e9tence des historiens.<\/em><\/div>\n<\/blockquote>\n<\/div>\n<div><\/div>\n<div><\/div>\n<div><\/div>\n<p>&nbsp;<\/p>\n","protected":false},"excerpt":{"rendered":"<p>\u00c9dition Taillandier &nbsp; Je connaissais cet auteur \u00e0 travers des articles \u00e0 propos de l&rsquo;Alg\u00e9rie, j&rsquo;ai \u00e9t\u00e9 passionn\u00e9e par son effort de m\u00e9moire et le r\u00e9cit qu&rsquo;il nous livre sur son pass\u00e9. Il a douze ans quand, avec ses parents en 1962, il doit quitter Constantine car l&rsquo;Alg\u00e9rie ind\u00e9pendante ne semble pas vouloir faire de <span class=\"ellipsis\">&hellip;<\/span> <span class=\"more-link-wrap\"><a href=\"https:\/\/luocine.fr\/?p=17362\" class=\"more-link\"><span>Read More &rarr;<\/span><\/a><\/span><\/p>\n","protected":false},"author":822092,"featured_media":0,"comment_status":"open","ping_status":"open","sticky":false,"template":"","format":"standard","meta":{"footnotes":""},"categories":[46,225,106,231,8,95,24,156,308,6,4,198,171,188,1],"tags":[],"class_list":["post-17362","post","type-post","status-publish","format-standard","hentry","category-5-coquillages","category-algerie","category-antisemitisme","category-colonisation","category-essai","category-exil","category-france","category-guerre-dalgerie","category-la-memoire","category-memoires","category-mes-preferences","category-rapport-familaux","category-rapports-parents-enfants","category-religion","category-uncategorized"],"_links":{"self":[{"href":"https:\/\/luocine.fr\/index.php?rest_route=\/wp\/v2\/posts\/17362","targetHints":{"allow":["GET"]}}],"collection":[{"href":"https:\/\/luocine.fr\/index.php?rest_route=\/wp\/v2\/posts"}],"about":[{"href":"https:\/\/luocine.fr\/index.php?rest_route=\/wp\/v2\/types\/post"}],"author":[{"embeddable":true,"href":"https:\/\/luocine.fr\/index.php?rest_route=\/wp\/v2\/users\/822092"}],"replies":[{"embeddable":true,"href":"https:\/\/luocine.fr\/index.php?rest_route=%2Fwp%2Fv2%2Fcomments&post=17362"}],"version-history":[{"count":16,"href":"https:\/\/luocine.fr\/index.php?rest_route=\/wp\/v2\/posts\/17362\/revisions"}],"predecessor-version":[{"id":17693,"href":"https:\/\/luocine.fr\/index.php?rest_route=\/wp\/v2\/posts\/17362\/revisions\/17693"}],"wp:attachment":[{"href":"https:\/\/luocine.fr\/index.php?rest_route=%2Fwp%2Fv2%2Fmedia&parent=17362"}],"wp:term":[{"taxonomy":"category","embeddable":true,"href":"https:\/\/luocine.fr\/index.php?rest_route=%2Fwp%2Fv2%2Fcategories&post=17362"},{"taxonomy":"post_tag","embeddable":true,"href":"https:\/\/luocine.fr\/index.php?rest_route=%2Fwp%2Fv2%2Ftags&post=17362"}],"curies":[{"name":"wp","href":"https:\/\/api.w.org\/{rel}","templated":true}]}}