{"id":1728,"date":"2010-04-23T09:48:09","date_gmt":"2010-04-23T08:48:09","guid":{"rendered":"http:\/\/luocine.fr\/?p=1728"},"modified":"2014-11-12T10:33:35","modified_gmt":"2014-11-12T09:33:35","slug":"edvar-munch-lenfant-terrible-de-la-peinture-arnaud-cathrine","status":"publish","type":"post","link":"https:\/\/luocine.fr\/?p=1728","title":{"rendered":"Edvar MUNCH &#8211; L&rsquo;enfant terrible de la peinture &#8211; Arnaud CATHRINE"},"content":{"rendered":"<div>\n<div>\n<p><img loading=\"lazy\" decoding=\"async\" class=\"aligncenter\" src=\"http:\/\/ecx.images-amazon.com\/images\/I\/5132NbyaKvL._SL500_AA300_.jpg\" alt=\"http:\/\/ecx.images-amazon.com\/images\/I\/5132NbyaKvL._SL500_AA300_.jpg \" width=\"196\" height=\"196\" \/><\/p>\n<p><a href=\"http:\/\/luocine.fr\/wp-content\/uploads\/2014\/10\/3.jpg\"><img loading=\"lazy\" decoding=\"async\" class=\"size-full wp-image-724 alignleft\" src=\"http:\/\/luocine.fr\/wp-content\/uploads\/2014\/10\/3.jpg\" alt=\"3\" width=\"200\" height=\"58\" \/><\/a><br \/>\nJ\u2019ai choisi ce livre dans la biblioth\u00e8que de la Pinacoth\u00e8que de Paris, qui consacre une tr\u00e8s belle exposition \u00e0 Edvard Munch, intitul\u00e9e Munch ou l\u2019anti cri. Cet essai illustre parfaitement le propos de l\u2019exposition. Il m\u2019a permis de revivre les moments forts que j\u2019ai \u00e9prouv\u00e9s devant des tableaux que je ne connaissais pas et qui sont absolument magnifiques.<\/p>\n<p>On peut parfaitement admirer les toiles sans rien conna\u00eetre des tourments d\u2019Edvard Munch, mais ce livre est bien fait. Pour nous faire comprendre et mieux conna\u00eetre ce g\u00e9ni de la peinture, l\u2019auteur entre dans les souvenirs de sa s\u0153ur, de ses amis, de ses m\u00e9c\u00e8nes, c\u2019est tr\u00e8s agr\u00e9able \u00e0 lire, on a l\u2019impression de vivre avec celui dont l\u2019\u0153uvre ne se r\u00e9sume certainement pas au \u00ab&#160;Cri&#160;\u00bb qui l\u2019a rendu si c\u00e9l\u00e8bre.<\/p>\n<h1>Citations de Munch<\/h1>\n<blockquote><p><em>La maladie, la folie et la mort sont des anges noirs qui ont veill\u00e9 sur mon berceau et m\u2019ont accompagn\u00e9 toute ma vie.<\/em><\/p><\/blockquote>\n<p><em>\u00a0<\/em><\/p>\n<blockquote><p><em>En v\u00e9rit\u00e9, mon art est une confession que je fais de mon plein gr\u00e9, une tentative pour tirer au clair, pour moi-m\u00eame, mon rapport \u00e0 la vie \u2026 C\u2019est au fond une forme d\u2019\u00e9go\u00efsme, mais je ne renonce pas \u00e0 l\u2019esp\u00e9rance qu\u2019avec son aide, je parviendrai \u00e0 aider d\u2019autres gens \u00e0 se comprendre.<\/em><\/p><\/blockquote>\n<h2>On en parle<\/h2>\n<p>Lien vers l\u2019expo \u00e0 voir absolument&#160;: <a href=\"http:\/\/www.pinacotheque.com\/index.php?id=5\">link<\/a>.<\/p>\n<\/div>\n<\/div>\n","protected":false},"excerpt":{"rendered":"<p>J\u2019ai choisi ce livre dans la biblioth\u00e8que de la Pinacoth\u00e8que de Paris, qui consacre une tr\u00e8s belle exposition \u00e0 Edvard Munch, intitul\u00e9e Munch ou l\u2019anti cri. Cet essai illustre parfaitement le propos de l\u2019exposition. Il m\u2019a permis de revivre les moments forts que j\u2019ai \u00e9prouv\u00e9s devant des tableaux que je ne connaissais pas et qui <span class=\"ellipsis\">&hellip;<\/span> <span class=\"more-link-wrap\"><a href=\"https:\/\/luocine.fr\/?p=1728\" class=\"more-link\"><span>Read More &rarr;<\/span><\/a><\/span><\/p>\n","protected":false},"author":822092,"featured_media":0,"comment_status":"open","ping_status":"open","sticky":false,"template":"","format":"standard","meta":{"footnotes":""},"categories":[44,22,24],"tags":[],"class_list":["post-1728","post","type-post","status-publish","format-standard","hentry","category-3-coquillages","category-biographie","category-france"],"_links":{"self":[{"href":"https:\/\/luocine.fr\/index.php?rest_route=\/wp\/v2\/posts\/1728","targetHints":{"allow":["GET"]}}],"collection":[{"href":"https:\/\/luocine.fr\/index.php?rest_route=\/wp\/v2\/posts"}],"about":[{"href":"https:\/\/luocine.fr\/index.php?rest_route=\/wp\/v2\/types\/post"}],"author":[{"embeddable":true,"href":"https:\/\/luocine.fr\/index.php?rest_route=\/wp\/v2\/users\/822092"}],"replies":[{"embeddable":true,"href":"https:\/\/luocine.fr\/index.php?rest_route=%2Fwp%2Fv2%2Fcomments&post=1728"}],"version-history":[{"count":0,"href":"https:\/\/luocine.fr\/index.php?rest_route=\/wp\/v2\/posts\/1728\/revisions"}],"wp:attachment":[{"href":"https:\/\/luocine.fr\/index.php?rest_route=%2Fwp%2Fv2%2Fmedia&parent=1728"}],"wp:term":[{"taxonomy":"category","embeddable":true,"href":"https:\/\/luocine.fr\/index.php?rest_route=%2Fwp%2Fv2%2Fcategories&post=1728"},{"taxonomy":"post_tag","embeddable":true,"href":"https:\/\/luocine.fr\/index.php?rest_route=%2Fwp%2Fv2%2Ftags&post=1728"}],"curies":[{"name":"wp","href":"https:\/\/api.w.org\/{rel}","templated":true}]}}