{"id":16804,"date":"2023-07-17T06:09:35","date_gmt":"2023-07-17T04:09:35","guid":{"rendered":"http:\/\/luocine.fr\/?p=16804"},"modified":"2023-07-16T20:43:07","modified_gmt":"2023-07-16T18:43:07","slug":"beni-soit-le-pere-rosa-ventrella","status":"publish","type":"post","link":"https:\/\/luocine.fr\/?p=16804","title":{"rendered":"B\u00e9ni soit le p\u00e8re   -Rosa VENTRELLA"},"content":{"rendered":"<div><a href=\"http:\/\/luocine.fr\/wp-content\/uploads\/2023\/07\/9213F91A-4F89-427D-A7E8-1A0B330439BC-scaled.jpeg\"><img loading=\"lazy\" decoding=\"async\" class=\"alignnone size-full wp-image-16816\" src=\"http:\/\/luocine.fr\/wp-content\/uploads\/2023\/07\/9213F91A-4F89-427D-A7E8-1A0B330439BC-scaled.jpeg\" alt=\"\" width=\"2560\" height=\"1920\" srcset=\"https:\/\/luocine.fr\/wp-content\/uploads\/2023\/07\/9213F91A-4F89-427D-A7E8-1A0B330439BC-scaled.jpeg 2560w, https:\/\/luocine.fr\/wp-content\/uploads\/2023\/07\/9213F91A-4F89-427D-A7E8-1A0B330439BC-300x225.jpeg 300w, https:\/\/luocine.fr\/wp-content\/uploads\/2023\/07\/9213F91A-4F89-427D-A7E8-1A0B330439BC-1024x768.jpeg 1024w, https:\/\/luocine.fr\/wp-content\/uploads\/2023\/07\/9213F91A-4F89-427D-A7E8-1A0B330439BC-768x576.jpeg 768w, https:\/\/luocine.fr\/wp-content\/uploads\/2023\/07\/9213F91A-4F89-427D-A7E8-1A0B330439BC-1536x1152.jpeg 1536w, https:\/\/luocine.fr\/wp-content\/uploads\/2023\/07\/9213F91A-4F89-427D-A7E8-1A0B330439BC-2048x1536.jpeg 2048w\" sizes=\"auto, (max-width: 2560px) 100vw, 2560px\" \/><\/a><\/div>\n<div><\/div>\n<div><em>\u00c9dition Les Escales. Traduit de l\u2019italien par Ana\u00efs Bouteille-Bokobza<\/em><\/div>\n<div><em>Lu dans le cadre du club de lecture de<a href=\"https:\/\/mediatheques.cote-emeraude.fr\/l-ourse\">\u00a0la m\u00e9diath\u00e8que de Dinard\u00a0<\/a><\/em><\/div>\n<div><\/div>\n<div><a href=\"http:\/\/luocine.fr\/wp-content\/uploads\/2014\/10\/3.jpg\"><img loading=\"lazy\" decoding=\"async\" class=\"size-full wp-image-724 alignleft\" src=\"http:\/\/luocine.fr\/wp-content\/uploads\/2014\/10\/3.jpg\" alt=\"\" width=\"200\" height=\"58\" \/><\/a>Le portrait du p\u00e8re violent et dominant sa famille de toute ses col\u00e8res et de ses mots assassins est criant de v\u00e9rit\u00e9. Il s&rsquo;agit certainement d&rsquo;une part de l&rsquo;enfance de l&rsquo;autrice qui par se livre se lib\u00e8re du poids de son enfance \u00e0 Bari capitale des Pouilles italiennes. On sent tout le poids de la souffrance des femmes italiennes qui subissent leur sort avec courage. La petite Rosa vit dans l&rsquo;amour de sa m\u00e8re et la terreur que son p\u00e8re \u00e9clate d&rsquo;une col\u00e8re incontr\u00f4l\u00e9e. Elle s&rsquo;\u00e9veille \u00e0 la sexualit\u00e9 dans un quartier o\u00f9 r\u00e8gne la prostitution. Elle reproduira , h\u00e9las le sch\u00e9ma familial et son Marco s&rsquo;av\u00e8rera un homme dur et violent. Mais \u00e0 la diff\u00e9rence de sa m\u00e8re elle r\u00e9ussira \u00e0 s&rsquo;en s\u00e9parer.<\/div>\n<div>Le roman d\u00e9crit bien la pauvret\u00e9 des villes du Sud de l&rsquo;Italie et la difficult\u00e9 de mener une vie correcte quand la mis\u00e8re vous tient dans ses filets. C&rsquo;est vraiment le meilleur aspect du roman.<br \/>\nMais je suis peu sensible au c\u00f4t\u00e9 \u00ab&#160;r\u00e9demption par l&rsquo;\u00e9criture&#160;\u00bb, cette impudeur me g\u00eane surtout dans la deuxi\u00e8me partie quand on voit cette jeune femme s&rsquo;accrocher \u00e0 un homme qui ne lui apporte rien. L&rsquo;\u00e9crivaine n&rsquo;a pas r\u00e9ussi \u00e0 m&rsquo;int\u00e9resser , mais cela vient du peu de go\u00fbt que j&rsquo;ai pour l&rsquo;auto -apitoiement sur son propre sort. C&rsquo;est sans doute vrai que c&rsquo;est compliqu\u00e9 de ne pas reproduire le sch\u00e9ma parental mais cela ne justifie pas pour autant le fait d&rsquo;en faire le r\u00e9cit. Je sauve de ce roman toute la premi\u00e8re partie de son enfance \u00e0 Bari dans les quartiers mis\u00e9reux, on vit au plus pr\u00e8s de ces familles qui cherchent par tous les moyens de s&rsquo;en sortir. C&rsquo;\u00e9tait mon dernier roman italien propos\u00e9 par mon club de lecture, j&rsquo;ai lu de bien beaux romans m\u00eame si celui-ci m&rsquo;a moins int\u00e9ress\u00e9e.<\/div>\n<div><\/div>\n<h1>Citations<\/h1>\n<h3>J&rsquo;aime bien ce passage&#160;:<\/h3>\n<div>\n<blockquote>\n<div>\u00a0<em>Il s&rsquo;est bien habill\u00e9 pour l&rsquo;occasion il a plaqu\u00e9 ses cheveux en arri\u00e8re pour d\u00e9gager son front large et il porte un parfum agr\u00e9able, nouveau. Moi aussi, j&rsquo;ai fait un effort, j&rsquo;ai sorti une vieille robe \u00e0 fleurs qui me serre un peu, je me suis coiff\u00e9e et j&rsquo;ai mis des chaussures neuves. Sans v\u00e9ritable raison, en r\u00e9alit\u00e9. Peut-\u00eatre que les amours termin\u00e9es m\u00e9ritent encore une belle tenue.<\/em><\/div>\n<\/blockquote>\n<\/div>\n<h3>Alors que son p\u00e8re vient d&rsquo;\u00eatre cruel avec son amoureux&#160;:<\/h3>\n<div>\n<blockquote>\n<div>&#8211; <em>Ne t&rsquo;inqui\u00e8te pas Rosa. S&rsquo;il t&rsquo;aime il ne se laissera pas impressionner par les discours de papa, m&rsquo;as-tu dit.\u00a0<\/em><\/div>\n<div><em>T&rsquo;en souviens-tu maman&#160;? Moi, tr\u00e8s bien, de m\u00eame que de la douceur de ta main qui me caressait les cheveux d&rsquo;un geste prudent et l\u00e9ger&#160;; peut-\u00eatre avais-tu peur que je te repousse. Tu parlais toujours avec une \u00e9motion qui te ramenait aux m\u00eames sujets&#160;: le mauvais caract\u00e8re de papa, &#160;\u00bb Il est comme \u00e7a on y peut rien&#160;\u00bb, le sort in\u00e9luctable du quartier, \u00ab&#160;C&rsquo;est comme \u00e7a, on ne peut pas le changer \u00ab&#160;. Tu tressais les fils de notre destin dans un mouvement circulaire auquel on n&rsquo;\u00e9chappait jamais<\/em><\/div>\n<\/blockquote>\n<\/div>\n<blockquote>\n<div><\/div>\n<\/blockquote>\n","protected":false},"excerpt":{"rendered":"<p>\u00c9dition Les Escales. Traduit de l\u2019italien par Ana\u00efs Bouteille-Bokobza Lu dans le cadre du club de lecture de\u00a0la m\u00e9diath\u00e8que de Dinard\u00a0 Le portrait du p\u00e8re violent et dominant sa famille de toute ses col\u00e8res et de ses mots assassins est criant de v\u00e9rit\u00e9. Il s&rsquo;agit certainement d&rsquo;une part de l&rsquo;enfance de l&rsquo;autrice qui par se <span class=\"ellipsis\">&hellip;<\/span> <span class=\"more-link-wrap\"><a href=\"https:\/\/luocine.fr\/?p=16804\" class=\"more-link\"><span>Read More &rarr;<\/span><\/a><\/span><\/p>\n","protected":false},"author":822092,"featured_media":0,"comment_status":"open","ping_status":"open","sticky":false,"template":"","format":"standard","meta":{"footnotes":""},"categories":[44,322,133,222,277,167,315,102,10,123,171,347],"tags":[],"class_list":["post-16804","post","type-post","status-publish","format-standard","hentry","category-3-coquillages","category-adolescence","category-amour-et-couple","category-autofiction","category-club-de-lecture-dinard","category-condition-de-la-femme","category-domination-et-manipulation","category-enfance-malheureuse","category-roman-italien","category-misere-sociale","category-rapports-parents-enfants","category-violence"],"_links":{"self":[{"href":"https:\/\/luocine.fr\/index.php?rest_route=\/wp\/v2\/posts\/16804","targetHints":{"allow":["GET"]}}],"collection":[{"href":"https:\/\/luocine.fr\/index.php?rest_route=\/wp\/v2\/posts"}],"about":[{"href":"https:\/\/luocine.fr\/index.php?rest_route=\/wp\/v2\/types\/post"}],"author":[{"embeddable":true,"href":"https:\/\/luocine.fr\/index.php?rest_route=\/wp\/v2\/users\/822092"}],"replies":[{"embeddable":true,"href":"https:\/\/luocine.fr\/index.php?rest_route=%2Fwp%2Fv2%2Fcomments&post=16804"}],"version-history":[{"count":9,"href":"https:\/\/luocine.fr\/index.php?rest_route=\/wp\/v2\/posts\/16804\/revisions"}],"predecessor-version":[{"id":17064,"href":"https:\/\/luocine.fr\/index.php?rest_route=\/wp\/v2\/posts\/16804\/revisions\/17064"}],"wp:attachment":[{"href":"https:\/\/luocine.fr\/index.php?rest_route=%2Fwp%2Fv2%2Fmedia&parent=16804"}],"wp:term":[{"taxonomy":"category","embeddable":true,"href":"https:\/\/luocine.fr\/index.php?rest_route=%2Fwp%2Fv2%2Fcategories&post=16804"},{"taxonomy":"post_tag","embeddable":true,"href":"https:\/\/luocine.fr\/index.php?rest_route=%2Fwp%2Fv2%2Ftags&post=16804"}],"curies":[{"name":"wp","href":"https:\/\/api.w.org\/{rel}","templated":true}]}}