{"id":16664,"date":"2023-11-20T06:32:44","date_gmt":"2023-11-20T05:32:44","guid":{"rendered":"http:\/\/luocine.fr\/?p=16664"},"modified":"2023-11-20T08:52:01","modified_gmt":"2023-11-20T07:52:01","slug":"la-petite-fille-bernhard-schlink","status":"publish","type":"post","link":"https:\/\/luocine.fr\/?p=16664","title":{"rendered":"La petite-fille -Bernhard SCHLINK"},"content":{"rendered":"<p><a href=\"http:\/\/luocine.fr\/wp-content\/uploads\/2023\/11\/A6A0BF18-DBB9-4147-BAF9-3A067A6D8C74-scaled.jpeg\"><img loading=\"lazy\" decoding=\"async\" class=\"alignnone size-full wp-image-16671\" src=\"http:\/\/luocine.fr\/wp-content\/uploads\/2023\/11\/A6A0BF18-DBB9-4147-BAF9-3A067A6D8C74-scaled.jpeg\" alt=\"\" width=\"2560\" height=\"1920\" srcset=\"https:\/\/luocine.fr\/wp-content\/uploads\/2023\/11\/A6A0BF18-DBB9-4147-BAF9-3A067A6D8C74-scaled.jpeg 2560w, https:\/\/luocine.fr\/wp-content\/uploads\/2023\/11\/A6A0BF18-DBB9-4147-BAF9-3A067A6D8C74-300x225.jpeg 300w, https:\/\/luocine.fr\/wp-content\/uploads\/2023\/11\/A6A0BF18-DBB9-4147-BAF9-3A067A6D8C74-1024x768.jpeg 1024w, https:\/\/luocine.fr\/wp-content\/uploads\/2023\/11\/A6A0BF18-DBB9-4147-BAF9-3A067A6D8C74-768x576.jpeg 768w, https:\/\/luocine.fr\/wp-content\/uploads\/2023\/11\/A6A0BF18-DBB9-4147-BAF9-3A067A6D8C74-1536x1152.jpeg 1536w, https:\/\/luocine.fr\/wp-content\/uploads\/2023\/11\/A6A0BF18-DBB9-4147-BAF9-3A067A6D8C74-2048x1536.jpeg 2048w\" sizes=\"auto, (max-width: 2560px) 100vw, 2560px\" \/><\/a><\/p>\n<p><em>\u00c9dition Gallimard NRF. Traduit de l&rsquo;allemand par Bernard Lortholary<\/em><\/p>\n<p>&nbsp;<\/p>\n<p><a href=\"http:\/\/luocine.fr\/wp-content\/uploads\/2014\/10\/5.jpg\"><img loading=\"lazy\" decoding=\"async\" class=\"size-full wp-image-726 alignleft\" src=\"http:\/\/luocine.fr\/wp-content\/uploads\/2014\/10\/5.jpg\" alt=\"\" width=\"200\" height=\"58\" \/><\/a>Ce livre ne re\u00e7oit que d&rsquo;excellentes critiques, <a href=\"http:\/\/asautsetagambades.hautetfort.com\/archive\/2023\/03\/09\/la-petite-fille-bernhard-schlink-6432199.html\">Dominique<\/a> en a parl\u00e9 avec enthousiasme et comme cet auteur m&rsquo;avait enchant\u00e9 avec <a href=\"http:\/\/luocine.fr\/?p=10697\">Olga<\/a> et le \u00ab&#160;Liseur&#160;\u00bb je savais que je lirai celui-ci. Il a \u00e9videmment toute sa place dans le mois consacr\u00e9 \u00e0 la litt\u00e9rature allemande.<\/p>\n<p><a href=\"http:\/\/luocine.fr\/wp-content\/uploads\/2022\/11\/logo-feuilles-allemandes.jpg\"><img loading=\"lazy\" decoding=\"async\" class=\"alignnone size-full wp-image-14221\" src=\"http:\/\/luocine.fr\/wp-content\/uploads\/2022\/11\/logo-feuilles-allemandes.jpg\" alt=\"\" width=\"300\" height=\"135\" \/><\/a><\/p>\n<p>(<em>Ma sixi\u00e8me participation pour l&rsquo;ann\u00e9e 2023)organis\u00e9 par\u00a0<a href=\"https:\/\/etsionbouquinait.com\/2023\/10\/08\/les-feuilles-allemandes-2023\/\">Eva\u00a0<\/a><\/em>et de <a href=\"https:\/\/livrescapades.com\/tag\/les-feuilles-allemandes\/\">livr&rsquo;escapade\u00a0<\/a><\/p>\n<p>Dans les deux pr\u00e9c\u00e9dents romans que j&rsquo;ai lus de Bernhard Shlink, j&rsquo;ai appr\u00e9ci\u00e9 son regard intransigeant et lucide sur le pass\u00e9 de son pays. Nous sommes dans le pr\u00e9sent avec \u00ab&#160;la petite fille&#160;\u00bb. Kaspar, fils de pasteur, fait ses \u00e9tudes \u00e0 Berlin en 1965, il est libre de fr\u00e9quenter le milieu universitaire de l&rsquo;est (l&rsquo;inverse n&rsquo;\u00e9tait pas possible&#160;: les \u00e9tudiants de Berlin Est n&rsquo;\u00e9taient pas libres de leurs mouvements) il fait la connaissance de Birgit dont il tombe amoureux et qu&rsquo;il va aider \u00e0 passer \u00e0 l&rsquo;ouest.<\/p>\n<p>Le roman d\u00e9bute par la mort de Brigit, femme d\u00e9pressive et alcoolique. Kaspar est d\u00e9sesp\u00e9r\u00e9, il retrouve les carnets de sa femme qu\u2019il lit. Dans cette autre partie nous apprenons le lourd secret de Brigit&#160;: elle a eu un enfant d&rsquo;un homme qui l&rsquo;a abandonn\u00e9e avant la naissance du b\u00e9b\u00e9 pour ensuite lui demander qu&rsquo;elle lui donne ce b\u00e9b\u00e9 car il ne peut pas avoir d&rsquo;enfant avec sa femme. Brigit refuse et demande \u00e0 sa meilleure amie de laisser son b\u00e9b\u00e9 sur le parvis d&rsquo;une \u00e9glise. Toute sa vie, cet abandon lui p\u00e8sera et expliquera sa neurasth\u00e9nie et son alcoolisme.<\/p>\n<p>La deuxi\u00e8me partie ainsi que la troisi\u00e8me sont consacr\u00e9s \u00e0 Sigrun la petite fille de Brigit et dont Kaspar voudrait \u00eatre le grand p\u00e8re.<\/p>\n<p>Chaque partie du roman nous permet de cerner un aspect de l&rsquo;Allemagne contemporaine&#160;: l&rsquo;Allemagne de l&rsquo;est et le d\u00e9s\u00e9quilibre des anciens de l&rsquo;Est qui ont bien du mal \u00e0 s&rsquo;adapter dans un pays qui ne reconna\u00eet aucune des valeurs qui les ont construits dans une autre vie. Puis nous voyons les errances de leurs enfants qui cherchent \u00e0 s&rsquo;opposer \u00e0 leurs parents en retrouvant des mouvements violents et, \u00e9videmment, le plus interdit en Allemagne\u00a0&#160;: le mouvement n\u00e9o-Nazi. Pour finalement s&rsquo;incarner dans un vieux parti le \u00ab&#160;v\u00f6lkisch&#160;\u00bb pas tr\u00e8s loin des id\u00e9es Nazi. Il pr\u00f4ne la fiert\u00e9 d&rsquo;\u00eatre allemand, le retour \u00e0 la terre, nie les atrocit\u00e9s du Nazisme en particulier la Shoa&#160;: Hitler ne voulait que la paix&#160;!<\/p>\n<p>Dans un premier temps, toute la difficult\u00e9 de Kaspar est de maintenir un lien avec cette petite fille, sans heurter les id\u00e9es de ses parents, il va y arriver gr\u00e2ce \u00e0 la musique qui ouvrira un nouveau monde \u00e0 cette petite fille tr\u00e8s dou\u00e9e, elle d\u00e9couvre, gr\u00e2ce \u00e0 son grand p\u00e8re, le piano. Une tr\u00e8s belle sc\u00e8ne&#160;: le grand p\u00e8re lui fait \u00e9couter diff\u00e9rentes musiques et la met au d\u00e9fit de reconna\u00eetre celle des compositeurs allemands ou \u00e9trangers. Leur rapport seront interrompus car les parents se m\u00e9fient de son influence.<\/p>\n<p>Quelques ann\u00e9es plus tard, une catastrophe va arriver, li\u00e9e \u00e0 la r\u00e9volte de Sigrun, sa violence l&rsquo;entrainera trop loin. On esp\u00e8re quand on referme ce roman que la musique continuera \u00e0 sauver la jeune Sigrun dans l&rsquo;ailleurs qu&rsquo;elle s&rsquo;est choisie .<\/p>\n<p>Un excellent roman&#160;!<\/p>\n<h1>Citations<\/h1>\n<p>&nbsp;<\/p>\n<h3>La jeunesse de Kaspar.<\/h3>\n<blockquote>\n<div>\u00a0<em>Il a v\u00e9cu jusque l\u00e0 dans une rh\u00e9nanie tranquillement catholique. Son p\u00e8re \u00e9tait un pasteur protestant&#160;; Kaspar avait grandi avec Luther et Bach et Zinzendorf, et pendant les vacances chez ses grands parents avec des livres sur l&rsquo;histoire patriotique o\u00f9 l&rsquo;Allemagne devait sa compl\u00e9tude \u00e0 la Prusse.<\/em><\/div>\n<\/blockquote>\n<h3>La RDA.<\/h3>\n<div>\n<blockquote>\n<div>\u00a0<em>Si l&rsquo;on vit dans un pays sous un mauvais r\u00e9gime, on esp\u00e8re un changement, et un jour il advient. \u00c0 la place du mauvais r\u00e9gime, un bon se met en place. Quand on a \u00e9t\u00e9 contre, on peut de nouveau \u00eatre pour. Si l&rsquo;on a d\u00fb s&rsquo;exiler, on peut revenir. Le pays pour ceux qui sont rest\u00e9s et pour ceux qui sont partis est \u00e0 nouveau leur pays, le pays dont ils r\u00eavaient. La RDA ne deviendra jamais le pays dont on r\u00eavait. Elle n&rsquo;existe plus. Ceux qui sont rest\u00e9s ne peuvent plus se r\u00e9jouir. Ceux qui sont partis ne peuvent pas y revenir&#160;; leur exil est sans fin. D&rsquo;o\u00f9 le vide. Le pays et le r\u00eave sont perdus irr\u00e9m\u00e9diablement.<\/em><\/div>\n<\/blockquote>\n<\/div>\n<div><strong>Discours lors de la f\u00eate du mouvement \u00ab&#160;V\u00f6lkish&#160;\u00bb\u00a0<\/strong><\/div>\n<blockquote>\n<div><em>\u00ab&#160;Qui le sait encore, \u00e0 part nous, ce sont les clans, les musulmans et les femmes voil\u00e9es et leur familles. Ils veulent s&#8217;emparer de l&rsquo;Allemagne, ils veulent faire de notre pays leur pays. Mais nous ne les laisserons pas faire. Nous somme pr\u00eats au combat. Sur le sol allemand nous croisons. Du sol allemand nous tirons notre force. \u00c0 notre communaut\u00e9 allemande appartient l&rsquo;avenir allemand.&#160;\u00bb<\/em><\/div>\n<\/blockquote>\n<div><\/div>\n<h3>Un allemand ordinaire .<\/h3>\n<div>\n<blockquote>\n<div><em>Kaspar c&rsquo;\u00e9tait toujours tenu \u00e0 l&rsquo;\u00e9cart de tout. Il \u00e9tait membre de l&rsquo;\u00e9glise, qu&rsquo;il fr\u00e9quentait parfois sans croire en Dieu, mais sans jamais se charger d&rsquo;une t\u00e2che. Sans endosser aucune responsabilit\u00e9, il \u00e9tait membre de la chambre de commerce et d&rsquo;industrie, et de l&rsquo;Union des \u00e9diteurs et libraires allemands. La politique l&rsquo;avait quelquefois irrit\u00e9 au point qu&rsquo;il l&rsquo;envisage d&rsquo;adh\u00e9rer \u00e0 un parti. Il avait \u00e9t\u00e9 parfois invit\u00e9 \u00e0 s&rsquo;engager dans l&rsquo;association Citoyens pour le parc. Mais \u00e0 part des votes rassurants et quelques ramassages occasionnels de papiers, gobelets et bouteilles en traversant ledit parc, il en \u00e9tait rest\u00e9 l\u00e0.\u00a0<\/em><\/div>\n<\/blockquote>\n<\/div>\n<div><\/div>\n<h3>Dialogue incroyable .<\/h3>\n<div>\n<blockquote>\n<div>\u00a0<em>\u00ab&#160;Tu as bien un livre sur Rudolf He\u03b2. Il est plein de mensonges. Tous ces livres ici son plein de mensonges. Hitler ne voulait pas la guerre. Il voulait la paix. Et les Allemands n&rsquo;ont pas tu\u00e9 les juifs .&#160;\u00bb<\/em><\/div>\n<div><em>Kaspar s&rsquo;assit par terre face \u00e0 elle.<\/em><\/div>\n<div><em>\u00ab&#160;Ce sont des livres d&rsquo;historiens qui ont fait des recherches pendant des ann\u00e9es. Comment peux-tu savoir&#160;?<\/em><\/div>\n<div><em>&#8211; Ils sont achet\u00e9s. Ils sont pay\u00e9s . Les occupants veulent rabaisser l&rsquo;Allemagne. Il faut qu&rsquo;on ait honte et qu&rsquo;on courbe l&rsquo;\u00e9chine. Alors, ils pourront nous nous opprimer et nous exploiter.<\/em><\/div>\n<\/blockquote>\n<\/div>\n<blockquote>\n<div><\/div>\n<\/blockquote>\n<div><\/div>\n<h3>Le grand p\u00e8re et sa petite fille.<\/h3>\n<div>\n<blockquote>\n<div>\u00a0<em>\u00ab&#160;Mais je peux quand m\u00eame \u00eatre fiers d&rsquo;\u00eatre allemande.&#160;\u00bb<\/em><\/div>\n<div><em>Kaspar \u00e0 nouveau tourna dans un chemin et stoppa.\u00a0<\/em><\/div>\n<div><em>\u00ab&#160;Je ne sais pas. Je trouve qu&rsquo;on ne peut \u00eatre fier que de quelque chose qu&rsquo;on a fait. Mais peut-\u00eatre qu&rsquo;on peut voir les choses autrement.&#160;\u00bb<\/em><\/div>\n<div><em>Il montra du doigt le paysage de collines, des champs, le bois et le village sur le quel tombait le soleil et un autre village dans un creux, dont on ne voyait que le clocher et quelques tpits. Le soleil \u00e9tait d\u00e9j\u00e0 bas, cela allait donner un magnifique cr\u00e9puscule.<\/em><\/div>\n<div><em>\u00ab&#160;J&rsquo;aime mon pays, je suis heureux de parler sa langue, de conna\u00eetre les gens que ce pays me soit familier. Je n&rsquo;ai pas besoin d&rsquo;\u00eatre fier d&rsquo;\u00eatre un Allemand, il me suffit d&rsquo;\u00eatre heureux.&#160;\u00bb<\/em><\/div>\n<\/blockquote>\n<\/div>\n","protected":false},"excerpt":{"rendered":"<p>\u00c9dition Gallimard NRF. Traduit de l&rsquo;allemand par Bernard Lortholary &nbsp; Ce livre ne re\u00e7oit que d&rsquo;excellentes critiques, Dominique en a parl\u00e9 avec enthousiasme et comme cet auteur m&rsquo;avait enchant\u00e9 avec Olga et le \u00ab&#160;Liseur&#160;\u00bb je savais que je lirai celui-ci. Il a \u00e9videmment toute sa place dans le mois consacr\u00e9 \u00e0 la litt\u00e9rature allemande. (Ma <span class=\"ellipsis\">&hellip;<\/span> <span class=\"more-link-wrap\"><a href=\"https:\/\/luocine.fr\/?p=16664\" class=\"more-link\"><span>Read More &rarr;<\/span><\/a><\/span><\/p>\n","protected":false},"author":822092,"featured_media":0,"comment_status":"open","ping_status":"open","sticky":false,"template":"","format":"standard","meta":{"footnotes":""},"categories":[46,291,50,228,361,267,294,327,104,198,49],"tags":[],"class_list":["post-16664","post","type-post","status-publish","format-standard","hentry","category-5-coquillages","category-adoption","category-allemagne","category-culpabilite","category-les-feuilles-allemandes","category-lu-dans-un-cadre-le-mois-de","category-mouvement-neo-nazi","category-propagande-politique","category-racisme","category-rapport-familaux","category-roman"],"_links":{"self":[{"href":"https:\/\/luocine.fr\/index.php?rest_route=\/wp\/v2\/posts\/16664","targetHints":{"allow":["GET"]}}],"collection":[{"href":"https:\/\/luocine.fr\/index.php?rest_route=\/wp\/v2\/posts"}],"about":[{"href":"https:\/\/luocine.fr\/index.php?rest_route=\/wp\/v2\/types\/post"}],"author":[{"embeddable":true,"href":"https:\/\/luocine.fr\/index.php?rest_route=\/wp\/v2\/users\/822092"}],"replies":[{"embeddable":true,"href":"https:\/\/luocine.fr\/index.php?rest_route=%2Fwp%2Fv2%2Fcomments&post=16664"}],"version-history":[{"count":16,"href":"https:\/\/luocine.fr\/index.php?rest_route=\/wp\/v2\/posts\/16664\/revisions"}],"predecessor-version":[{"id":17540,"href":"https:\/\/luocine.fr\/index.php?rest_route=\/wp\/v2\/posts\/16664\/revisions\/17540"}],"wp:attachment":[{"href":"https:\/\/luocine.fr\/index.php?rest_route=%2Fwp%2Fv2%2Fmedia&parent=16664"}],"wp:term":[{"taxonomy":"category","embeddable":true,"href":"https:\/\/luocine.fr\/index.php?rest_route=%2Fwp%2Fv2%2Fcategories&post=16664"},{"taxonomy":"post_tag","embeddable":true,"href":"https:\/\/luocine.fr\/index.php?rest_route=%2Fwp%2Fv2%2Ftags&post=16664"}],"curies":[{"name":"wp","href":"https:\/\/api.w.org\/{rel}","templated":true}]}}