{"id":1647,"date":"2010-09-22T12:54:16","date_gmt":"2010-09-22T11:54:16","guid":{"rendered":"http:\/\/luocine.fr\/?p=1647"},"modified":"2014-11-10T16:34:28","modified_gmt":"2014-11-10T15:34:28","slug":"lombre-du-vent-carlos-ruiz-zafon","status":"publish","type":"post","link":"https:\/\/luocine.fr\/?p=1647","title":{"rendered":"L&rsquo;ombre du vent &#8211; Carlos Ruiz Zafon"},"content":{"rendered":"<div>\n<div>\n<p><img loading=\"lazy\" decoding=\"async\" class=\"aligncenter\" src=\"http:\/\/ecx.images-amazon.com\/images\/I\/51QHDJG2VHL._SL500_AA300_.jpg\" alt=\"http:\/\/ecx.images-amazon.com\/images\/I\/51QHDJG2VHL._SL500_AA300_.jpg \" width=\"198\" height=\"198\" \/><\/p>\n<p><em>\u00a0Traduit de l\u2019espagnol par Fran\u00e7ois Maspero.<\/em><\/p>\n<p><a href=\"http:\/\/luocine.fr\/wp-content\/uploads\/2014\/10\/4.jpg\"><img loading=\"lazy\" decoding=\"async\" class=\"size-full wp-image-725 alignleft\" src=\"http:\/\/luocine.fr\/wp-content\/uploads\/2014\/10\/4.jpg\" alt=\"4\" width=\"200\" height=\"58\" \/><\/a><br \/>\nLe mois de septembre, c\u2019est le mois de mon anniversaire donc le mois o\u00f9 je re\u00e7ois des livres souvent merveilleux. L\u2019an dernier, ma s\u0153ur m\u2019a offert \u00ab&#160;l&rsquo;ombre du vent&#160;\u00bb. \u00c9tant donn\u00e9 ce que j\u2019en avais lu sur les blogs, je me suis pr\u00e9cipit\u00e9e mais voil\u00e0, parfois je lis mal et trop vite et je me suis perdue dans les m\u00e9andres de cette histoire. Cette ann\u00e9e, j\u2019avais plus de temps et j\u2019ai absolument \u00e9t\u00e9 captiv\u00e9e du d\u00e9but jusqu\u2019\u00e0 la derni\u00e8re page. J\u2019aurais voulu que le plaisir dure encore\u2026 Je me demandais pourquoi il ne m\u2019avait pas s\u00e9duit tout de suite. C\u2019est simple on ne peut pas le lire trop vite. L\u2019intrigue est complexe les histoires tr\u00e8s imbriqu\u00e9es les unes dans les autres. En prenant mon temps tout s\u2019est \u00e9clair\u00e9, en plus c\u2019est un tel hymne \u00e0 la lecture au plaisir des livres que tous les lecteurs se retrouvent \u00e0 un moment ou \u00e0 un autre dans les personnages. Ma s\u0153ur avait raison ce livre ne pouvait que me plaire.<\/p>\n<p>En toile de fond, les violences de la guerre civile espagnole avec toutes ses horreurs&#160;! Si le livre est souvent sombre et tragique, il est aussi plein d\u2019humour, le personnage de Firmin et de son immense amour pour toutes les femmes est \u00e0 la fois tendre et dr\u00f4le. Les histoires d\u2019amour sont tr\u00e8s belles et passionn\u00e9es (nous sommes en Espagne&#160;!) La tendresse des p\u00e8res pour leur enfant est \u00e9mouvante.<\/p>\n<p>Bref un tr\u00e8s beau roman qui suit les m\u00e9andres complexes de la litt\u00e9rature, on y retrouve beaucoup de clins d\u2019\u0153il litt\u00e9raires, ce qui ne rend pas le roman p\u00e9dant pour autant.<\/p>\n<h1>Citations<\/h1>\n<blockquote><p><em>L\u2019un des pi\u00e8ges de l\u2019enfance est qu\u2019il n\u2019est pas n\u00e9cessaire de comprendre quelque chose pour le sentir. Et quand la raison devient incapable de saisir ce qui se passe autour d\u2019elle, les blessures du c\u0153ur sont d\u00e9j\u00e0 trop profondes.<\/em><\/p>\n<p><em>\u00a0<\/em><\/p>\n<p><em>Ces gens qui voient le p\u00e9ch\u00e9 partout ont l\u2019\u00e2me malade, et si tu veux vraiment savoir, les intestins aussi. La condition de base du bigot ib\u00e9rique est la constipation chronique.<\/em><\/p>\n<p><em>\u00a0<\/em><\/p>\n<p><em>Elle a m\u00eame appris \u00e0 broder et on m\u2019a dit qu\u2019elle ne s\u2019habille plus en Simone de Beauvoir<\/em><\/p>\n<p><em>\u00a0<\/em><\/p>\n<p><em>Le probl\u00e8me, c\u2019est que l\u2019homme, pour en revenir \u00e0 Freud et utiliser une m\u00e9taphore, fonctionne comme une ampoule \u00e9lectrique&#160;: il s\u2019allume d\u2019un coup et refroidit aussi vite. La femme, elle, s\u2019est scientifiquement prouv\u00e9, s\u2019\u00e9chauffe comme une casserole. Peu \u00e0 peu, \u00e0 feu lent, comme la bonne fricass\u00e9e. Mais quand elle est chaude, personne ne peut plus l\u2019arr\u00eater.<\/em><\/p>\n<p><em>\u00a0<\/em><\/p>\n<p><em>La femme, c\u2019est Babel et Labyrinthe. Si vous la lissez r\u00e9fl\u00e9chir, vous \u00eates perdu. Souvenez-vous-en&#160;: c\u0153ur chaud, t\u00eate froide. L\u2019a b c du s\u00e9ducteur.<\/em><\/p>\n<p><em>\u00a0<\/em><\/p>\n<p><em>La vie dans la rue est br\u00e8ve. Les gens vous regardent avec d\u00e9go\u00fbt, m\u00eame ceux qui vous font l\u2019aum\u00f4ne, mais ce n\u2019est rien compar\u00e9 \u00e0 la r\u00e9pugnance qu\u2019on s\u2019inspire \u00e0 soi-m\u00eame. C\u2019est comme vivre attach\u00e9 \u00e0 un cadavre qui marche, qui a faim, qui pue et qui refuse de mourir.<\/em><\/p><\/blockquote>\n<h2>On en parle<\/h2>\n<p><a href=\"http:\/\/charivalire.over-blog.com\/article-l-ombre-du-vent-carlos-ruiz-zafon-55686950.html\">link<\/a>.<\/p>\n<\/div>\n<\/div>\n","protected":false},"excerpt":{"rendered":"<p>\u00a0Traduit de l\u2019espagnol par Fran\u00e7ois Maspero. Le mois de septembre, c\u2019est le mois de mon anniversaire donc le mois o\u00f9 je re\u00e7ois des livres souvent merveilleux. L\u2019an dernier, ma s\u0153ur m\u2019a offert \u00ab&#160;l&rsquo;ombre du vent&#160;\u00bb. \u00c9tant donn\u00e9 ce que j\u2019en avais lu sur les blogs, je me suis pr\u00e9cipit\u00e9e mais voil\u00e0, parfois je lis mal <span class=\"ellipsis\">&hellip;<\/span> <span class=\"more-link-wrap\"><a href=\"https:\/\/luocine.fr\/?p=1647\" class=\"more-link\"><span>Read More &rarr;<\/span><\/a><\/span><\/p>\n","protected":false},"author":822092,"featured_media":0,"comment_status":"open","ping_status":"open","sticky":false,"template":"","format":"standard","meta":{"footnotes":""},"categories":[45,64,4,49],"tags":[],"class_list":["post-1647","post","type-post","status-publish","format-standard","hentry","category-4-coquillages","category-espagne","category-mes-preferences","category-roman"],"_links":{"self":[{"href":"https:\/\/luocine.fr\/index.php?rest_route=\/wp\/v2\/posts\/1647","targetHints":{"allow":["GET"]}}],"collection":[{"href":"https:\/\/luocine.fr\/index.php?rest_route=\/wp\/v2\/posts"}],"about":[{"href":"https:\/\/luocine.fr\/index.php?rest_route=\/wp\/v2\/types\/post"}],"author":[{"embeddable":true,"href":"https:\/\/luocine.fr\/index.php?rest_route=\/wp\/v2\/users\/822092"}],"replies":[{"embeddable":true,"href":"https:\/\/luocine.fr\/index.php?rest_route=%2Fwp%2Fv2%2Fcomments&post=1647"}],"version-history":[{"count":0,"href":"https:\/\/luocine.fr\/index.php?rest_route=\/wp\/v2\/posts\/1647\/revisions"}],"wp:attachment":[{"href":"https:\/\/luocine.fr\/index.php?rest_route=%2Fwp%2Fv2%2Fmedia&parent=1647"}],"wp:term":[{"taxonomy":"category","embeddable":true,"href":"https:\/\/luocine.fr\/index.php?rest_route=%2Fwp%2Fv2%2Fcategories&post=1647"},{"taxonomy":"post_tag","embeddable":true,"href":"https:\/\/luocine.fr\/index.php?rest_route=%2Fwp%2Fv2%2Ftags&post=1647"}],"curies":[{"name":"wp","href":"https:\/\/api.w.org\/{rel}","templated":true}]}}