{"id":1641,"date":"2010-09-22T12:54:13","date_gmt":"2010-09-22T11:54:13","guid":{"rendered":"http:\/\/luocine.fr\/?p=1641"},"modified":"2014-11-10T23:16:14","modified_gmt":"2014-11-10T22:16:14","slug":"le-coeur-regulier-olivier-adam","status":"publish","type":"post","link":"https:\/\/luocine.fr\/?p=1641","title":{"rendered":"Le coeur r\u00e9gulier &#8211; Olivier ADAM"},"content":{"rendered":"<div>\n<div>\n<p><img loading=\"lazy\" decoding=\"async\" class=\"aligncenter\" src=\"http:\/\/storage.canalblog.com\/82\/04\/350527\/56384618_p.jpg\" alt=\"http:\/\/storage.canalblog.com\/82\/04\/350527\/56384618_p.jpg \" width=\"143\" height=\"211\" \/><\/p>\n<p><a href=\"http:\/\/luocine.fr\/wp-content\/uploads\/2014\/10\/3.jpg\"><img loading=\"lazy\" decoding=\"async\" class=\"size-full wp-image-724 alignleft\" src=\"http:\/\/luocine.fr\/wp-content\/uploads\/2014\/10\/3.jpg\" alt=\"3\" width=\"200\" height=\"58\" \/><\/a><br \/>\nCet \u00e9crivain sait particuli\u00e8rement bien d\u00e9crire les maux de notre \u00e9poque. Le malaise de Sarah qui ne se sent pas bien dans le monde comp\u00e9titif o\u00f9 l\u2019on conduit ses \u00e9tudes d\u2019\u00e9conomie, permet de d\u00e9crire tous les travers des entreprises o\u00f9 il faut \u00eatre toujours et tout le temps, le meilleur et si possible \u00e9craser les faibles. Le s\u00e9minaire de formation est petit morceau de bravoure et, j\u2019en ai bien peur, proche de v\u00e9rit\u00e9. Mais ,il est vrai que l\u2019on sait d\u00e9j\u00e0 tout \u00e7a.<br \/>\nDans le genre, je pr\u00e9f\u00e8re l\u2019arrogance d\u2019un <a href=\"http:\/\/luocine.fr\/?p=1937\">Benacquista.<\/a><\/p>\n<p>Ce que j\u2019ai vraiment bien aim\u00e9,c\u2019est la peinture les probl\u00e8mes dans lesquels se bat Sarah, brillante \u00e9tudiante de Dauphine, ses origines modestes la rendaient mal \u00e0 l\u2019aise avec les \u00e9tudiantes et \u00e9tudiants tr\u00e8s bourgeois de son universit\u00e9. Son mariage ne la prot\u00e8gera pas du malaise grandissant, soulign\u00e9 par la maladie mentale de son fr\u00e8re Nathan qui lui ne veut ni ne peut s\u2019adapter au monde. Elle part au Japon pour comprendre ce fr\u00e8re tant aim\u00e9 et finalement, elle se d\u00e9couvrira elle-m\u00eame.<\/p>\n<p>J\u2019ai \u00e9t\u00e9 moins s\u00e9duite par la partie japonaise du roman, on sent l\u2019auteur visiteur du pays mais il n\u2019a pas \u00e9videmment toutes les cl\u00e9s du mal de vivre japonais. On reste un peu dans le clich\u00e9 et la po\u00e9sie des paysages japonais ne m\u2019ont pas touch\u00e9e. Beaucoup de lecteurs sont plus enthousiastes que moi, je reconnais \u00e0 cet auteur un v\u00e9ritable talent pour t\u00e9moigner d\u2019un certain mal de vivre on se laisse prendre par la lecture et les souffrances de Sarah.<\/p>\n<h1>Citations<\/h1>\n<blockquote><p><em>\u00ab&#160;Ressemble \u00e0 une vieille refaite plut\u00f4t qu\u2019\u00e0 une vieille tout court (\u2026) , ajoute le path\u00e9tique \u00e0 l\u2019irr\u00e9versible&#160;\u00bb<\/em><\/p>\n<p><em>\u00a0<\/em><\/p>\n<p><em>Le jardinage qu\u2019il tenait pour une activit\u00e9 fasciste (garder ce qui est fort, couper ce qui est faible et emp\u00eacher le fort d\u2019\u00eatre plus fort)<\/em><\/p>\n<p><em>\u00a0<\/em><\/p>\n<p><em>Parfois je me dis que je suis devenue la cliente id\u00e9ale pour une secte, quiconque me promettrait le repos, la paix int\u00e9rieure me verrait rappliquer et lui baiser les mains de gratitude.<\/em><\/p>\n<p><em>\u00a0<\/em><\/p>\n<p><em>Personne n\u2019a envie de mourir. Tout le monde veut vivre. Seulement, \u00e0 certaines p\u00e9riodes de notre vie, \u00e7a devient juste impossible.<\/em><\/p>\n<p><em>\u00a0<\/em><\/p>\n<p><em>Je l\u2019ai \u00e9pous\u00e9 parce qu\u2019il m\u2019aimait et qu\u2019aupr\u00e8s de lui je me sentais en s\u00e9curit\u00e9. Aupr\u00e8s de lui j\u2019avais moins peur.<\/em><\/p><\/blockquote>\n<h2>On en parle<\/h2>\n<p><a href=\"http:\/\/livrespourvous.centerblog.net\/\">link<\/a>.<\/p>\n<\/div>\n<\/div>\n","protected":false},"excerpt":{"rendered":"<p>Cet \u00e9crivain sait particuli\u00e8rement bien d\u00e9crire les maux de notre \u00e9poque. Le malaise de Sarah qui ne se sent pas bien dans le monde comp\u00e9titif o\u00f9 l\u2019on conduit ses \u00e9tudes d\u2019\u00e9conomie, permet de d\u00e9crire tous les travers des entreprises o\u00f9 il faut \u00eatre toujours et tout le temps, le meilleur et si possible \u00e9craser les <span class=\"ellipsis\">&hellip;<\/span> <span class=\"more-link-wrap\"><a href=\"https:\/\/luocine.fr\/?p=1641\" class=\"more-link\"><span>Read More &rarr;<\/span><\/a><\/span><\/p>\n","protected":false},"author":822092,"featured_media":0,"comment_status":"open","ping_status":"open","sticky":false,"template":"","format":"standard","meta":{"footnotes":""},"categories":[44,24,49],"tags":[],"class_list":["post-1641","post","type-post","status-publish","format-standard","hentry","category-3-coquillages","category-france","category-roman"],"_links":{"self":[{"href":"https:\/\/luocine.fr\/index.php?rest_route=\/wp\/v2\/posts\/1641","targetHints":{"allow":["GET"]}}],"collection":[{"href":"https:\/\/luocine.fr\/index.php?rest_route=\/wp\/v2\/posts"}],"about":[{"href":"https:\/\/luocine.fr\/index.php?rest_route=\/wp\/v2\/types\/post"}],"author":[{"embeddable":true,"href":"https:\/\/luocine.fr\/index.php?rest_route=\/wp\/v2\/users\/822092"}],"replies":[{"embeddable":true,"href":"https:\/\/luocine.fr\/index.php?rest_route=%2Fwp%2Fv2%2Fcomments&post=1641"}],"version-history":[{"count":0,"href":"https:\/\/luocine.fr\/index.php?rest_route=\/wp\/v2\/posts\/1641\/revisions"}],"wp:attachment":[{"href":"https:\/\/luocine.fr\/index.php?rest_route=%2Fwp%2Fv2%2Fmedia&parent=1641"}],"wp:term":[{"taxonomy":"category","embeddable":true,"href":"https:\/\/luocine.fr\/index.php?rest_route=%2Fwp%2Fv2%2Fcategories&post=1641"},{"taxonomy":"post_tag","embeddable":true,"href":"https:\/\/luocine.fr\/index.php?rest_route=%2Fwp%2Fv2%2Ftags&post=1641"}],"curies":[{"name":"wp","href":"https:\/\/api.w.org\/{rel}","templated":true}]}}