{"id":1628,"date":"2010-10-21T14:45:27","date_gmt":"2010-10-21T13:45:27","guid":{"rendered":"http:\/\/luocine.fr\/?p=1628"},"modified":"2015-09-27T21:30:22","modified_gmt":"2015-09-27T19:30:22","slug":"treacle-jr-de-jamie-thraves","status":"publish","type":"post","link":"https:\/\/luocine.fr\/?p=1628","title":{"rendered":"Treacle.Jr de Jamie Thraves"},"content":{"rendered":"<div>\n<p><a href=\"http:\/\/luocine.fr\/wp-content\/uploads\/2010\/10\/bFdgt0pStrCqxUjuDdqT82l8KFC.jpg\"><img loading=\"lazy\" decoding=\"async\" class=\"aligncenter size-full wp-image-4827\" src=\"http:\/\/luocine.fr\/wp-content\/uploads\/2010\/10\/bFdgt0pStrCqxUjuDdqT82l8KFC.jpg\" alt=\"bFdgt0pStrCqxUjuDdqT82l8KFC\" width=\"185\" height=\"278\" \/><\/a><\/p>\n<p>Excellent film surtout \u00e0 cause du personnage d\u2019Aidan compl\u00e8tement paum\u00e9 et qui parle tout le temps en d\u00e9formant les mots. Une partie de l\u2019humour vient de ce qu\u2019ils prononcent mal les mots et cela m\u2019a, un peu, \u00e9chapp\u00e9 (mon anglais n\u2019est pas courant&#160;!) J\u2019ai beaucoup aim\u00e9 l\u2019humanit\u00e9 qui se d\u00e9gage de ce film, m\u00eame si j\u2019ai eu du mal \u00e0 comprendre le personnage de Tom. On ne sait pas pourquoi il est aussi mal dans sa vie au point de vouloir vivre comme un SDF.<\/p>\n<\/div>\n","protected":false},"excerpt":{"rendered":"<p>Excellent film surtout \u00e0 cause du personnage d\u2019Aidan compl\u00e8tement paum\u00e9 et qui parle tout le temps en d\u00e9formant les mots. Une partie de l\u2019humour vient de ce qu\u2019ils prononcent mal les mots et cela m\u2019a, un peu, \u00e9chapp\u00e9 (mon anglais n\u2019est pas courant&#160;!) J\u2019ai beaucoup aim\u00e9 l\u2019humanit\u00e9 qui se d\u00e9gage de ce film, m\u00eame si <span class=\"ellipsis\">&hellip;<\/span> <span class=\"more-link-wrap\"><a href=\"https:\/\/luocine.fr\/?p=1628\" class=\"more-link\"><span>Read More &rarr;<\/span><\/a><\/span><\/p>\n","protected":false},"author":822092,"featured_media":0,"comment_status":"open","ping_status":"open","sticky":false,"template":"","format":"standard","meta":{"footnotes":""},"categories":[33],"tags":[],"class_list":["post-1628","post","type-post","status-publish","format-standard","hentry","category-festival"],"_links":{"self":[{"href":"https:\/\/luocine.fr\/index.php?rest_route=\/wp\/v2\/posts\/1628","targetHints":{"allow":["GET"]}}],"collection":[{"href":"https:\/\/luocine.fr\/index.php?rest_route=\/wp\/v2\/posts"}],"about":[{"href":"https:\/\/luocine.fr\/index.php?rest_route=\/wp\/v2\/types\/post"}],"author":[{"embeddable":true,"href":"https:\/\/luocine.fr\/index.php?rest_route=\/wp\/v2\/users\/822092"}],"replies":[{"embeddable":true,"href":"https:\/\/luocine.fr\/index.php?rest_route=%2Fwp%2Fv2%2Fcomments&post=1628"}],"version-history":[{"count":0,"href":"https:\/\/luocine.fr\/index.php?rest_route=\/wp\/v2\/posts\/1628\/revisions"}],"wp:attachment":[{"href":"https:\/\/luocine.fr\/index.php?rest_route=%2Fwp%2Fv2%2Fmedia&parent=1628"}],"wp:term":[{"taxonomy":"category","embeddable":true,"href":"https:\/\/luocine.fr\/index.php?rest_route=%2Fwp%2Fv2%2Fcategories&post=1628"},{"taxonomy":"post_tag","embeddable":true,"href":"https:\/\/luocine.fr\/index.php?rest_route=%2Fwp%2Fv2%2Ftags&post=1628"}],"curies":[{"name":"wp","href":"https:\/\/api.w.org\/{rel}","templated":true}]}}