{"id":16260,"date":"2023-05-18T06:58:41","date_gmt":"2023-05-18T04:58:41","guid":{"rendered":"https:\/\/luocine.fr\/?p=16260"},"modified":"2023-02-07T20:56:45","modified_gmt":"2023-02-07T19:56:45","slug":"le-tableau-du-peintre-juif-benoit-severac","status":"publish","type":"post","link":"https:\/\/luocine.fr\/?p=16260","title":{"rendered":"Le tableau du peintre juif     &#8211; Beno\u00eet S\u00c9VERAC"},"content":{"rendered":"<p><em><a href=\"https:\/\/luocine.fr\/wp-content\/uploads\/2023\/05\/6B98AA4C-CF47-4E99-9775-57FDE71BDBD0-scaled.jpeg\"><img loading=\"lazy\" decoding=\"async\" class=\"alignnone size-full wp-image-16264\" src=\"https:\/\/luocine.fr\/wp-content\/uploads\/2023\/05\/6B98AA4C-CF47-4E99-9775-57FDE71BDBD0-scaled.jpeg\" alt=\"\" width=\"2560\" height=\"1920\" srcset=\"https:\/\/luocine.fr\/wp-content\/uploads\/2023\/05\/6B98AA4C-CF47-4E99-9775-57FDE71BDBD0-scaled.jpeg 2560w, https:\/\/luocine.fr\/wp-content\/uploads\/2023\/05\/6B98AA4C-CF47-4E99-9775-57FDE71BDBD0-300x225.jpeg 300w, https:\/\/luocine.fr\/wp-content\/uploads\/2023\/05\/6B98AA4C-CF47-4E99-9775-57FDE71BDBD0-1024x768.jpeg 1024w, https:\/\/luocine.fr\/wp-content\/uploads\/2023\/05\/6B98AA4C-CF47-4E99-9775-57FDE71BDBD0-768x576.jpeg 768w, https:\/\/luocine.fr\/wp-content\/uploads\/2023\/05\/6B98AA4C-CF47-4E99-9775-57FDE71BDBD0-1536x1152.jpeg 1536w, https:\/\/luocine.fr\/wp-content\/uploads\/2023\/05\/6B98AA4C-CF47-4E99-9775-57FDE71BDBD0-2048x1536.jpeg 2048w\" sizes=\"auto, (max-width: 2560px) 100vw, 2560px\" \/><\/a><br \/>\n\u00c9dition La manufacture de livres<\/em><\/p>\n<p>&nbsp;<\/p>\n<p><a href=\"https:\/\/luocine.fr\/wp-content\/uploads\/2014\/10\/4.jpg\"><img loading=\"lazy\" decoding=\"async\" class=\"size-full wp-image-725 alignleft\" src=\"https:\/\/luocine.fr\/wp-content\/uploads\/2014\/10\/4.jpg\" alt=\"\" width=\"200\" height=\"58\" \/><\/a>Ne croyez pas lire un livre de plus sur le sort des juifs pendant la deuxi\u00e8me guerre mondiale, cela constitue bien la toile de fond mais le th\u00e8me principal c&rsquo;est le parcours St\u00e9phane Milhas petit fils d&rsquo;Alphonse Jullian pour \u00e0 la fois retrouver un sens \u00e0 sa vie et redonner l&rsquo;honneur \u00e0 ses grands-parents. Ses grands-parents ont \u00e9t\u00e9 des r\u00e9sistants et ils ont cach\u00e9 des gens traqu\u00e9s, dont une famille juive , les Trudel dont le mari Eli est un peinte connu.<\/p>\n<p>Sa tante et son oncle, avant de quitter leur appartement pour aller en institution lui donne le fameux \u00ab&#160;tableau du peintre juif&#160;\u00bb . L&rsquo;histoire familiale raconte qu&rsquo;un peintre juif que ses grands parents avaient cach\u00e9 le leur avait laiss\u00e9 en remerciement. St\u00e9phane fait des recherches et se rend compte qu&rsquo;\u00c9li Tudel est un peintre assez connu et que son tableau vaudrait au bas mot plus de cent mille euros. St\u00e9phane est au ch\u00f4mage sa femme Ir\u00e8ne fait vivre le m\u00e9nage avec un petit salaire de vendeuse. Alors pour elle la solution est simple. , il faut vendre au plus vite ce tableau.<br \/>\nSauf que, St\u00e9phane pr\u00e9f\u00e8re la dignit\u00e9 \u00e0 l&rsquo;argent et il d\u00e9cide donc de prendre contact avec Isra\u00ebl afin que ses grands parents re\u00e7oivent le titre de Justes pour avoir aider des juifs.<\/p>\n<p>Tout devient extr\u00eamement compliqu\u00e9 quand il se rend en Isra\u00ebl car on accuse ses grands parents d&rsquo;avoir vol\u00e9 ce tableau qui est r\u00e9pertori\u00e9 aux \u0153uvres spoli\u00e9es aux juifs Il apprend aussi que les Trudel sont mort \u00e0 Auschwitz.<br \/>\nCommence alors pour lui une enqu\u00eate pour comprendre ce qui a pu se passer, car la mort des Trudel ne correspond pas aux informations que sa tante lui a donn\u00e9es. Son but principal est de laver l&rsquo;honneur de ses grands parents qu&rsquo;il ne peut imaginer avoir voler quoi que ce soit.<\/p>\n<p>Cette enqu\u00eate va permettre \u00e0 l&rsquo;auteur de cerner au plus pr\u00eat la personnalit\u00e9 de St\u00e9phane et de comprendre la fa\u00e7on dont la r\u00e9sistance faisait passer des clandestins . Je ne peux \u00e9videmment pas vous r\u00e9v\u00e9ler la solution de son enqu\u00eate mais cette enqu\u00eate fait revivre l&rsquo;horreur du sort des juifs qui avaient tant de mal \u00e0 fuir leur sort.<\/p>\n<p>Un roman que j&rsquo;ai bien aim\u00e9, et j&rsquo;ai partag\u00e9 le d\u00e9sarroi de St\u00e9phane qui peu \u00e0 peu va ouvrir les yeux sur son entourage&#160;: ses filles, sa femme et il va se retrouver lui-m\u00eame \u00e0 la fin de ce grand voyage.<\/p>\n<p>&nbsp;<\/p>\n<h1>Citations<\/h1>\n<h3>Le couple de la g\u00e9n\u00e9ration de ses parents.<\/h3>\n<blockquote><p><em>Ma tante est la s\u0153ur a\u00een\u00e9e de ma m\u00e8re. Elle a plus de quatre-vingt-dix ans, et son mari, mon oncle, est un peu plus \u00e2g\u00e9 qu&rsquo;elle. Louise et \u00c9tienne forment un couple adorable. Des petits vieux comme on les aime, curieux et bienveillants. Ils habitent en r\u00e9gion parisienne, et r\u00e9guli\u00e8rement, je me dis que je ne vais pas les voir assez souvent. Une fois tous les cinq ans, en moyenne. Pas le neveu id\u00e9al.<\/em><\/p><\/blockquote>\n<h3>\u00catre c\u00e9venol.<\/h3>\n<blockquote>\n<div>\u00a0<em>Il n&rsquo;\u00e9tait pas seulement c\u00e9venol. Il \u00e9tait aussi et surtout protestant calviniste. Descendant de camisards, fa\u00e7onn\u00e9 par les causses, avec le maquis dans les veines. Chez ces gens-l\u00e0, la notion de devoir va avec celles de modestie. On fait ce qu&rsquo;on a \u00e0 faire mais on ne s&rsquo;en vante pas.<\/em><\/div>\n<div><\/div>\n<div><em>\u00a0Son fr\u00e8re, dont il \u00e9tait tr\u00e8s proche, est mort sous la torture assassin\u00e9 par la Gestapo sans avoir parl\u00e9. Encore un taiseux. Il avait pay\u00e9 son appartenance \u00e0 un r\u00e9seau FFI dans le massif des Vosges. J&rsquo;imagine qu&rsquo;aux yeux de mon grand-p\u00e8re, le v\u00e9ritable h\u00e9ros de la famille, c&rsquo;\u00e9tait son fr\u00e8re. Il s&rsquo;\u00e9tait interdit de fanfaronner, il aurait trouv\u00e9 cela inappropri\u00e9, voire ind\u00e9cent.\u00a0<\/em><\/div>\n<\/blockquote>\n<h3>Vision n\u00e9gative d&rsquo;Isra\u00ebl .<\/h3>\n<div>\n<blockquote>\n<div><em>\u00a0&#8211; Rendez-moi mon tableau&#160;! Je crie.<\/em><\/div>\n<div><em>\u00a0Des rires me r\u00e9pondent en provenance d&rsquo;un toit. Je l\u00e8ve la t\u00eate. L\u00e0-haut, sur une terrasse des jeunes dansent au rythme d&rsquo;une musique techno. Ils me saluent pouce lev\u00e9. Parmi eux, j&rsquo;aper\u00e7ois des gar\u00e7ons torse-nu et les filles en t-shirt moulant. C&rsquo;est c&rsquo;est quoi ce pays schizophr\u00e8ne&#160;? \u00c0 quelques dizaines de kilom\u00e8tres d&rsquo;ici des rigoristes en \u00ab&#160;talit&#160;\u00bb dictent depuis leur kibboutz la politique du pays \u00e0 des teufeurs imbib\u00e9s de cannabis et d&rsquo;ecstasy. \u00c0 un jet de roquette, c&rsquo;est la guerre, et ici c&rsquo;est la d\u00e9cadence. Partout dans les rues de la capitale, \u00e0 l&rsquo;entr\u00e9e des centres commerciaux, des gares et des administrations, des soldats en armes scannent les sacs de courses d&rsquo;une population qui se laisse faire sans rechigner. La terreur comme chose acquise, int\u00e9gr\u00e9e dans les habitudes. Attach\u00e9s-cases, sacs \u00e0 main et mitraillettes se c\u00f4toient et tout le monde semble trouver la chose normale, tant que cela n&#8217;emp\u00eache pas les soir\u00e9es sur les terrasses de la ville de se tenir. Un conflit permanent au milieu de la f\u00eate et vice-versa.<\/em><\/div>\n<\/blockquote>\n<h3>Portrait du grand p\u00e8re.<\/h3>\n<\/div>\n<div>\n<div>\n<blockquote>\n<div><em>Dictionnaire \u00e0 la main &#8211; \u00ab&#160;Le Petit Robert \u00ab&#160;pour l&rsquo;orthographe et celui des noms propres pour les d\u00e9tails biographiques-, mon grand-p\u00e8re v\u00e9rifiait tout. Je n&rsquo;avais droit \u00e0 une barre de chocolat noir qu&rsquo;une fois ma corv\u00e9e remplie -je pr\u00e9f\u00e9rais le blanc mais ils \u00e9taient jug\u00e9s \u00ab&#160;d\u00e9cadent&#160;\u00bb par mon grand-p\u00e8re et donc proscrit.<\/em><\/div>\n<div><em>\u00a0De toute ma jeunesse, je n&rsquo;ai surpris mon grand-p\u00e8re en train de se laisser aller \u00e0 une frivolit\u00e9 qu&rsquo;\u00e0 une occasion&#160;!\u00a0<\/em><\/div>\n<\/blockquote>\n<\/div>\n<\/div>\n<blockquote><p>&nbsp;<\/p><\/blockquote>\n","protected":false},"excerpt":{"rendered":"<p>\u00c9dition La manufacture de livres &nbsp; Ne croyez pas lire un livre de plus sur le sort des juifs pendant la deuxi\u00e8me guerre mondiale, cela constitue bien la toile de fond mais le th\u00e8me principal c&rsquo;est le parcours St\u00e9phane Milhas petit fils d&rsquo;Alphonse Jullian pour \u00e0 la fois retrouver un sens \u00e0 sa vie et <span class=\"ellipsis\">&hellip;<\/span> <span class=\"more-link-wrap\"><a href=\"https:\/\/luocine.fr\/?p=16260\" class=\"more-link\"><span>Read More &rarr;<\/span><\/a><\/span><\/p>\n","protected":false},"author":822092,"featured_media":0,"comment_status":"open","ping_status":"open","sticky":false,"template":"","format":"standard","meta":{"footnotes":""},"categories":[45,24,96,83,198,49],"tags":[],"class_list":["post-16260","post","type-post","status-publish","format-standard","hentry","category-4-coquillages","category-france","category-guerre-3945","category-nazisme","category-rapport-familaux","category-roman"],"_links":{"self":[{"href":"https:\/\/luocine.fr\/index.php?rest_route=\/wp\/v2\/posts\/16260","targetHints":{"allow":["GET"]}}],"collection":[{"href":"https:\/\/luocine.fr\/index.php?rest_route=\/wp\/v2\/posts"}],"about":[{"href":"https:\/\/luocine.fr\/index.php?rest_route=\/wp\/v2\/types\/post"}],"author":[{"embeddable":true,"href":"https:\/\/luocine.fr\/index.php?rest_route=\/wp\/v2\/users\/822092"}],"replies":[{"embeddable":true,"href":"https:\/\/luocine.fr\/index.php?rest_route=%2Fwp%2Fv2%2Fcomments&post=16260"}],"version-history":[{"count":7,"href":"https:\/\/luocine.fr\/index.php?rest_route=\/wp\/v2\/posts\/16260\/revisions"}],"predecessor-version":[{"id":16268,"href":"https:\/\/luocine.fr\/index.php?rest_route=\/wp\/v2\/posts\/16260\/revisions\/16268"}],"wp:attachment":[{"href":"https:\/\/luocine.fr\/index.php?rest_route=%2Fwp%2Fv2%2Fmedia&parent=16260"}],"wp:term":[{"taxonomy":"category","embeddable":true,"href":"https:\/\/luocine.fr\/index.php?rest_route=%2Fwp%2Fv2%2Fcategories&post=16260"},{"taxonomy":"post_tag","embeddable":true,"href":"https:\/\/luocine.fr\/index.php?rest_route=%2Fwp%2Fv2%2Ftags&post=16260"}],"curies":[{"name":"wp","href":"https:\/\/api.w.org\/{rel}","templated":true}]}}