{"id":1617,"date":"2010-10-21T14:40:35","date_gmt":"2010-10-21T13:40:35","guid":{"rendered":"http:\/\/luocine.fr\/?p=1617"},"modified":"2014-11-10T16:09:52","modified_gmt":"2014-11-10T15:09:52","slug":"orphan-peter-mullan","status":"publish","type":"post","link":"https:\/\/luocine.fr\/?p=1617","title":{"rendered":"Orphan &#8211; Peter Mullan"},"content":{"rendered":"<div>\n<p><img loading=\"lazy\" decoding=\"async\" class=\"aligncenter\" src=\"http:\/\/img.over-blog.com\/82x100\/2\/31\/23\/40\/orphan.jpg\" alt=\"orphan.jpg\" width=\"82\" height=\"100\" \/><\/p>\n<p><img loading=\"lazy\" decoding=\"async\" class=\"alignleft\" src=\"http:\/\/img.over-blog.com\/75x100\/2\/31\/23\/40\/festval.jpg\" alt=\"festval\" width=\"75\" height=\"100\" \/>Les fun\u00e9railles en Ecosse, ce n\u2019est pas triste et \u00e7a finit souvent en bagarre. Trois fr\u00e8res et une s\u0153ur handicap\u00e9e sont confront\u00e9s \u00e0 la mort de leur m\u00e8re, au lieu de s\u2019unir, ils r\u00e9agiront chacun diff\u00e9remment mais tous dans l\u2019exc\u00e8s. Peter Mullan nous a pr\u00e9sent\u00e9 son film, il nous a appris qu\u2019il \u00e9tait autobiographique, il l\u2019a \u00e9crit apr\u00e8s la mort de sa m\u00e8re. Il nous a dit \u00e9galement, qu\u2019il n\u2019avait jamais reconnu au cin\u00e9ma, la force des sentiments qui l\u2019habitaient ce jour l\u00e0. C\u2019est un premier film, et je l\u2019ai trouv\u00e9 excessif et r\u00e9p\u00e9titif , mais tr\u00e8s int\u00e9ressant et je ne me suis pas du tout ennuy\u00e9e.<\/p>\n<\/div>\n<div id=\"article7\"><\/div>\n","protected":false},"excerpt":{"rendered":"<p>Les fun\u00e9railles en Ecosse, ce n\u2019est pas triste et \u00e7a finit souvent en bagarre. Trois fr\u00e8res et une s\u0153ur handicap\u00e9e sont confront\u00e9s \u00e0 la mort de leur m\u00e8re, au lieu de s\u2019unir, ils r\u00e9agiront chacun diff\u00e9remment mais tous dans l\u2019exc\u00e8s. Peter Mullan nous a pr\u00e9sent\u00e9 son film, il nous a appris qu\u2019il \u00e9tait autobiographique, il <span class=\"ellipsis\">&hellip;<\/span> <span class=\"more-link-wrap\"><a href=\"https:\/\/luocine.fr\/?p=1617\" class=\"more-link\"><span>Read More &rarr;<\/span><\/a><\/span><\/p>\n","protected":false},"author":822092,"featured_media":0,"comment_status":"open","ping_status":"open","sticky":false,"template":"","format":"standard","meta":{"footnotes":""},"categories":[33],"tags":[],"class_list":["post-1617","post","type-post","status-publish","format-standard","hentry","category-festival"],"_links":{"self":[{"href":"https:\/\/luocine.fr\/index.php?rest_route=\/wp\/v2\/posts\/1617","targetHints":{"allow":["GET"]}}],"collection":[{"href":"https:\/\/luocine.fr\/index.php?rest_route=\/wp\/v2\/posts"}],"about":[{"href":"https:\/\/luocine.fr\/index.php?rest_route=\/wp\/v2\/types\/post"}],"author":[{"embeddable":true,"href":"https:\/\/luocine.fr\/index.php?rest_route=\/wp\/v2\/users\/822092"}],"replies":[{"embeddable":true,"href":"https:\/\/luocine.fr\/index.php?rest_route=%2Fwp%2Fv2%2Fcomments&post=1617"}],"version-history":[{"count":0,"href":"https:\/\/luocine.fr\/index.php?rest_route=\/wp\/v2\/posts\/1617\/revisions"}],"wp:attachment":[{"href":"https:\/\/luocine.fr\/index.php?rest_route=%2Fwp%2Fv2%2Fmedia&parent=1617"}],"wp:term":[{"taxonomy":"category","embeddable":true,"href":"https:\/\/luocine.fr\/index.php?rest_route=%2Fwp%2Fv2%2Fcategories&post=1617"},{"taxonomy":"post_tag","embeddable":true,"href":"https:\/\/luocine.fr\/index.php?rest_route=%2Fwp%2Fv2%2Ftags&post=1617"}],"curies":[{"name":"wp","href":"https:\/\/api.w.org\/{rel}","templated":true}]}}