{"id":16003,"date":"2023-04-06T06:59:29","date_gmt":"2023-04-06T04:59:29","guid":{"rendered":"https:\/\/luocine.fr\/?p=16003"},"modified":"2023-04-07T13:29:21","modified_gmt":"2023-04-07T11:29:21","slug":"mariages-de-saison-jean-philippe-blondel","status":"publish","type":"post","link":"https:\/\/luocine.fr\/?p=16003","title":{"rendered":"Mariages de saison   &#8211;  Jean-Philippe BLONDEL"},"content":{"rendered":"<p><a href=\"http:\/\/luocine.fr\/wp-content\/uploads\/2023\/04\/471155D9-3D2C-4641-8DFB-6919C5907548-scaled.jpeg\"><img loading=\"lazy\" decoding=\"async\" class=\"alignnone size-full wp-image-16008\" src=\"http:\/\/luocine.fr\/wp-content\/uploads\/2023\/04\/471155D9-3D2C-4641-8DFB-6919C5907548-scaled.jpeg\" alt=\"\" width=\"2560\" height=\"1920\" srcset=\"https:\/\/luocine.fr\/wp-content\/uploads\/2023\/04\/471155D9-3D2C-4641-8DFB-6919C5907548-scaled.jpeg 2560w, https:\/\/luocine.fr\/wp-content\/uploads\/2023\/04\/471155D9-3D2C-4641-8DFB-6919C5907548-300x225.jpeg 300w, https:\/\/luocine.fr\/wp-content\/uploads\/2023\/04\/471155D9-3D2C-4641-8DFB-6919C5907548-1024x768.jpeg 1024w, https:\/\/luocine.fr\/wp-content\/uploads\/2023\/04\/471155D9-3D2C-4641-8DFB-6919C5907548-768x576.jpeg 768w, https:\/\/luocine.fr\/wp-content\/uploads\/2023\/04\/471155D9-3D2C-4641-8DFB-6919C5907548-1536x1152.jpeg 1536w, https:\/\/luocine.fr\/wp-content\/uploads\/2023\/04\/471155D9-3D2C-4641-8DFB-6919C5907548-2048x1536.jpeg 2048w\" sizes=\"auto, (max-width: 2560px) 100vw, 2560px\" \/><\/a><\/p>\n<p>\u00c9dition Buchet-Castel<\/p>\n<p>La liste de livres de cet auteur sur Luocine<\/p>\n<p><a href=\"http:\/\/luocine.fr\/?p=1935\">Au rebond, <\/a><a href=\"http:\/\/luocine.fr\/?p=1935\">G229, <\/a><a href=\"http:\/\/luocine.fr\/?p=8100\">Juke box, <\/a><a href=\"http:\/\/luocine.fr\/?p=9277\">Un minuscule inventaire,<\/a>\u00a0<a href=\"http:\/\/luocine.fr\/?p=10081\">Rester vivant<\/a> , <a href=\"http:\/\/luocine.fr\/?p=11246\">La Grande Escapade\u00a0<\/a><\/p>\n<p><a href=\"https:\/\/luocine.fr\/wp-content\/uploads\/2014\/10\/4.jpg\"><img loading=\"lazy\" decoding=\"async\" class=\"size-full wp-image-725 alignleft\" src=\"https:\/\/luocine.fr\/wp-content\/uploads\/2014\/10\/4.jpg\" alt=\"\" width=\"200\" height=\"58\" \/><\/a>Allez, un petit coup de baisse de moral, un petit roman de Jean-Philippe Blondel. C&rsquo;est incroyable comme cet auteur me fait du bien, il raconte si bien la ..d\u00e9pression&#160;! Oui, vous avez bien lu, cet auteur est mon d\u00e9pressif pr\u00e9f\u00e9r\u00e9, (comme Bacri \u00e9tait mon acteur d\u00e9pressif pr\u00e9f\u00e9r\u00e9). Son roman d\u00e9crit tr\u00e8s bien les gens que je connais, il n\u2019est jamais m\u00e9chant mais est un fin observateur des comportements de ceux qui nous entourent. Corentin est donc d\u00e9pressif et aussi cin\u00e9aste pour les mariages. Quoi de mieux qu&rsquo;une c\u00e9r\u00e9monie de mariage pour saisir l&rsquo;essence m\u00eame des relations intra humaines. Il a un autre projet, en dehors des mariages demander aux gens qui sont proches de lui de dire face \u00e0 la cam\u00e9ra ce qu&rsquo;ils pensent de lui. Cela nous permet de mieux cerner Corentin. Sinon pour les mariages, on a le droit \u00e0 tout, la m\u00e8re envahissante qui r\u00e9gente tout le monde et surtout son fils , mais elle tombera sur une r\u00e9sistance du c\u00f4t\u00e9 d&rsquo;un cur\u00e9 qui veut faire de la messe de mariage un moment religieux et pas un spectacle, les allusions grivoises , le mariage homosexuel qui aurait pu mal tourner sans la pr\u00e9sence d&rsquo;esprits de Corentin, l&rsquo;attaque raciste contre une femme qui avait \u00e9pous\u00e9 en premi\u00e8re noce un S\u00e9n\u00e9galais.<\/p>\n<p>Ils sont \u00e0 deux Yvan le parrain et ami des parents de Corentin . Yvan se charge des photos et son filleul des films, mais leur petite affaire ne fonctionne que&#160;\u00bb la saison des mariages&#160;\u00bb donc de mai \u00e0 septembre. Il faudrait donc que Corentin arrive \u00e0 trouver autre chose \u00e0 faire.<\/p>\n<p>Un bon moment pass\u00e9 au milieu de mes contemporains.<\/p>\n<p>&nbsp;<\/p>\n<h3>Citations<\/h3>\n<h3>J&rsquo;aime la fa\u00e7on de raconter de cet auteur .<\/h3>\n<blockquote>\n<div><em>Yvan n&rsquo;a de cesse de pester contre les ann\u00e9es 1980, les tenue bleu \u00e9lectrique, les poses \u00e9tudi\u00e9es des jeunes gens post-modernes, et cette musique mon Dieu, cette musique qui vous donne envie de vous rendre chez le premier disquaires venu avec une batte de baseball pour tout d\u00e9truire. \u00ab&#160;Quand on pense, poursuit souvent Yvan, qu&rsquo; aujourd&rsquo;hui ils nous ressortent toutes ces niaiseries vintage et d\u00e9licieusement sucr\u00e9es, qu&rsquo;ils r\u00eavent tous d&rsquo;avoir eu vingt ans \u00e0 cette p\u00e9riode-l\u00e0, parce que c&rsquo;\u00e9tait l&rsquo;\u00e2ge d&rsquo;or, je vais te les renvoyer tous illico presto au temps de Reagan et Thatcher, de l&rsquo;apparition du SIDA, de Tchernobyl est des premiers traders tu verras qu&rsquo;ils feront moins les fiers. Les ann\u00e9es 1980, c&rsquo;\u00e9tait la m\u00eame merde que maintenant point \u00e0 la ligne.<\/em><\/div>\n<\/blockquote>\n<h3>Portrait du maire.<\/h3>\n<blockquote>\n<div><em>\u00a0Il r\u00e9citait des po\u00e8mes des &#160;\u00bb Fleurs du mal&#160;\u00bb qui faisaient partie de sa liste impos\u00e9e, elle le trouvait terriblement romantique. Beaucoup moins, quand, le lendemain des \u00e9preuves \u00e9crites elle l&rsquo;a vu embrasser \u00e0 pleine bouche une fille de terminale. Le maire \u00e9tait s\u00e9duisant et beau parleur. Il n&rsquo;est plus que parleur. Et encore, avec difficult\u00e9. Il bafouille -le mariage n&rsquo;est pas sa sp\u00e9cialit\u00e9. Il y en a de moins en moins dans cette commune rurale. Quant \u00e0 lui il a divorc\u00e9 trois fois.<\/em><\/div>\n<\/blockquote>\n<h3>Paris.<\/h3>\n<blockquote>\n<div>\u00a0<em>Paris a absorb\u00e9 Corentin. Il ne s&rsquo;y sent jamais seul -m\u00eame s&rsquo;il est conscient que l&rsquo;agitation de la capitale est un alcool lourd qui se dig\u00e8re mal<\/em><\/div>\n<\/blockquote>\n<p>&nbsp;<\/p>\n","protected":false},"excerpt":{"rendered":"<p>\u00c9dition Buchet-Castel La liste de livres de cet auteur sur Luocine Au rebond, G229, Juke box, Un minuscule inventaire,\u00a0Rester vivant , La Grande Escapade\u00a0 Allez, un petit coup de baisse de moral, un petit roman de Jean-Philippe Blondel. C&rsquo;est incroyable comme cet auteur me fait du bien, il raconte si bien la ..d\u00e9pression&#160;! Oui, vous <span class=\"ellipsis\">&hellip;<\/span> <span class=\"more-link-wrap\"><a href=\"https:\/\/luocine.fr\/?p=16003\" class=\"more-link\"><span>Read More &rarr;<\/span><\/a><\/span><\/p>\n","protected":false},"author":822092,"featured_media":0,"comment_status":"open","ping_status":"open","sticky":false,"template":"","format":"standard","meta":{"footnotes":""},"categories":[45,133,331,24,4,49],"tags":[],"class_list":["post-16003","post","type-post","status-publish","format-standard","hentry","category-4-coquillages","category-amour-et-couple","category-famille","category-france","category-mes-preferences","category-roman"],"_links":{"self":[{"href":"https:\/\/luocine.fr\/index.php?rest_route=\/wp\/v2\/posts\/16003","targetHints":{"allow":["GET"]}}],"collection":[{"href":"https:\/\/luocine.fr\/index.php?rest_route=\/wp\/v2\/posts"}],"about":[{"href":"https:\/\/luocine.fr\/index.php?rest_route=\/wp\/v2\/types\/post"}],"author":[{"embeddable":true,"href":"https:\/\/luocine.fr\/index.php?rest_route=\/wp\/v2\/users\/822092"}],"replies":[{"embeddable":true,"href":"https:\/\/luocine.fr\/index.php?rest_route=%2Fwp%2Fv2%2Fcomments&post=16003"}],"version-history":[{"count":11,"href":"https:\/\/luocine.fr\/index.php?rest_route=\/wp\/v2\/posts\/16003\/revisions"}],"predecessor-version":[{"id":16700,"href":"https:\/\/luocine.fr\/index.php?rest_route=\/wp\/v2\/posts\/16003\/revisions\/16700"}],"wp:attachment":[{"href":"https:\/\/luocine.fr\/index.php?rest_route=%2Fwp%2Fv2%2Fmedia&parent=16003"}],"wp:term":[{"taxonomy":"category","embeddable":true,"href":"https:\/\/luocine.fr\/index.php?rest_route=%2Fwp%2Fv2%2Fcategories&post=16003"},{"taxonomy":"post_tag","embeddable":true,"href":"https:\/\/luocine.fr\/index.php?rest_route=%2Fwp%2Fv2%2Ftags&post=16003"}],"curies":[{"name":"wp","href":"https:\/\/api.w.org\/{rel}","templated":true}]}}