{"id":15757,"date":"2023-01-26T06:42:16","date_gmt":"2023-01-26T05:42:16","guid":{"rendered":"https:\/\/luocine.fr\/?p=15757"},"modified":"2022-11-24T16:03:12","modified_gmt":"2022-11-24T15:03:12","slug":"la-passagere-amelie-fonlupt","status":"publish","type":"post","link":"https:\/\/luocine.fr\/?p=15757","title":{"rendered":"La passag\u00e8re &#8211; Am\u00e9lie FONLUPT"},"content":{"rendered":"<div><a href=\"https:\/\/luocine.fr\/wp-content\/uploads\/2023\/01\/8FD85590-CECD-452F-AC5C-5B0B4903609C-scaled.jpeg\"><img loading=\"lazy\" decoding=\"async\" class=\"alignnone size-full wp-image-15764\" src=\"https:\/\/luocine.fr\/wp-content\/uploads\/2023\/01\/8FD85590-CECD-452F-AC5C-5B0B4903609C-scaled.jpeg\" alt=\"\" width=\"2560\" height=\"1920\" srcset=\"https:\/\/luocine.fr\/wp-content\/uploads\/2023\/01\/8FD85590-CECD-452F-AC5C-5B0B4903609C-scaled.jpeg 2560w, https:\/\/luocine.fr\/wp-content\/uploads\/2023\/01\/8FD85590-CECD-452F-AC5C-5B0B4903609C-300x225.jpeg 300w, https:\/\/luocine.fr\/wp-content\/uploads\/2023\/01\/8FD85590-CECD-452F-AC5C-5B0B4903609C-1024x768.jpeg 1024w, https:\/\/luocine.fr\/wp-content\/uploads\/2023\/01\/8FD85590-CECD-452F-AC5C-5B0B4903609C-768x576.jpeg 768w, https:\/\/luocine.fr\/wp-content\/uploads\/2023\/01\/8FD85590-CECD-452F-AC5C-5B0B4903609C-1536x1152.jpeg 1536w, https:\/\/luocine.fr\/wp-content\/uploads\/2023\/01\/8FD85590-CECD-452F-AC5C-5B0B4903609C-2048x1536.jpeg 2048w\" sizes=\"auto, (max-width: 2560px) 100vw, 2560px\" \/><\/a><\/div>\n<div><em><br \/>\n\u00c9dition Payot<\/em><\/div>\n<div><em>Lu dans le cadre du club de lecture de<a href=\"https:\/\/mediatheques.cote-emeraude.fr\/l-ourse\">\u00a0la m\u00e9diath\u00e8que de Dinard\u00a0<\/a><\/em><\/div>\n<div><\/div>\n<div><a href=\"https:\/\/luocine.fr\/wp-content\/uploads\/2014\/10\/3.jpg\"><img loading=\"lazy\" decoding=\"async\" class=\"size-full wp-image-724 alignleft\" src=\"https:\/\/luocine.fr\/wp-content\/uploads\/2014\/10\/3.jpg\" alt=\"\" width=\"200\" height=\"58\" \/><\/a>Un premier roman, que j\u2019ai lu aussi vite que je l\u2019oublierai. Am\u00e9lie Fonlupt (un nom qui me rappelle de bons souvenirs&#160;: celui du p\u00e9diatre qui a suivi mes enfants \u00e0 Rennes, mais cela n&rsquo;a rien \u00e0 voir&#160;!) fait revivre trois g\u00e9n\u00e9rations de femmes du Cap Vert. La grand-m\u00e8re, venue en France car elle ne supportait plus la mis\u00e8re de son pays, la m\u00e8re Reine, install\u00e9e en France et qui serait tr\u00e8s heureuse si son mari arr\u00eatait de jouer de poker, et L\u00e9na le personnage principal qui va s&rsquo;\u00e9vader de son milieu gr\u00e2ce au piano.<\/div>\n<div>L&rsquo;\u00e9criture est tr\u00e8s rapide et cela donne l&rsquo;impression d&rsquo;un survol plus que d&rsquo;un ancrage dans le monde des \u00e9migr\u00e9s capverdiens. Le Cap Vert est un pays soumis \u00e0 des intemp\u00e9ries qui ravagent les sols et r\u00e9duisent \u00e0 la mis\u00e8re une population paysanne qui pouvait juste survivre. Ce sont les femmes dans ce pays comme dans beaucoup d&rsquo;autres qui se confrontent aux difficult\u00e9s pour leurs enfants, les hommes s\u2019exilent. Arriv\u00e9e en France, la grand-m\u00e8re n&rsquo;h\u00e9site pas \u00e0 faire des m\u00e9nages pour \u00e9lever sa fille Reine, qui a son tour fera des m\u00e9nages, sa sant\u00e9 l\u2019ayant emp\u00each\u00e9e de poursuivre ses \u00e9tudes.<\/div>\n<div>On sent bien tout le courage de ces femmes et aussi la fatalit\u00e9 des destins auxquels L\u00e9na veut \u00e9chapper.<\/div>\n<div>La galerie de portraits dans ce roman ne m&rsquo;ont, h\u00e9las, pas convaincue, ils sont pourtant sympathiques mais je les ai trouv\u00e9s sans consistance&#160;: Max son petit fr\u00e8re qui est harcel\u00e9 dans son coll\u00e8ge, l&rsquo;Alg\u00e9rienne concierge au verbe haut qui fait des g\u00e2teux \u00e0 longueur de journ\u00e9e, le professeur de musique du coll\u00e8ge qui initiera L\u00e9na au piano, les riches patrons de Reine.<br \/>\nC&rsquo;est compliqu\u00e9 d&rsquo;expliquer quand un roman, avec des aspects qui auraient pu me plaire, ne prend pas, je pense que tout vient du style de l&rsquo;\u00e9crivaine&#160;: trop rapide et trop facile sans doute.<br \/>\nJe dois lui reconna\u00eetre une qualit\u00e9 \u00e0 ce roman &#8230; depuis cette lecture je \u00ab&#160;r\u00e9&#160;\u00bb \u00e9coute C\u00e9saria \u00c9voria<\/div>\n<div><\/div>\n<h1>Citations<\/h1>\n<div><\/div>\n<h3>Un d\u00e9but qui m&rsquo;a plu<\/h3>\n<blockquote>\n<div><em>Le 27 ao\u00fbt 1941, donc, Mam\u00e9 naissait \u00e0 S\u00e3o Miguel, dans le nord de l&rsquo;\u00eele de Santiago, tandis que Cesaria \u00c9voria venait au monde \u00e0 Mindelo sur l&rsquo;\u00eele de S\u00e3o Vicente. Un hasard amusant qui fut cependant sans incidence puisque, de comment elles n&rsquo;eurent pas grand chose si ce n&rsquo;est cette date, ce pays et une volont\u00e9 farouche de sortir du commun. Toujours est-il que des deux vous n&rsquo;avez entendu parler que de la seconde(&#8230;) Vous ignorez peut-\u00eatre qu&rsquo;\u00e0 sa mort trois jours de deuil furent d\u00e9cr\u00e9t\u00e9s au Cap Vert, et un a\u00e9roport fut rebaptis\u00e9e \u00e0 son nom. C&rsquo;est bien vous avez \u00e9cout\u00e9 la chanteuse gr\u00e2ce \u00e0 qui un pays s&rsquo;est fait entendre, mais d\u00e8s lors que vous n&rsquo;avez pas connu ma grand-m\u00e8re, ce n&rsquo;est pas tout.<\/em><\/div>\n<\/blockquote>\n<div>\n<h3>Une lign\u00e9e de femmes.<\/h3>\n<\/div>\n<div>\n<blockquote>\n<div>\u00a0<em>Alors si ma m\u00e8re avait su que dans ma chambre j&rsquo;\u00e9coutais du piano, si elle avait su qu&rsquo;apr\u00e8s l&rsquo;\u00e9cole je faisais semblant de rester plus longtemps \u00e0 l&rsquo;\u00e9tude pour pouvoir m&rsquo;attarder dans la salle de musique, l\u00e0, elle aurait paniqu\u00e9 \u00e0 raison. Mais je ne pouvais pas le lui dire. Je venais d&rsquo;une lign\u00e9e de femmes auxquelles on avait dit que le r\u00eave \u00e9tait un luxe \u00e0 la port\u00e9e des gens qui en ont les moyens. Je n&rsquo;avais pas le droit. Vouloir \u00eatre artiste \u00e9tait insens\u00e9, cela n&rsquo;\u00e9tait pas pour nous. nous qui ne poss\u00e9dions pas grand chose. Il fallait trouver un vrai travail, avec un salaire \u00e0 la fin du mois.<\/em><\/div>\n<\/blockquote>\n<\/div>\n<blockquote>\n<div><\/div>\n<div><\/div>\n<\/blockquote>\n","protected":false},"excerpt":{"rendered":"<p>\u00c9dition Payot Lu dans le cadre du club de lecture de\u00a0la m\u00e9diath\u00e8que de Dinard\u00a0 Un premier roman, que j\u2019ai lu aussi vite que je l\u2019oublierai. Am\u00e9lie Fonlupt (un nom qui me rappelle de bons souvenirs&#160;: celui du p\u00e9diatre qui a suivi mes enfants \u00e0 Rennes, mais cela n&rsquo;a rien \u00e0 voir&#160;!) fait revivre trois g\u00e9n\u00e9rations <span class=\"ellipsis\">&hellip;<\/span> <span class=\"more-link-wrap\"><a href=\"https:\/\/luocine.fr\/?p=15757\" class=\"more-link\"><span>Read More &rarr;<\/span><\/a><\/span><\/p>\n","protected":false},"author":822092,"featured_media":0,"comment_status":"open","ping_status":"open","sticky":false,"template":"","format":"standard","meta":{"footnotes":""},"categories":[44,290,191,277,95,24,158,49],"tags":[],"class_list":["post-15757","post","type-post","status-publish","format-standard","hentry","category-3-coquillages","category-amour-filial","category-civilisation-traditionnelle","category-club-de-lecture-dinard","category-exil","category-france","category-immigration","category-roman"],"_links":{"self":[{"href":"https:\/\/luocine.fr\/index.php?rest_route=\/wp\/v2\/posts\/15757","targetHints":{"allow":["GET"]}}],"collection":[{"href":"https:\/\/luocine.fr\/index.php?rest_route=\/wp\/v2\/posts"}],"about":[{"href":"https:\/\/luocine.fr\/index.php?rest_route=\/wp\/v2\/types\/post"}],"author":[{"embeddable":true,"href":"https:\/\/luocine.fr\/index.php?rest_route=\/wp\/v2\/users\/822092"}],"replies":[{"embeddable":true,"href":"https:\/\/luocine.fr\/index.php?rest_route=%2Fwp%2Fv2%2Fcomments&post=15757"}],"version-history":[{"count":6,"href":"https:\/\/luocine.fr\/index.php?rest_route=\/wp\/v2\/posts\/15757\/revisions"}],"predecessor-version":[{"id":15765,"href":"https:\/\/luocine.fr\/index.php?rest_route=\/wp\/v2\/posts\/15757\/revisions\/15765"}],"wp:attachment":[{"href":"https:\/\/luocine.fr\/index.php?rest_route=%2Fwp%2Fv2%2Fmedia&parent=15757"}],"wp:term":[{"taxonomy":"category","embeddable":true,"href":"https:\/\/luocine.fr\/index.php?rest_route=%2Fwp%2Fv2%2Fcategories&post=15757"},{"taxonomy":"post_tag","embeddable":true,"href":"https:\/\/luocine.fr\/index.php?rest_route=%2Fwp%2Fv2%2Ftags&post=15757"}],"curies":[{"name":"wp","href":"https:\/\/api.w.org\/{rel}","templated":true}]}}