{"id":15561,"date":"2022-12-01T06:03:10","date_gmt":"2022-12-01T05:03:10","guid":{"rendered":"https:\/\/luocine.fr\/?p=15561"},"modified":"2022-11-27T11:16:31","modified_gmt":"2022-11-27T10:16:31","slug":"marx-et-la-poupee-maryam-madjidi","status":"publish","type":"post","link":"https:\/\/luocine.fr\/?p=15561","title":{"rendered":"Marx et la Poup\u00e9e       &#8211; Maryam MADJIDI"},"content":{"rendered":"<p><em><a href=\"https:\/\/luocine.fr\/wp-content\/uploads\/2022\/12\/673CBC5D-26F7-41B1-8EB9-E7501DCB52D3-scaled.jpeg\"><img loading=\"lazy\" decoding=\"async\" class=\"alignnone size-full wp-image-15568\" src=\"https:\/\/luocine.fr\/wp-content\/uploads\/2022\/12\/673CBC5D-26F7-41B1-8EB9-E7501DCB52D3-scaled.jpeg\" alt=\"\" width=\"2560\" height=\"1920\" srcset=\"https:\/\/luocine.fr\/wp-content\/uploads\/2022\/12\/673CBC5D-26F7-41B1-8EB9-E7501DCB52D3-scaled.jpeg 2560w, https:\/\/luocine.fr\/wp-content\/uploads\/2022\/12\/673CBC5D-26F7-41B1-8EB9-E7501DCB52D3-300x225.jpeg 300w, https:\/\/luocine.fr\/wp-content\/uploads\/2022\/12\/673CBC5D-26F7-41B1-8EB9-E7501DCB52D3-1024x768.jpeg 1024w, https:\/\/luocine.fr\/wp-content\/uploads\/2022\/12\/673CBC5D-26F7-41B1-8EB9-E7501DCB52D3-768x576.jpeg 768w, https:\/\/luocine.fr\/wp-content\/uploads\/2022\/12\/673CBC5D-26F7-41B1-8EB9-E7501DCB52D3-1536x1152.jpeg 1536w, https:\/\/luocine.fr\/wp-content\/uploads\/2022\/12\/673CBC5D-26F7-41B1-8EB9-E7501DCB52D3-2048x1536.jpeg 2048w\" sizes=\"auto, (max-width: 2560px) 100vw, 2560px\" \/><\/a><br \/>\n\u00c9dition j&rsquo;ai lu<\/em><\/p>\n<p><a href=\"https:\/\/luocine.fr\/wp-content\/uploads\/2014\/10\/4.jpg\"><img loading=\"lazy\" decoding=\"async\" class=\"size-full wp-image-725 alignleft\" src=\"https:\/\/luocine.fr\/wp-content\/uploads\/2014\/10\/4.jpg\" alt=\"\" width=\"200\" height=\"58\" \/><\/a>Merci <a href=\"https:\/\/tetedelecture.com\/2022\/10\/20\/marx-et-la-poupee-de-maryam-madjidi\/\">Sandrin<\/a>e tu avais raison ce livre m&rsquo;a beaucoup plu.<\/p>\n<p>Ce r\u00e9cit autobiographique est tr\u00e8s int\u00e9ressant et souvent tr\u00e8s \u00e9mouvant. Cette petite fille est arriv\u00e9e en France \u00e0 l&rsquo;\u00e2ge de cinq ans, ses parents communistes ont fui la r\u00e9pression des ayatollahs iraniens. En Iran, elle \u00e9tait une petite fille choy\u00e9e par sa grand-m\u00e8re et adorait ce pays aux multiples saveurs. Ses parents menaient une lutte dangereuse et l&rsquo;utilisaient pour faire passer des tracts qui \u00e9taient synonymes de morts pour ceux qui les transportaient. Vous comprenez la moiti\u00e9 du titre, et la poup\u00e9e&#160;? Toujours ses parents&#160;: ils l&rsquo;ont oblig\u00e9e \u00e0 donner tous ses jouets aux enfants pauvres du quartier en esp\u00e9rant, ainsi, en faire une parfaite communiste se d\u00e9tachant de la propri\u00e9t\u00e9, ils n&rsquo;ont r\u00e9ussi qu&rsquo;\u00e0 la rendre tr\u00e8s malheureuse. En France, comme tous les exil\u00e9s ses parents ne seront pas vraiment heureux et la petite non plus.<\/p>\n<p>Il faut du temps pour s&rsquo;adapter et ce que raconte tr\u00e8s bien ce texte c&rsquo;est la difficult\u00e9 de vivre en abandonnant une culture sans jamais compl\u00e8tement adopter une autre. La narratrice souffre d&rsquo;avoir perdu son Iran natal et elle souffre aussi de voir ce qu&rsquo;on pays devient sous le joug des mollahs . Je me demande si elle reprend espoir avec les \u00e9v\u00e8nements actuels ou si, pour elle, c&rsquo;est une nouvelle cause de souffrance de voir tant de jeunes filles se faire tuer au nom de la biens\u00e9ance islamique.<\/p>\n<p>L&rsquo;auteure raconte tr\u00e8s bien tous les stades psychologiques par lesquels elle est pass\u00e9e&#160;: la honte de ses parents qui ne parlent pas assez bien le fran\u00e7ais, la s\u00e9duction qu&rsquo;elle exerce sur un auditoire quand elle raconte la r\u00e9pression en Iran, son envie de retrouver son pays et d&rsquo;y rester malgr\u00e9 le danger, les souvenirs horribles qui la hante \u00e0 tout jamais &#8230;<\/p>\n<p>Je ne sais pas o\u00f9 cette \u00e9crivaine vit aujourd&rsquo;hui, car on sent qu&rsquo;elle a souvent besoin de vivre ailleurs (P\u00e9kin, Istanbul) mais je suis certaine que si le r\u00e9gime tyrannique de l&rsquo;Iran s&rsquo;assouplissait un peu, elle retrouverait avec plaisir ce peuple et surtout ce pays qui l&rsquo;a toujours habit\u00e9e.<\/p>\n<p>&nbsp;<\/p>\n<h1>Citations<\/h1>\n<h3>Les morts opposants politiques de T\u00e9h\u00e9ran .<\/h3>\n<blockquote>\n<div><em>Il existe un cimeti\u00e8re situ\u00e9 \u00e0 l&rsquo;est de T\u00e9h\u00e9ran, le cimeti\u00e8re de Kh\u00e2var\u00e2n connu aussi sous le nom de \u00ab&#160;Lahnat\u00e2b\u00e2d&#160;\u00bb, \u00e7a veut dire le cimeti\u00e8re des maudits. Lorsqu&rsquo;un prisonnier politique \u00e9tait ex\u00e9cut\u00e9, ont jetait l\u00e0 son corps dans une fosse commune. Aucune inscription, aucune st\u00e8le, pas m\u00eame une pierre. Terre vaste, aride et noire. Parfois de fortes pluies s&rsquo;abattaient sur la ville et les corps mal enterr\u00e9s r\u00e9apparaissaient \u00e0 la surface car le terrain \u00e9tait en pente. Alors les opposants allaient r\u00e9-enterrer leurs morts au nom de la dignit\u00e9. Mon p\u00e8re y allait avec ses camarades. Ils vomissaient, ils en \u00e9taient malades pendant des semaines, ils \u00e9taient hant\u00e9s par les images des d\u00e9terr\u00e9s mais peu importe, il fallait le faire. on ne pouvait pas laisser un corps sans s\u00e9pulture. On ne pouvait pas laisser les camarades pourrir ainsi.<\/em><\/div>\n<div><em>\u00a0Terre maudite ou Terre sainte&#160;?<\/em><\/div>\n<\/blockquote>\n<h3><\/h3>\n<div>Que de douleurs dans ce passage&#160;!<\/div>\n<div><\/div>\n<div>\n<div>\n<blockquote>\n<div><em>\u00a0\u00ab&#160;C&rsquo;est extraordinaire d&rsquo;\u00eatre persane&#160;!&#160;\u00bb<\/em><\/div>\n<div><em>\u00a0Oui c&rsquo;est extraordinaire, vous avez raison. la r\u00e9volution, deux oncles en prison, les prospectus dans mes couches, le d\u00e9part in extremis, l&rsquo;exil, l&rsquo;opium de mon p\u00e8re. J&rsquo;en suis consciente et j&rsquo;en ai souvent jou\u00e9 de ce romanesque. Dans les soir\u00e9es parisiennes intello-bourgeoises ou lors de la premi\u00e8re rencontre avec un homme histoire de le charmer, mais aussi face aux voyageurs qui ont travers\u00e9 l&rsquo;Iran sur la route de la soie, face aux expatri\u00e9s qui ont travaill\u00e9 l\u00e0-bas. D&rsquo;habitude les gens ou entendu parler de l&rsquo;Iran \u00e0 travers les m\u00e9dias, les livres, les films. Tout \u00e7a est un peu lointain, irr\u00e9el, mais l\u00e0, ils ont face d&rsquo;eux quelque chose de bien vivant. Alors je me faisais conteuse devant un public avide d&rsquo;histoires exotiques et j&rsquo;ai rajout\u00e9 des d\u00e9tails et je modulais ma voix et je voyais les petits yeux devenir attentifs, le silence r\u00e9gnait certains, les plus sensibles ont m\u00eame pleur\u00e9. Je triomphais.\u00a0<\/em><\/div>\n<\/blockquote>\n<\/div>\n<\/div>\n","protected":false},"excerpt":{"rendered":"<p>\u00c9dition j&rsquo;ai lu Merci Sandrine tu avais raison ce livre m&rsquo;a beaucoup plu. Ce r\u00e9cit autobiographique est tr\u00e8s int\u00e9ressant et souvent tr\u00e8s \u00e9mouvant. Cette petite fille est arriv\u00e9e en France \u00e0 l&rsquo;\u00e2ge de cinq ans, ses parents communistes ont fui la r\u00e9pression des ayatollahs iraniens. En Iran, elle \u00e9tait une petite fille choy\u00e9e par sa <span class=\"ellipsis\">&hellip;<\/span> <span class=\"more-link-wrap\"><a href=\"https:\/\/luocine.fr\/?p=15561\" class=\"more-link\"><span>Read More &rarr;<\/span><\/a><\/span><\/p>\n","protected":false},"author":822092,"featured_media":0,"comment_status":"open","ping_status":"open","sticky":false,"template":"","format":"standard","meta":{"footnotes":""},"categories":[45,7,232,95,24,135,286,160,214],"tags":[],"class_list":["post-15561","post","type-post","status-publish","format-standard","hentry","category-4-coquillages","category-autobiographie","category-enfance","category-exil","category-france","category-intolerance-religieuse","category-iran","category-la-langueles-langues","category-repression-politique"],"_links":{"self":[{"href":"https:\/\/luocine.fr\/index.php?rest_route=\/wp\/v2\/posts\/15561","targetHints":{"allow":["GET"]}}],"collection":[{"href":"https:\/\/luocine.fr\/index.php?rest_route=\/wp\/v2\/posts"}],"about":[{"href":"https:\/\/luocine.fr\/index.php?rest_route=\/wp\/v2\/types\/post"}],"author":[{"embeddable":true,"href":"https:\/\/luocine.fr\/index.php?rest_route=\/wp\/v2\/users\/822092"}],"replies":[{"embeddable":true,"href":"https:\/\/luocine.fr\/index.php?rest_route=%2Fwp%2Fv2%2Fcomments&post=15561"}],"version-history":[{"count":11,"href":"https:\/\/luocine.fr\/index.php?rest_route=\/wp\/v2\/posts\/15561\/revisions"}],"predecessor-version":[{"id":15812,"href":"https:\/\/luocine.fr\/index.php?rest_route=\/wp\/v2\/posts\/15561\/revisions\/15812"}],"wp:attachment":[{"href":"https:\/\/luocine.fr\/index.php?rest_route=%2Fwp%2Fv2%2Fmedia&parent=15561"}],"wp:term":[{"taxonomy":"category","embeddable":true,"href":"https:\/\/luocine.fr\/index.php?rest_route=%2Fwp%2Fv2%2Fcategories&post=15561"},{"taxonomy":"post_tag","embeddable":true,"href":"https:\/\/luocine.fr\/index.php?rest_route=%2Fwp%2Fv2%2Ftags&post=15561"}],"curies":[{"name":"wp","href":"https:\/\/api.w.org\/{rel}","templated":true}]}}