{"id":14792,"date":"2022-03-24T08:44:10","date_gmt":"2022-03-24T07:44:10","guid":{"rendered":"https:\/\/luocine.fr\/?p=14792"},"modified":"2022-03-24T20:16:26","modified_gmt":"2022-03-24T19:16:26","slug":"une-famille-moderne-helga-fatland","status":"publish","type":"post","link":"https:\/\/luocine.fr\/?p=14792","title":{"rendered":"Une famille moderne    &#8211; Helga FLATLAND"},"content":{"rendered":"<p>&nbsp;<\/p>\n<p><a href=\"https:\/\/luocine.fr\/wp-content\/uploads\/2022\/03\/49885C6F-76AA-4F92-90D9-3407F1928093-scaled.jpeg\"><img loading=\"lazy\" decoding=\"async\" class=\"alignnone size-full wp-image-14797\" src=\"https:\/\/luocine.fr\/wp-content\/uploads\/2022\/03\/49885C6F-76AA-4F92-90D9-3407F1928093-scaled.jpeg\" alt=\"\" width=\"2560\" height=\"1920\" srcset=\"https:\/\/luocine.fr\/wp-content\/uploads\/2022\/03\/49885C6F-76AA-4F92-90D9-3407F1928093-scaled.jpeg 2560w, https:\/\/luocine.fr\/wp-content\/uploads\/2022\/03\/49885C6F-76AA-4F92-90D9-3407F1928093-300x225.jpeg 300w, https:\/\/luocine.fr\/wp-content\/uploads\/2022\/03\/49885C6F-76AA-4F92-90D9-3407F1928093-1024x768.jpeg 1024w, https:\/\/luocine.fr\/wp-content\/uploads\/2022\/03\/49885C6F-76AA-4F92-90D9-3407F1928093-768x576.jpeg 768w, https:\/\/luocine.fr\/wp-content\/uploads\/2022\/03\/49885C6F-76AA-4F92-90D9-3407F1928093-1536x1152.jpeg 1536w, https:\/\/luocine.fr\/wp-content\/uploads\/2022\/03\/49885C6F-76AA-4F92-90D9-3407F1928093-2048x1536.jpeg 2048w\" sizes=\"auto, (max-width: 2560px) 100vw, 2560px\" \/><\/a><\/p>\n<p><em><br \/>\n\u00c9dition l&rsquo;aube, traduit du norv\u00e9gien par Dominique Kristensen<\/em><\/p>\n<p><a href=\"https:\/\/luocine.fr\/wp-content\/uploads\/2014\/10\/massecritique.jpg\"><img loading=\"lazy\" decoding=\"async\" class=\"size-full wp-image-1567\" src=\"https:\/\/luocine.fr\/wp-content\/uploads\/2014\/10\/massecritique.jpg\" alt=\"\" width=\"210\" height=\"66\" \/><\/a><\/p>\n<p><a href=\"https:\/\/luocine.fr\/wp-content\/uploads\/2014\/10\/2.jpg\"><img loading=\"lazy\" decoding=\"async\" class=\"size-full wp-image-723 alignleft\" src=\"https:\/\/luocine.fr\/wp-content\/uploads\/2014\/10\/2.jpg\" alt=\"\" width=\"200\" height=\"58\" \/><\/a>J&rsquo;avais \u00e9t\u00e9 tr\u00e8s attir\u00e9e par ce que m&rsquo;avait annonc\u00e9 Babelio&#160;: une plong\u00e9e dans une famille norv\u00e9gienne. L&rsquo;annonce est tenue et je croyais alors retrouver les m\u00eames sensations d&rsquo;exotisme que dans les s\u00e9ries qui viennent des pays du nord, que ce soit \u00ab&#160;Rita&#160;\u00bb qui m&rsquo;a fait d\u00e9couvrir l&rsquo;enseignement au Danemark ou \u00ab&#160;notre grande famille&#160;\u00bb qui d\u00e9crit les familles recompos\u00e9es en Su\u00e8de.<\/p>\n<p>Quelle d\u00e9ception, certes nous sommes bien chez les Norv\u00e9giens et regardez bien la photo de la couverture du livre, le contenu est aussi vivant que la photo&#160;!<\/p>\n<p>D&rsquo;abord ne vous attendez pas \u00e0 une seule note d&rsquo;humour, il y en a aucune. Ne croyez pas non plus que l&rsquo;on vous \u00e9pargnera la moindre \u00e9volution dans la psychologie des trois personnages principaux, vous boirez le calice jusqu&rsquo;\u00e0 la lie.<br \/>\nJe raconte rapidement le d\u00e9but &#8211; enfin le d\u00e9but si on veut car cela n&rsquo;est dit qu&rsquo;\u00e0 la page 100- le p\u00e8re et la m\u00e8re de trois enfants adultes vont divorcer. Bizarrement, ils l&rsquo;annoncent \u00e0 l&rsquo;anniversaire des 70 ans du p\u00e8re alors que celui ci a invit\u00e9 tout le monde en Italie. Les trois enfants sont compl\u00e8tement perturb\u00e9s et nous voil\u00e0 partis sur 300 autres pages \u00e0 partager les difficult\u00e9 de Liv la fille ain\u00e9e, d&rsquo;Ellen la cadette et de Hakon le plus jeune. Rien ne vous sera \u00e9pargn\u00e9 , ni les jalousies de l&rsquo;enfance, ni les difficult\u00e9s de couples des uns et des autres, ni la difficult\u00e9 de faire l&rsquo;amour quand cette fonction ne sert qu&rsquo;\u00e0 avoir un enfant qui ne vient pas.<\/p>\n<p>\u00c0 aucun moment un des trois enfants ne cherchent \u00e0 comprendre les parents, ils sont surtout extr\u00eamement en col\u00e8re, furieux que leur mod\u00e8le parental s&rsquo;\u00e9croule. Ah oui, j&rsquo;oubliais de vous le dire, en plus d&rsquo;\u00eatre terriblement ennuyeux, ils sont totalement inint\u00e9ressants. J&rsquo;avais envie de mettre des claques \u00e0 tout ce petit monde qui vit sans soucis d&rsquo;argent ni de travail, ils occupent visiblement des postes tr\u00e8s int\u00e9ressants et quand ils en en ont assez du climat et des autres Norv\u00e9giens qui sont peut \u00eatre tous \u00e0 leur image, ils vont passer une petite semaine \u00e0 Rome&#160;!<\/p>\n<p>Bref un livre terriblement ennuyeux et j&rsquo;esp\u00e8re que la Norv\u00e8ge vaut mieux que \u00e7a<\/p>\n<p>Je n&rsquo;ai not\u00e9 qu&rsquo;un passage (c&rsquo;est toujours mauvais signe)<\/p>\n<h1>Citation<\/h1>\n<p>&nbsp;<\/p>\n<h3>l&rsquo;\u00e9cologie en Norv\u00e8ge.<\/h3>\n<blockquote><p><em>Mon faible engagement pour l&rsquo;environnement est d\u00e9solant, je trie mes d\u00e9chets par devoir, mais je ne crois absolument pas que le fait qu&rsquo;une minorit\u00e9 de m\u00e9nages norv\u00e9giens de la classe moyenne trie consciencieusement la nourriture et le plastique dans les sacs verts et bleus -ou l&rsquo;inverse- soit d\u2019une utilit\u00e9 quelconque surtout depuis mon voyage en Asie pour un reportage au cours duquel j&rsquo;ai parcouru les rues de Katmandou ou de New Delhi en pataugeant dans les ordures. Je ne le dis jamais ouvertement, et je participe bien s\u00fbr au tri s\u00e9lectif -c&rsquo;est acquis une fois pour toutes, les petits ruisseaux font les grandes rivi\u00e8res.<\/em><\/p><\/blockquote>\n<p>&nbsp;<\/p>\n","protected":false},"excerpt":{"rendered":"<p>&nbsp; \u00c9dition l&rsquo;aube, traduit du norv\u00e9gien par Dominique Kristensen J&rsquo;avais \u00e9t\u00e9 tr\u00e8s attir\u00e9e par ce que m&rsquo;avait annonc\u00e9 Babelio&#160;: une plong\u00e9e dans une famille norv\u00e9gienne. L&rsquo;annonce est tenue et je croyais alors retrouver les m\u00eames sensations d&rsquo;exotisme que dans les s\u00e9ries qui viennent des pays du nord, que ce soit \u00ab&#160;Rita&#160;\u00bb qui m&rsquo;a fait d\u00e9couvrir <span class=\"ellipsis\">&hellip;<\/span> <span class=\"more-link-wrap\"><a href=\"https:\/\/luocine.fr\/?p=14792\" class=\"more-link\"><span>Read More &rarr;<\/span><\/a><\/span><\/p>\n","protected":false},"author":822092,"featured_media":0,"comment_status":"open","ping_status":"open","sticky":false,"template":"","format":"standard","meta":{"footnotes":""},"categories":[43,133,76,198,171,49],"tags":[],"class_list":["post-14792","post","type-post","status-publish","format-standard","hentry","category-2-coquillages","category-amour-et-couple","category-norvege","category-rapport-familaux","category-rapports-parents-enfants","category-roman"],"_links":{"self":[{"href":"https:\/\/luocine.fr\/index.php?rest_route=\/wp\/v2\/posts\/14792","targetHints":{"allow":["GET"]}}],"collection":[{"href":"https:\/\/luocine.fr\/index.php?rest_route=\/wp\/v2\/posts"}],"about":[{"href":"https:\/\/luocine.fr\/index.php?rest_route=\/wp\/v2\/types\/post"}],"author":[{"embeddable":true,"href":"https:\/\/luocine.fr\/index.php?rest_route=\/wp\/v2\/users\/822092"}],"replies":[{"embeddable":true,"href":"https:\/\/luocine.fr\/index.php?rest_route=%2Fwp%2Fv2%2Fcomments&post=14792"}],"version-history":[{"count":8,"href":"https:\/\/luocine.fr\/index.php?rest_route=\/wp\/v2\/posts\/14792\/revisions"}],"predecessor-version":[{"id":14812,"href":"https:\/\/luocine.fr\/index.php?rest_route=\/wp\/v2\/posts\/14792\/revisions\/14812"}],"wp:attachment":[{"href":"https:\/\/luocine.fr\/index.php?rest_route=%2Fwp%2Fv2%2Fmedia&parent=14792"}],"wp:term":[{"taxonomy":"category","embeddable":true,"href":"https:\/\/luocine.fr\/index.php?rest_route=%2Fwp%2Fv2%2Fcategories&post=14792"},{"taxonomy":"post_tag","embeddable":true,"href":"https:\/\/luocine.fr\/index.php?rest_route=%2Fwp%2Fv2%2Ftags&post=14792"}],"curies":[{"name":"wp","href":"https:\/\/api.w.org\/{rel}","templated":true}]}}